{"id":691657,"date":"2026-01-27T01:55:12","date_gmt":"2026-01-27T01:55:12","guid":{"rendered":"https:\/\/www.europesays.com\/fr\/691657\/"},"modified":"2026-01-27T01:55:12","modified_gmt":"2026-01-27T01:55:12","slug":"salman-rushdie-pousse-un-cri-contre-la-violence-politique-aux-etats-unis","status":"publish","type":"post","link":"https:\/\/www.europesays.com\/fr\/691657\/","title":{"rendered":"Salman Rushdie pousse un cri contre la violence politique aux Etats-Unis"},"content":{"rendered":"<p>Alors que les Etats-Unis se fracturent apr\u00e8s <a href=\"https:\/\/www.20minutes.fr\/monde\/etats-unis\/4197911-20260126-etats-unis-apres-mort-deux-americains-tues-ice-trump-accuse-democrates\" target=\"_blank\" class=\"c-link c-link--is-underlined\" rel=\"noopener\">la mort de deux Am\u00e9ricains tu\u00e9s par des agents f\u00e9d\u00e9raux de l\u2019immigration \u00e0 Minneapolis<\/a>, Salman Rushdie est inquiet. Et il a tenu dimanche \u00e0 tirer la sonnette d\u2019alarme alors qu\u2019il a lui-m\u00eame r\u00e9chapp\u00e9 d\u2019une violente attaque au couteau il y a trois ans.<\/p>\n<p>Interrog\u00e9 par l\u2019AFP lors du festival du film de Sundance, dans l\u2019Utah, l\u2019\u00e9crivain am\u00e9ricano-britannique de 78 ans a ainsi estim\u00e9 que \u00ab\u00a0l\u2019id\u00e9e du danger et de la violence \u00e9tait d\u00e9sormais proche de tout le monde dans ce pays\u00a0\u00bb. \u00ab\u00a0Je pense que tout le monde est en danger maintenant\u00a0\u00bb, a-t-il alert\u00e9.<\/p>\n<\/p>\n<p>L\u2019\u00e9crivain participait \u00e0 l\u2019avant-premi\u00e8re de Knife\u00a0: The Attempted Murder of Salman Rushdie, un documentaire adapt\u00e9 du Couteau, son r\u00e9cit de l\u2019attaque qui a failli le tuer en ao\u00fbt\u00a02022 en pleine conf\u00e9rence litt\u00e9raire et lui a fait perdre l\u2019usage d\u2019un \u0153il. Son agresseur reprochait \u00e0 l\u2019auteur des Versets sataniques, qui avait valu \u00e0 Salman Rushdie une condamnation \u00e0 mort par l\u2019<a href=\"https:\/\/www.20minutes.fr\/monde\/iran\/\" target=\"_blank\" class=\"c-link c-link--is-underlined\" rel=\"noopener\">Iran<\/a> en\u00a01989, d\u2019avoir \u00ab\u00a0attaqu\u00e9 l\u2019islam\u00a0\u00bb. Il a \u00e9t\u00e9 condamn\u00e9 l\u2019ann\u00e9e derni\u00e8re <a href=\"https:\/\/www.20minutes.fr\/justice\/4153972-20250516-etats-unis-homme-tente-tuer-salman-rushdie-condamne-25-ans-prison\" target=\"_blank\" class=\"c-link c-link--is-underlined\" rel=\"noopener\">\u00e0 25 ans de r\u00e9clusion aux Etats-Unis<\/a>.<\/p>\n<p>Trump implicitement vis\u00e9<\/p>\n<p>Pour Salman Rushdie, l\u2019attaque dont il a \u00e9t\u00e9 victime rel\u00e8ve de \u00ab\u00a0quelque chose de plus large\u00a0\u00bb. D\u00e9non\u00e7ant \u00ab\u00a0une violence d\u00e9cha\u00een\u00e9e par des individus sans scrupule qui utilisent des personnes ignorantes pour s\u2019attaquer \u00e0 [\u2026] la culture\u00a0\u00bb, il a estim\u00e9 que \u00ab\u00a0pour ceux qui exercent un pouvoir autoritaire, la culture est l\u2019ennemie\u00a0\u00bb. \u00ab\u00a0Qu\u2019il s\u2019agisse du journalisme, des universit\u00e9s, de la musique ou de l\u2019\u00e9criture, les incultes, les ignorants et les radicaux n\u2019aiment pas \u00e7a, et ils prennent des mesures contre, ce que nous voyons tous les jours\u00a0\u00bb.<\/p>\n<p>Donald Trump a lanc\u00e9 une offensive contre les grandes universit\u00e9s am\u00e9ricaines, consid\u00e9r\u00e9es comme trop \u00e0 gauche. Il s\u2019en prend \u00e9galement r\u00e9guli\u00e8rement aux m\u00e9dias traditionnels, dont il d\u00e9nonce les \u00ab\u00a0mensonges\u00a0\u00bb.<\/p>\n<p><a href=\"https:\/\/www.20minutes.fr\/monde\/etats-unis\/\" target=\"_blank\" class=\"c-link c-btn c-btn--primary\" rel=\"noopener\">Notre dossier sur les Etats-Unis<\/a><\/p>\n<p>Salman Rushdie a en outre pr\u00e9cis\u00e9 que Knife n\u2019avait pas \u00e9t\u00e9 con\u00e7u comme un commentaire de l\u2019actualit\u00e9. Mais \u00ab\u00a0je commence \u00e0 penser que le film arrive peut-\u00eatre \u00e0 un moment particuli\u00e8rement opportun, que nous ressentons peut-\u00eatre tous aujourd\u2019hui : le risque de la violence\u00a0\u00bb, a-t-il conclu.<\/p>\n","protected":false},"excerpt":{"rendered":"Alors que les Etats-Unis se fracturent apr\u00e8s la mort de deux Am\u00e9ricains tu\u00e9s par des agents f\u00e9d\u00e9raux de&hellip;\n","protected":false},"author":2,"featured_media":691658,"comment_status":"","ping_status":"","sticky":false,"template":"","format":"standard","meta":{"footnotes":""},"categories":[1589],"tags":[47,11,75,73,1866,4994,74,12,22182,1864,1865,1863,308,133,809,7374],"class_list":{"0":"post-691657","1":"post","2":"type-post","3":"status-publish","4":"format-standard","5":"has-post-thumbnail","7":"category-etats-unis","8":"tag-actualite","9":"tag-actualites","10":"tag-donald-trump","11":"tag-etats-unis","12":"tag-etats-unis-damerique","13":"tag-ice","14":"tag-monde","15":"tag-news","16":"tag-salman-rushdie","17":"tag-united-states","18":"tag-united-states-of-america","19":"tag-us","20":"tag-usa","21":"tag-video","22":"tag-violence","23":"tag-violences-policieres"},"share_on_mastodon":{"url":"https:\/\/pubeurope.com\/@fr\/115964577315969518","error":""},"_links":{"self":[{"href":"https:\/\/www.europesays.com\/fr\/wp-json\/wp\/v2\/posts\/691657","targetHints":{"allow":["GET"]}}],"collection":[{"href":"https:\/\/www.europesays.com\/fr\/wp-json\/wp\/v2\/posts"}],"about":[{"href":"https:\/\/www.europesays.com\/fr\/wp-json\/wp\/v2\/types\/post"}],"author":[{"embeddable":true,"href":"https:\/\/www.europesays.com\/fr\/wp-json\/wp\/v2\/users\/2"}],"replies":[{"embeddable":true,"href":"https:\/\/www.europesays.com\/fr\/wp-json\/wp\/v2\/comments?post=691657"}],"version-history":[{"count":0,"href":"https:\/\/www.europesays.com\/fr\/wp-json\/wp\/v2\/posts\/691657\/revisions"}],"wp:featuredmedia":[{"embeddable":true,"href":"https:\/\/www.europesays.com\/fr\/wp-json\/wp\/v2\/media\/691658"}],"wp:attachment":[{"href":"https:\/\/www.europesays.com\/fr\/wp-json\/wp\/v2\/media?parent=691657"}],"wp:term":[{"taxonomy":"category","embeddable":true,"href":"https:\/\/www.europesays.com\/fr\/wp-json\/wp\/v2\/categories?post=691657"},{"taxonomy":"post_tag","embeddable":true,"href":"https:\/\/www.europesays.com\/fr\/wp-json\/wp\/v2\/tags?post=691657"}],"curies":[{"name":"wp","href":"https:\/\/api.w.org\/{rel}","templated":true}]}}