{"id":691720,"date":"2026-01-27T02:40:16","date_gmt":"2026-01-27T02:40:16","guid":{"rendered":"https:\/\/www.europesays.com\/fr\/691720\/"},"modified":"2026-01-27T02:40:16","modified_gmt":"2026-01-27T02:40:16","slug":"strasbourg-manifestation-des-agriculteurs-la-ville-porte-plainte-apres-labattage-darbres","status":"publish","type":"post","link":"https:\/\/www.europesays.com\/fr\/691720\/","title":{"rendered":"Strasbourg. Manifestation des agriculteurs\u00a0:\u00a0la Ville porte plainte apr\u00e8s l&rsquo;abattage d&rsquo;arbres"},"content":{"rendered":"<p class=\"wp-block-post-excerpt__excerpt\">La Ville de Strasbourg a annonc\u00e9 lundi 26 janvier avoir d\u00e9pos\u00e9 plainte \u00e0 la suite des d\u00e9gradations survenues en marge de la manifestation des agriculteurs contre l\u2019accord avec le Mercosur. <\/p>\n<p class=\"font-sans\">\n\t\t\tCet article est en acc\u00e8s libre. Pour soutenir Rue89 Strasbourg,<br \/>\n\t\t\t<a class=\"underline\" href=\"https:\/\/www.rue89strasbourg.com\/abonnement\" target=\"_blank\" rel=\"noopener\">abonnez-vous<\/a>.\n\t\t<\/p>\n<p>Margaux Delanys<\/p>\n<p>Publi\u00e9 le 26 janvier 2026\u00a0\u00a0\u00b7\u00a0\u00a0<\/p>\n<p>Imprim\u00e9 le 27 janvier 2026 \u00e0 02h43\u00a0\u00a0\u00b7\u00a0\u00a0<\/p>\n<p>Modifi\u00e9 le 26 janvier 2026\u00a0\u00a0\u00b7\u00a0\u00a0<\/p>\n<p>\t\t\t\t\t1\u00a0minute\n<\/p>\n<p>Le long du parcours de la manifestation des agriculteurs pr\u00e8s du Parlement europ\u00e9en les mardi 20 et mercredi 21 janvier, huit arbres ont \u00e9t\u00e9 tron\u00e7onn\u00e9s. La Ville de Strasbourg d\u00e9plore \u00ab\u00a0la d\u00e9gradation des biens communs\u00a0\u00bb et annonce, lundi 26 janvier, avoir d\u00e9pos\u00e9 plainte. Dans un communiqu\u00e9, la collectivit\u00e9 \u00e9voque \u00ab\u00a0des frais de remise en \u00e9tat cons\u00e9quents\u00a0\u00bb et indique qu\u2019elle demandera des r\u00e9parations, selon un <a href=\"https:\/\/www.baremedelarbre.fr\/\" target=\"_blank\" rel=\"noreferrer noopener\">bar\u00e8me<\/a> adopt\u00e9 <a href=\"https:\/\/www.strasbourg.eu\/-\/deux-nouveaux-outils-pour-proteger-les-arbres\" target=\"_blank\" rel=\"noreferrer noopener\">en conseil municipa<\/a>l en 2024.<\/p>\n<p>Mardi 20 janvier, <a href=\"https:\/\/www.rue89strasbourg.com\/strasbourg-milliers-agriculteurs-flou-mercosur-377848\" target=\"_blank\" rel=\"noreferrer noopener\">pr\u00e8s de 5 000 agriculteurs \u00e9taient rassembl\u00e9s devant le Parlement europ\u00e9en<\/a> de Strasbourg pour d\u00e9noncer la signature du trait\u00e9 de libre-\u00e9change avec les pays du Mercosur. Jeanne Barseghian les avait rejoints pour leur apporter son soutien et rappeler \u00ab\u00a0l\u2019importance de politiques publiques fortes en faveur de la production locale, nourrici\u00e8re et de qualit\u00e9\u00a0\u00bb.<\/p>\n","protected":false},"excerpt":{"rendered":"La Ville de Strasbourg a annonc\u00e9 lundi 26 janvier avoir d\u00e9pos\u00e9 plainte \u00e0 la suite des d\u00e9gradations survenues&hellip;\n","protected":false},"author":2,"featured_media":691721,"comment_status":"","ping_status":"","sticky":false,"template":"","format":"standard","meta":{"footnotes":""},"categories":[2820],"tags":[1111,11,436,1777,674,1011,27,775,2088,12,25,640,3911],"class_list":{"0":"post-691720","1":"post","2":"type-post","3":"status-publish","4":"format-standard","5":"has-post-thumbnail","7":"category-strasbourg","8":"tag-actu","9":"tag-actualites","10":"tag-environnement","11":"tag-eu","12":"tag-europe","13":"tag-fr","14":"tag-france","15":"tag-grand-est","16":"tag-manifestation","17":"tag-news","18":"tag-republique-francaise","19":"tag-strasbourg","20":"tag-ville-de-strasbourg"},"share_on_mastodon":{"url":"https:\/\/pubeurope.com\/@fr\/115964754276858506","error":""},"_links":{"self":[{"href":"https:\/\/www.europesays.com\/fr\/wp-json\/wp\/v2\/posts\/691720","targetHints":{"allow":["GET"]}}],"collection":[{"href":"https:\/\/www.europesays.com\/fr\/wp-json\/wp\/v2\/posts"}],"about":[{"href":"https:\/\/www.europesays.com\/fr\/wp-json\/wp\/v2\/types\/post"}],"author":[{"embeddable":true,"href":"https:\/\/www.europesays.com\/fr\/wp-json\/wp\/v2\/users\/2"}],"replies":[{"embeddable":true,"href":"https:\/\/www.europesays.com\/fr\/wp-json\/wp\/v2\/comments?post=691720"}],"version-history":[{"count":0,"href":"https:\/\/www.europesays.com\/fr\/wp-json\/wp\/v2\/posts\/691720\/revisions"}],"wp:featuredmedia":[{"embeddable":true,"href":"https:\/\/www.europesays.com\/fr\/wp-json\/wp\/v2\/media\/691721"}],"wp:attachment":[{"href":"https:\/\/www.europesays.com\/fr\/wp-json\/wp\/v2\/media?parent=691720"}],"wp:term":[{"taxonomy":"category","embeddable":true,"href":"https:\/\/www.europesays.com\/fr\/wp-json\/wp\/v2\/categories?post=691720"},{"taxonomy":"post_tag","embeddable":true,"href":"https:\/\/www.europesays.com\/fr\/wp-json\/wp\/v2\/tags?post=691720"}],"curies":[{"name":"wp","href":"https:\/\/api.w.org\/{rel}","templated":true}]}}