{"id":691740,"date":"2026-01-27T02:52:11","date_gmt":"2026-01-27T02:52:11","guid":{"rendered":"https:\/\/www.europesays.com\/fr\/691740\/"},"modified":"2026-01-27T02:52:11","modified_gmt":"2026-01-27T02:52:11","slug":"deux-jeunes-marseillais-condamnes-a-5-et-7-ans-de-prison","status":"publish","type":"post","link":"https:\/\/www.europesays.com\/fr\/691740\/","title":{"rendered":"deux jeunes Marseillais condamn\u00e9s \u00e0 5 et 7 ans de prison"},"content":{"rendered":"<p>Le 1er\u00a0janvier\u00a02026, <a href=\"https:\/\/www.laprovence.com\/article\/faits-divers-justice\/12078288023732\/deux-jeunes-de-15-et-17-ans-blesses-a-larme-blanche-dans-une-rixe-a-orange\" target=\"_blank\" rel=\"noopener\">un adolescent de 15\u00a0ans a \u00e9t\u00e9 gri\u00e8vement bless\u00e9<\/a> par un coup de couteau dans le dos, avenue des \u00c9tudiants, \u00e0 <a href=\"https:\/\/www.laprovence.com\/vaucluse\/orange-84087\" target=\"_blank\" rel=\"noopener\">Orange<\/a>. Touch\u00e9 au rein et \u00e0 une art\u00e8re, il avait \u00e9t\u00e9 transport\u00e9 en urgence \u00e0 l\u2019h\u00f4pital de la Timone \u00e0 Marseille.<\/p>\n<p>Une action pr\u00e9m\u00e9dit\u00e9e<\/p>\n<p>Gr\u00e2ce \u00e0 un travail rapide et approfondi des policiers du commissariat d\u2019<a href=\"https:\/\/www.laprovence.com\/vaucluse\/orange-84087\" target=\"_blank\" rel=\"noopener\">Orange<\/a> (auditions, vid\u00e9osurveillance, recoupements), les faits ont pu \u00eatre clairement \u00e9tablis.<\/p>\n<p>L\u2019enqu\u00eate a mis en \u00e9vidence une action pr\u00e9m\u00e9dit\u00e9e, assimil\u00e9e \u00e0 une v\u00e9ritable op\u00e9ration punitive, men\u00e9e par deux individus venus de Marseille, en lien avec un diff\u00e9rend survenu la veille\u00a0: le vol d\u2019une motocross, impliquant les deux Marseillais en question.<\/p>\n<p>Identifi\u00e9s gr\u00e2ce aux images de vid\u00e9oprotection, les suspects \u00e2g\u00e9s de 21 et 25\u00a0ans ont \u00e9t\u00e9 interpell\u00e9s le 15\u00a0janvier\u00a02026, \u00e0 Marseille, pour \u00eatre jug\u00e9 quelques jours apr\u00e8s, en comparution imm\u00e9diate, devant le tribunal de Carpentras.<\/p>\n<p>D\u00e9lib\u00e9r\u00e9\u00a0: le plus \u00e2g\u00e9 a \u00e9cop\u00e9 de 7\u00a0ans de prison ferme, son complice a re\u00e7u une peine de 5\u00a0ans de prison ferme.<\/p>\n","protected":false},"excerpt":{"rendered":"Le 1er\u00a0janvier\u00a02026, un adolescent de 15\u00a0ans a \u00e9t\u00e9 gri\u00e8vement bless\u00e9 par un coup de couteau dans le dos,&hellip;\n","protected":false},"author":2,"featured_media":691741,"comment_status":"","ping_status":"","sticky":false,"template":"","format":"standard","meta":{"footnotes":""},"categories":[2814],"tags":[5734,1111,11,1120,5264,4070,1777,674,1011,27,4074,4432,78794,884,12,738,882,25,104],"class_list":{"0":"post-691740","1":"post","2":"type-post","3":"status-publish","4":"format-standard","5":"has-post-thumbnail","7":"category-marseille","8":"tag-5734","9":"tag-actu","10":"tag-actualites","11":"tag-agression","12":"tag-couteau","13":"tag-deux","14":"tag-eu","15":"tag-europe","16":"tag-fr","17":"tag-france","18":"tag-jeunes","19":"tag-jour","20":"tag-lan","21":"tag-marseille","22":"tag-news","23":"tag-orange","24":"tag-provence-alpes-cote-dazur","25":"tag-republique-francaise","26":"tag-societe"},"share_on_mastodon":{"url":"https:\/\/pubeurope.com\/@fr\/115964801382945625","error":""},"_links":{"self":[{"href":"https:\/\/www.europesays.com\/fr\/wp-json\/wp\/v2\/posts\/691740","targetHints":{"allow":["GET"]}}],"collection":[{"href":"https:\/\/www.europesays.com\/fr\/wp-json\/wp\/v2\/posts"}],"about":[{"href":"https:\/\/www.europesays.com\/fr\/wp-json\/wp\/v2\/types\/post"}],"author":[{"embeddable":true,"href":"https:\/\/www.europesays.com\/fr\/wp-json\/wp\/v2\/users\/2"}],"replies":[{"embeddable":true,"href":"https:\/\/www.europesays.com\/fr\/wp-json\/wp\/v2\/comments?post=691740"}],"version-history":[{"count":0,"href":"https:\/\/www.europesays.com\/fr\/wp-json\/wp\/v2\/posts\/691740\/revisions"}],"wp:featuredmedia":[{"embeddable":true,"href":"https:\/\/www.europesays.com\/fr\/wp-json\/wp\/v2\/media\/691741"}],"wp:attachment":[{"href":"https:\/\/www.europesays.com\/fr\/wp-json\/wp\/v2\/media?parent=691740"}],"wp:term":[{"taxonomy":"category","embeddable":true,"href":"https:\/\/www.europesays.com\/fr\/wp-json\/wp\/v2\/categories?post=691740"},{"taxonomy":"post_tag","embeddable":true,"href":"https:\/\/www.europesays.com\/fr\/wp-json\/wp\/v2\/tags?post=691740"}],"curies":[{"name":"wp","href":"https:\/\/api.w.org\/{rel}","templated":true}]}}