{"id":691759,"date":"2026-01-27T03:03:41","date_gmt":"2026-01-27T03:03:41","guid":{"rendered":"https:\/\/www.europesays.com\/fr\/691759\/"},"modified":"2026-01-27T03:03:41","modified_gmt":"2026-01-27T03:03:41","slug":"guerre-en-ukraine-tout-juste-forme-une-semaine-il-est-envoye-sur-le-front-un-mercenaire-philippin-servant-dans-larmee-russe-est-abandonne-par-son-unite-apres-un-assaut","status":"publish","type":"post","link":"https:\/\/www.europesays.com\/fr\/691759\/","title":{"rendered":"Guerre en Ukraine\u00a0: tout juste form\u00e9 une semaine, il est envoy\u00e9 sur le front\u2026 Un mercenaire philippin servant dans l\u2019arm\u00e9e russe est abandonn\u00e9 par son unit\u00e9 apr\u00e8s un assaut"},"content":{"rendered":"<p>\n                                                                Dans le conflit qui oppose la Russie \u00e0 l\u2019Ukraine depuis f\u00e9vrier\u00a02022, Moscou a fait appel \u00e0 de nombreux combattants \u00e9trangers pour renforcer les rangs de son arm\u00e9e.\n                            <\/p>\n<p>Dans un communiqu\u00e9 repris la presse ukrainienne ce lundi 26\u00a0janvier, le service de renseignements ukrainien a annonc\u00e9 la mort d\u2019un mercenaire philippin sur le front. D\u2019apr\u00e8s les premiers \u00e9l\u00e9ments, ce dernier \u00e9tait venu garnir les rangs de l\u2019arm\u00e9e russe et serait d\u00e9c\u00e9d\u00e9\u00a0pr\u00e8s du village de Novoselivka, dans le district de Kramatorsk (oblast de Donetsk, Ukraine).<\/p>\n<p>Selon le <a href=\"https:\/\/www.kyivpost.com\/post\/68804\" target=\"_self\" rel=\"noopener\">Kyiv Post<\/a>, l\u2019identit\u00e9 de la victime serait\u00a0John Patrick. Ce dernier \u00e9voluait dans la 144e division de fusiliers motoris\u00e9s de la 20e arm\u00e9e interarmes russe.<\/p>\n<blockquote data-class=\"twitter-tweet\">\n<p lang=\"zh\" dir=\"ltr\">26\/1\/26. \u9996\u4f4d\u83f2\u5f8b\u8cd3\u7c4d\u4fc4\u570b\u50f1\u50ad\u5175\u6230\u6b7b\u5728\u9813\u6d85\u6b21\u514b\u5730\u5340\u524d\u7dda\uff0c\u300c\u7d04\u7ff0\u00b7\u6d3e\u7fe0\u514b\u300d(John Patrick)\u7684\u907a\u9ad4\u88ab\u70cf\u514b\u862d\u7279\u6230\u90e8\u968a\u6210\u54e1\u767c\u73fe<\/p>\n<p>\u7d04\u7ff0\u670d\u5f79\u65bc\u4fc4\u8ecd\u7b2c20\u96c6\u5718\u8ecd\u7b2c144\u6a5f\u68b0\u5316\u6b65\u5175\u5e2b\u7b2c283\u5718\u7b2c3\u71df\u7b2c9\u7a81\u64ca\u9023\uff0c\u4ed6\u548c\u5176\u4ed6\u8a31\u591a\u5916\u570b\u50f1\u50ad\u5175\u4e00\u6a23\uff0c\u4ed6\u5728\u9813\u6d85\u8328\u514b\u5730\u5340-\u514b\u62c9\u99ac\u6258\u723e\u65af\u514b\u5340\u7684\u65b0\u8b1d\u5229\u592b\u5361\u6751\u9644\u8fd1\u4e00\u6b21\u300c\u8089\u640f\u6230\u300d\u4e2d\u9663\u4ea1 <a href=\"https:\/\/t.co\/5QvaOQyk0L\">pic.twitter.com\/5QvaOQyk0L<\/a><\/p>\n<p>\u2014 \u65b0\u2027\u4e8c\u4e03\u90e8\u968a \u8ecd\u4e8b\u96dc\u8ac7 (New 27 Brigade)\\ud83c\\uddf9\\ud83c\\uddfc\\ud83c\\uddfa\\ud83c\\udde6\\ud83c\\uddee\\ud83c\\uddf1 (@new27brigade) <a href=\"https:\/\/twitter.com\/new27brigade\/status\/2015766774747472029?ref_src=twsrc%5Etfw\" target=\"_blank\" rel=\"noopener\">January 26, 2026<\/a><\/p><\/blockquote>\n<p>Mais voil\u00e0, comme de nombreux \u00e9trangers venus participer au conflit qui oppose les deux nations, la Russie aurait \u00e0 nouveau utilis\u00e9 cette main-d\u2019\u0153uvre venue de l\u2019\u00e9tranger pour participer \u00e0 un \u00ab\u00a0assaut frontal\u00a0\u00bb vers les lignes ukrainiennes. Des op\u00e9rations meurtri\u00e8res pour Moscou qui entra\u00eenent\u00a0d\u2019importantes pertes dans ses rangs.<\/p>\n<p>C\u2019est donc \u00e0 cette occasion que ce Philippin aurait \u00e9t\u00e9 bless\u00e9, avant d\u2019\u00eatre abandonn\u00e9 par son unit\u00e9 sur le front. Il est finalement d\u00e9c\u00e9d\u00e9.<\/p>\n<p>Sur lui, les militaires ukrainiens auraient retrouv\u00e9\u00a0son arme, des munitions, mais aussi un bout de papier avec un num\u00e9ro d\u2019unit\u00e9, un num\u00e9ro de t\u00e9l\u00e9phone et le nom de son commandant.<\/p>\n<p>Nos confr\u00e8res pr\u00e9cisent que le d\u00e9funt aurait suivi une formation de tout juste une semaine, avant d\u2019\u00eatre envoy\u00e9 en Ukraine.<\/p>\n<p>Difficult\u00e9s financi\u00e8res, probl\u00e8mes de visa\u2026<\/p>\n<p>Mais pourquoi rejoignent-ils l\u2019arm\u00e9e russe\u00a0? Dans une enqu\u00eate r\u00e9alis\u00e9e par le KyivPost, des ressortissants \u00e9trangers ont donn\u00e9 les principales raisons\u00a0qui les poussent \u00e0 agir ainsi.<\/p>\n<p>Parmi elles, on retrouve les difficult\u00e9s financi\u00e8res, mais aussi les probl\u00e8mes de visa. Dans ce genre de cas, les autorit\u00e9s russes iraient\u00a0jusqu\u2019\u00e0 les menacer de poursuites judiciaires s\u2019ils ne signent pas un contrat avec le minist\u00e8re de la D\u00e9fense.<\/p>\n<p>                                                                                                                                                                                                        <script async src=\"https:\/\/platform.twitter.com\/widgets.js\" charset=\"utf-8\"><\/script><\/p>\n","protected":false},"excerpt":{"rendered":"Dans le conflit qui oppose la Russie \u00e0 l\u2019Ukraine depuis f\u00e9vrier\u00a02022, Moscou a fait appel \u00e0 de nombreux&hellip;\n","protected":false},"author":2,"featured_media":691760,"comment_status":"","ping_status":"","sticky":false,"template":"","format":"standard","meta":{"footnotes":""},"categories":[1590],"tags":[1111,11,1777,674,131,14,12,220],"class_list":{"0":"post-691759","1":"post","2":"type-post","3":"status-publish","4":"format-standard","5":"has-post-thumbnail","7":"category-ukraine","8":"tag-actu","9":"tag-actualites","10":"tag-eu","11":"tag-europe","12":"tag-guerre-en-ukraine","13":"tag-international","14":"tag-news","15":"tag-ukraine"},"share_on_mastodon":{"url":"https:\/\/pubeurope.com\/@fr\/115964844603072971","error":""},"_links":{"self":[{"href":"https:\/\/www.europesays.com\/fr\/wp-json\/wp\/v2\/posts\/691759","targetHints":{"allow":["GET"]}}],"collection":[{"href":"https:\/\/www.europesays.com\/fr\/wp-json\/wp\/v2\/posts"}],"about":[{"href":"https:\/\/www.europesays.com\/fr\/wp-json\/wp\/v2\/types\/post"}],"author":[{"embeddable":true,"href":"https:\/\/www.europesays.com\/fr\/wp-json\/wp\/v2\/users\/2"}],"replies":[{"embeddable":true,"href":"https:\/\/www.europesays.com\/fr\/wp-json\/wp\/v2\/comments?post=691759"}],"version-history":[{"count":0,"href":"https:\/\/www.europesays.com\/fr\/wp-json\/wp\/v2\/posts\/691759\/revisions"}],"wp:featuredmedia":[{"embeddable":true,"href":"https:\/\/www.europesays.com\/fr\/wp-json\/wp\/v2\/media\/691760"}],"wp:attachment":[{"href":"https:\/\/www.europesays.com\/fr\/wp-json\/wp\/v2\/media?parent=691759"}],"wp:term":[{"taxonomy":"category","embeddable":true,"href":"https:\/\/www.europesays.com\/fr\/wp-json\/wp\/v2\/categories?post=691759"},{"taxonomy":"post_tag","embeddable":true,"href":"https:\/\/www.europesays.com\/fr\/wp-json\/wp\/v2\/tags?post=691759"}],"curies":[{"name":"wp","href":"https:\/\/api.w.org\/{rel}","templated":true}]}}