{"id":691761,"date":"2026-01-27T03:04:20","date_gmt":"2026-01-27T03:04:20","guid":{"rendered":"https:\/\/www.europesays.com\/fr\/691761\/"},"modified":"2026-01-27T03:04:20","modified_gmt":"2026-01-27T03:04:20","slug":"usa-trump-semble-jouer-lapaisement-apres-la-bavure-de-troupes-federales-au-minnesota-27-01-2026-a-0320","status":"publish","type":"post","link":"https:\/\/www.europesays.com\/fr\/691761\/","title":{"rendered":"USA-Trump semble jouer l&rsquo;apaisement apr\u00e8s la bavure de troupes f\u00e9d\u00e9rales au Minnesota &#8211; 27\/01\/2026 \u00e0 03:20"},"content":{"rendered":"<p>\n Donald<br \/>\nTrump et le gouverneur du Minnesota ont adopt\u00e9 lundi un ton<br \/>\nconciliant \u00e0 l&rsquo;issue d&rsquo;un \u00e9change t\u00e9l\u00e9phonique priv\u00e9, dans une<br \/>\nvolont\u00e9 apparente d&rsquo;apaiser les tensions provoqu\u00e9es par la mort<br \/>\npar balles d&rsquo;un deuxi\u00e8me citoyen am\u00e9ricain en l&rsquo;espace de deux<br \/>\nsemaines, \u00e0 Minneapolis, dans le cadre d&rsquo;op\u00e9rations de la police<br \/>\nf\u00e9d\u00e9rale de l&rsquo;immigration (ICE) ordonn\u00e9es par Trump.\n<\/p>\n<p>\n Autre signal du revirement que semble amorcer le pr\u00e9sident<br \/>\nr\u00e9publicain, un cadre de la police f\u00e9d\u00e9rale de l&rsquo;immigration,<br \/>\nGregory Bovino, consid\u00e9r\u00e9 comme le visage de la brutalit\u00e9<br \/>\nd\u00e9complex\u00e9e de l&rsquo;ICE, va quitter le Minnesota, de m\u00eame que<br \/>\ncertains agents qui y \u00e9taient d\u00e9ploy\u00e9s, a d\u00e9clar\u00e9 un<br \/>\nrepr\u00e9sentant de haut rang de l&rsquo;administration Trump. Bovino est<br \/>\nla cible de vives critiques de la part de d\u00e9mocrates et<br \/>\nd&rsquo;activistes des droits civiques.\n<\/p>\n<p>\n Tom Homan, fait \u00ab\u00a0tsar des fronti\u00e8res\u00a0\u00bb par Donald Trump \u00e0 son<br \/>\nretour au pouvoir il y a un an, va \u00eatre charg\u00e9 de superviser les<br \/>\nop\u00e9rations dans le Minnesota, a dit \u00e9galement ce repr\u00e9sentant.<br \/>\nTrump a annonc\u00e9 plus t\u00f4t dans la journ\u00e9e que Homan allait \u00eatre<br \/>\nd\u00e9p\u00each\u00e9 dans l&rsquo;Etat du Midwest.\n<\/p>\n<p>\n D&rsquo;apr\u00e8s une autre personne au fait de la question, Gregory<br \/>\nBovino a \u00e9t\u00e9 d\u00e9mis de son r\u00f4le de \u00ab\u00a0commandant sp\u00e9cial\u00a0\u00bb des<br \/>\nop\u00e9rations anti-immigration et va retrouver ses fonctions de<br \/>\nchef des patrouilles des douanes dans un poste californien \u00e0 la<br \/>\nfronti\u00e8re avec le Mexique. Il est attendu que Bovino prenne sa<br \/>\nretraite prochainement, a ajout\u00e9 cette source.\n<\/p>\n<p>\n L&rsquo;information de la mise en retrait de Gregory Bovino a \u00e9t\u00e9<br \/>\nrapport\u00e9e en premier lieu par The Atlantic, citant un<br \/>\nrepr\u00e9sentant du d\u00e9partement de la S\u00e9curit\u00e9 int\u00e9rieure (DHS),<br \/>\nauquel sont rattach\u00e9es la police aux fronti\u00e8res et les troupes<br \/>\nanti-immigration.\n<\/p>\n<p>\n Une porte-parole du DHS a toutefois d\u00e9menti cette<br \/>\ninformation. \u00ab\u00a0Le chef Gregory Bovino n&rsquo;a PAS \u00e9t\u00e9 relev\u00e9 de ses<br \/>\nfonctions\u00a0\u00bb, a \u00e9crit Tricia McLaughlin sur le r\u00e9seau social X.\n<\/p>\n<p>\n DISCUSSIONS \u00ab\u00a0PRODUCTIVES\u00a0\u00bb\n<\/p>\n<p>\n Plus t\u00f4t, Donald Trump a dit \u00eatre \u00ab\u00a0sur la m\u00eame longueur<br \/>\nd&rsquo;onde\u00a0\u00bb que le gouverneur d\u00e9mocrate du Minnesota, Tim Walz,<br \/>\nlequel avait fustig\u00e9 les agents de l&rsquo;ICE.\n<\/p>\n<p>\n Les services de Tim Walz ont d\u00e9crit comme \u00ab\u00a0productif\u00a0\u00bb<br \/>\nl&rsquo;entretien t\u00e9l\u00e9phonique entre ce dernier et Donald Trump qui,<br \/>\nselon eux, a promis de r\u00e9duire le nombre d&rsquo;agents de l&rsquo;ICE<br \/>\nd\u00e9ploy\u00e9s dans le Minnesota.\n<\/p>\n<p>\n Ils ont \u00e9galement rapport\u00e9 que le pr\u00e9sident a accept\u00e9 de<br \/>\ndemander au DHS de garantir que les autorit\u00e9s locales puissent<br \/>\nmener leur propre enqu\u00eate sur la mort d&rsquo;Alex Pretti, infirmier<br \/>\nde 37 ans abattu samedi par un agent de l&rsquo;ICE alors qu&rsquo;il \u00e9tait<br \/>\nau sol lors d&rsquo;une confrontation entre l&rsquo;ICE et des manifestants.\n<\/p>\n<p>\n Donald Trump s&rsquo;est entretenu \u00e9galement lundi par t\u00e9l\u00e9phone<br \/>\navec le maire de Minneapolis, Jacob Frey, \u00e9crivant sur son<br \/>\nr\u00e9seau social Truth que \u00ab\u00a0beaucoup de progr\u00e8s\u00a0\u00bb allaient d\u00e9couler<br \/>\nde cette discussion.\n<\/p>\n<p>\n Jacob Frey a d\u00e9clar\u00e9 \u00eatre convenu avec le pr\u00e9sident<br \/>\nam\u00e9ricain que \u00ab\u00a0la situation actuelle ne peut pas continuer\u00a0\u00bb,<br \/>\najoutant que certains agents f\u00e9d\u00e9raux devraient quitter la ville<br \/>\n\u00e0 compter de mardi.\n<\/p>\n<p>\n Jusqu&rsquo;ici, Donald Trump avait apport\u00e9 un soutien total aux<br \/>\ntroupes f\u00e9d\u00e9rales de lutte contre l&rsquo;immigration, qualifiant les<br \/>\ndeux victimes &#8211; Renee Good et Alex Pretti &#8211; de \u00ab\u00a0terroristes<br \/>\nint\u00e9rieurs\u00a0\u00bb en d\u00e9pit de vid\u00e9os accablantes pour les agents de<br \/>\nl&rsquo;ICE.\n<\/p>\n<p>\n CRITIQUES DANS LE CAMP R\u00c9PUBLICAIN\n<\/p>\n<p>\n Tim Walz, ancien candidat \u00e0 la vice-pr\u00e9sidence am\u00e9ricaine au<br \/>\nc\u00f4t\u00e9 de Kamala Harris en 2024, n&rsquo;a eu de cesse de fustiger,<br \/>\ncomme d&rsquo;autres responsables d\u00e9mocrates, la politique<br \/>\nultra-r\u00e9pressive et brutale de Donald Trump en mati\u00e8re<br \/>\nd&rsquo;immigration, accusant les agents de l&rsquo;ICE de semer le chaos et<br \/>\nde mettre en p\u00e9ril la s\u00e9curit\u00e9 publique dans les villes o\u00f9 ils<br \/>\nse d\u00e9ploient massivement.\n<\/p>\n<p>\n Au cours d&rsquo;une audience qui s&rsquo;est tenue lundi, le bureau du<br \/>\nprocureur g\u00e9n\u00e9ral du Minnesota a demand\u00e9 \u00e0 une juge de bloquer<br \/>\nle d\u00e9ploiement de quelque 3.000 agents f\u00e9d\u00e9raux \u00e0 Minneapolis,<br \/>\nmais celle-ci n&rsquo;a pas sembl\u00e9 tr\u00e8s r\u00e9ceptive \u00e0 ses arguments,<br \/>\ndisant juger difficile d&rsquo;\u00e9tablir que la Maison blanche a commis<br \/>\nun \u00ab\u00a0abus de pouvoir\u00a0\u00bb en ayant recours \u00e0 l&rsquo;ICE.\n<\/p>\n<p>\n L&rsquo;un des principaux candidats r\u00e9publicains au poste de<br \/>\ngouverneur, Chris Madel, a en revanche pris dans la journ\u00e9e ses<br \/>\ndistances avec l&rsquo;administration Trump, annon\u00e7ant renoncer \u00e0 sa<br \/>\ncandidature parce que la r\u00e9pression est all\u00e9e trop loin et a<br \/>\nrendu l&rsquo;\u00e9lection ingagnable pour un r\u00e9publicain.\n<\/p>\n<p>\n \u00ab\u00a0Je ne peux pas soutenir les repr\u00e9sailles d\u00e9clar\u00e9es des<br \/>\nr\u00e9publicains nationaux contre les citoyens de notre \u00c9tat, et je<br \/>\nne peux pas non plus me consid\u00e9rer comme membre d&rsquo;un parti qui<br \/>\nle ferait\u00a0\u00bb, a-t-il d\u00e9clar\u00e9.\n<\/p>\n<p>\n Selon un r\u00e9cent sondage Reuters, pr\u00e8s de quatre \u00e9lecteurs<br \/>\nr\u00e9publicains sur dix critiquent d\u00e9sormais la politique muscl\u00e9e<br \/>\nde Donald Trump en mati\u00e8re d&rsquo;immigration.\n<\/p>\n<p>\n \u00c0 Washington, les s\u00e9nateurs d\u00e9mocrates ont annonc\u00e9 qu&rsquo;ils<br \/>\ns&rsquo;opposeraient \u00e0 un projet de loi de financement du minist\u00e8re de<br \/>\nla S\u00e9curit\u00e9 int\u00e9rieure, qui supervise l&rsquo;ICE, ce qui augmente la<br \/>\nprobabilit\u00e9 d&rsquo;un nouveau \u00ab\u00a0shutdown\u00a0\u00bb gouvernemental \u00e0 partir de<br \/>\ndimanche.\n<\/p>\n<p>\n Les \u00e9lus r\u00e9publicains ont approuv\u00e9 l&rsquo;an dernier une<br \/>\naugmentation massive du budget consacr\u00e9 \u00e0 la lutte contre<br \/>\nl&rsquo;immigration, mais certains d&rsquo;entre eux exigent d\u00e9sormais des<br \/>\nr\u00e9ponses de la part de l&rsquo;administration Trump.\n<\/p>\n<p>\n (Jonathan Stempel, Jonathan Allen, Jack Queen, Susan Heavey,<br \/>\nKatharine Jackson, Nate Raymond, Ted Hesson, Steve Holland, Bo<br \/>\nErickson, Jason Lange, David Morgan et Andy Sullivan; version<br \/>\nfran\u00e7aise Tangi Sala\u00fcn et Jean Terzian)<\/p>\n","protected":false},"excerpt":{"rendered":"Donald Trump et le gouverneur du Minnesota ont adopt\u00e9 lundi un ton conciliant \u00e0 l&rsquo;issue d&rsquo;un \u00e9change t\u00e9l\u00e9phonique&hellip;\n","protected":false},"author":2,"featured_media":2486,"comment_status":"","ping_status":"","sticky":false,"template":"","format":"standard","meta":{"footnotes":""},"categories":[1589],"tags":[400,11,398,408,405,73,1866,403,402,399,404,12,401,406,1864,1865,1863,308,407],"class_list":{"0":"post-691761","1":"post","2":"type-post","3":"status-publish","4":"format-standard","5":"has-post-thumbnail","7":"category-etats-unis","8":"tag-action-cac-40","9":"tag-actualites","10":"tag-bourse-de-paris","11":"tag-boursorama","12":"tag-cotations","13":"tag-etats-unis","14":"tag-etats-unis-damerique","15":"tag-indices-devises","16":"tag-investir","17":"tag-investissement","18":"tag-marche-boursier","19":"tag-news","20":"tag-sicav","21":"tag-trackers","22":"tag-united-states","23":"tag-united-states-of-america","24":"tag-us","25":"tag-usa","26":"tag-warrants"},"share_on_mastodon":{"url":"https:\/\/pubeurope.com\/@fr\/115964848558875482","error":""},"_links":{"self":[{"href":"https:\/\/www.europesays.com\/fr\/wp-json\/wp\/v2\/posts\/691761","targetHints":{"allow":["GET"]}}],"collection":[{"href":"https:\/\/www.europesays.com\/fr\/wp-json\/wp\/v2\/posts"}],"about":[{"href":"https:\/\/www.europesays.com\/fr\/wp-json\/wp\/v2\/types\/post"}],"author":[{"embeddable":true,"href":"https:\/\/www.europesays.com\/fr\/wp-json\/wp\/v2\/users\/2"}],"replies":[{"embeddable":true,"href":"https:\/\/www.europesays.com\/fr\/wp-json\/wp\/v2\/comments?post=691761"}],"version-history":[{"count":0,"href":"https:\/\/www.europesays.com\/fr\/wp-json\/wp\/v2\/posts\/691761\/revisions"}],"wp:featuredmedia":[{"embeddable":true,"href":"https:\/\/www.europesays.com\/fr\/wp-json\/wp\/v2\/media\/2486"}],"wp:attachment":[{"href":"https:\/\/www.europesays.com\/fr\/wp-json\/wp\/v2\/media?parent=691761"}],"wp:term":[{"taxonomy":"category","embeddable":true,"href":"https:\/\/www.europesays.com\/fr\/wp-json\/wp\/v2\/categories?post=691761"},{"taxonomy":"post_tag","embeddable":true,"href":"https:\/\/www.europesays.com\/fr\/wp-json\/wp\/v2\/tags?post=691761"}],"curies":[{"name":"wp","href":"https:\/\/api.w.org\/{rel}","templated":true}]}}