{"id":691835,"date":"2026-01-27T03:58:55","date_gmt":"2026-01-27T03:58:55","guid":{"rendered":"https:\/\/www.europesays.com\/fr\/691835\/"},"modified":"2026-01-27T03:58:55","modified_gmt":"2026-01-27T03:58:55","slug":"ce-drone-toulousain-capable-de-resister-a-des-vents-de-100-km-h-decroche-45-me-de-financement","status":"publish","type":"post","link":"https:\/\/www.europesays.com\/fr\/691835\/","title":{"rendered":"Ce drone toulousain capable de r\u00e9sister \u00e0 des vents de 100\u00a0km\/h d\u00e9croche 4,5 M\u20ac de financement"},"content":{"rendered":"<p>\n                                                                    l&rsquo;essentiel<br \/>\n                                                                La startup toulousaine Tidav a mis au point un drone unique au monde pour inspecter\u00a0les \u00e9oliennes en mer souvent soumises \u00e0 des vents extr\u00eames. Elle testera son a\u00e9ronef \u00e0 l\u2019a\u00e9roport de Toulouse \u2013 Francazal o\u00f9 elle va lancer la production.\n                            <\/p>\n<p>Tidav vient de remporter un financement de 4,5\u00a0millions d\u2019euros dans le cadre du programme France 2030, via l\u2019appel \u00e0 projets Robotique et machines intelligentes. Ce soutien financier de l\u2019\u00c9tat vise \u00e0 acc\u00e9l\u00e9rer le d\u00e9ploiement de son drone T-H3, un a\u00e9ronef \u00e0 d\u00e9collage et atterrissage vertical, pour la maintenance des parcs \u00e9oliens offshore, un secteur en forte expansion.<\/p>\n<p class=\"std-elt__inline\">\n        <strong>\u00c0 lire aussi :<\/strong><br \/>\n        <a href=\"https:\/\/www.ladepeche.fr\/2024\/01\/19\/la-start-up-tidav-senvole-avec-son-nouveau-drone-11705576.php\" target=\"_blank\" rel=\"noopener\">La start-up toulousaine Tidav s\u2019envole avec son nouveau drone<\/a>\n    <\/p>\n<p>Avec une envergure de trois m\u00e8tres, le T-H3 peut transporter 3\u00a0kg de charge utile, parcourir jusqu\u2019\u00e0 100\u00a0km, tout en r\u00e9sistant \u00e0 des vents atteignant 100\u00a0km\/h, et op\u00e9rer dans des conditions proches de 70\u00a0km\/h. Ces performances exceptionnelles permettent des inspections en mer plus rapides et moins co\u00fbteuses que les m\u00e9thodes traditionnelles.<\/p>\n<p>        <img decoding=\"async\" class=\"std-img__img responsive-img\" src=\"https:\/\/www.europesays.com\/fr\/wp-content\/uploads\/2026\/01\/1769486335_247_image.jpg\" alt=\"Le drone T-H3 en vol.\"\/><\/p>\n<p>                Le drone T-H3 en vol.<br \/>\n                                    DR<\/p>\n<p>Le drone d\u00e9colle depuis la plage, rejoint le site \u00e9olien, collecte des images pour d\u00e9tecter des d\u00e9fauts visuels, puis revient \u00e0 son point de d\u00e9part en seulement une heure.<\/p>\n<p>Une r\u00e9sistance au vent unique au monde<\/p>\n<p>\u00ab\u00a0Il n\u2019existe aucun \u00e9quivalent sur le march\u00e9 avec une telle capacit\u00e9 de r\u00e9sistance au vent, notamment en phase stationnaire\u00a0\u00bb, souligne C\u00e9dric Lefort, fondateur de Tidav et vice-pr\u00e9sident de StartAir, club des startups, fili\u00e8re a\u00e9rospatiale, au sein du Gifas. Ce projet, men\u00e9 en collaboration avec la soci\u00e9t\u00e9 Cornis (fournisseur de la cam\u00e9ra), la soci\u00e9t\u00e9 Valemo, sp\u00e9cialis\u00e9e dans la maintenance des parcs \u00e9oliens, et le CNRS, s\u2019\u00e9tendra sur trois ans. La fabrication du drone d\u00e9butera d\u2019ici un an, suivie de tests en conditions r\u00e9elles pour une exploitation pr\u00e9vue en 2028.<\/p>\n<p>Une voli\u00e8re pour drones \u00e0 Francazal<\/p>\n<p>Initialement h\u00e9berg\u00e9e \u00e0 l\u2019ENAC (\u00c9cole nationale de l\u2019aviation civile) \u00e0 Toulouse, Tidav a emm\u00e9nag\u00e9 en juillet dernier sur le site de Francazal \u00e0 Cugnaux dans des locaux plus spacieux. \u00ab\u00a0Ici, nous disposons d\u2019un espace de 450 m\u00b2, de notre propre voli\u00e8re et d\u2019une capacit\u00e9 de vol sur cinq hectares\u00a0\u00bb, d\u00e9taille C\u00e9dric Lefort. L\u2019\u00e9quipe, actuellement compos\u00e9e de cinq personnes (et compl\u00e9t\u00e9e par des stagiaires), devrait atteindre huit membres d\u2019ici la fin de l\u2019ann\u00e9e.<\/p>\n<p>Tidav a \u00e9t\u00e9 fond\u00e9e en 2021 par C\u00e9dric Lefort, Vivien Jourdon et Philippe Valero, trois ing\u00e9nieurs issus de la SATT Toulouse Tech Transfert, o\u00f9 ils ont d\u00e9velopp\u00e9 une solution technologique in\u00e9dite pour am\u00e9liorer la stabilit\u00e9 des drones face au vent. Une innovation brevet\u00e9e qui a conduit \u00e0 la cr\u00e9ation de la startup qui b\u00e9n\u00e9ficie du soutien de la r\u00e9gion Occitanie et de Toulouse M\u00e9tropole, et prouve \u00ab\u00a0qu\u2019il est encore possible d\u2019innover en France, et \u00e0 Toulouse\u00a0\u00bb.<\/p>\n","protected":false},"excerpt":{"rendered":"l&rsquo;essentiel La startup toulousaine Tidav a mis au point un drone unique au monde pour inspecter\u00a0les \u00e9oliennes en&hellip;\n","protected":false},"author":2,"featured_media":691836,"comment_status":"","ping_status":"","sticky":false,"template":"","format":"standard","meta":{"footnotes":""},"categories":[2816],"tags":[1111,11,70238,33,257,1777,674,1011,27,2722,12,2680,25,675,2312],"class_list":{"0":"post-691835","1":"post","2":"type-post","3":"status-publish","4":"format-standard","5":"has-post-thumbnail","7":"category-toulouse","8":"tag-actu","9":"tag-actualites","10":"tag-cugnaux","11":"tag-economie","12":"tag-entreprise","13":"tag-eu","14":"tag-europe","15":"tag-fr","16":"tag-france","17":"tag-haute-garonne","18":"tag-news","19":"tag-occitanie","20":"tag-republique-francaise","21":"tag-start-up","22":"tag-toulouse"},"share_on_mastodon":{"url":"https:\/\/pubeurope.com\/@fr\/115965064837756931","error":""},"_links":{"self":[{"href":"https:\/\/www.europesays.com\/fr\/wp-json\/wp\/v2\/posts\/691835","targetHints":{"allow":["GET"]}}],"collection":[{"href":"https:\/\/www.europesays.com\/fr\/wp-json\/wp\/v2\/posts"}],"about":[{"href":"https:\/\/www.europesays.com\/fr\/wp-json\/wp\/v2\/types\/post"}],"author":[{"embeddable":true,"href":"https:\/\/www.europesays.com\/fr\/wp-json\/wp\/v2\/users\/2"}],"replies":[{"embeddable":true,"href":"https:\/\/www.europesays.com\/fr\/wp-json\/wp\/v2\/comments?post=691835"}],"version-history":[{"count":0,"href":"https:\/\/www.europesays.com\/fr\/wp-json\/wp\/v2\/posts\/691835\/revisions"}],"wp:featuredmedia":[{"embeddable":true,"href":"https:\/\/www.europesays.com\/fr\/wp-json\/wp\/v2\/media\/691836"}],"wp:attachment":[{"href":"https:\/\/www.europesays.com\/fr\/wp-json\/wp\/v2\/media?parent=691835"}],"wp:term":[{"taxonomy":"category","embeddable":true,"href":"https:\/\/www.europesays.com\/fr\/wp-json\/wp\/v2\/categories?post=691835"},{"taxonomy":"post_tag","embeddable":true,"href":"https:\/\/www.europesays.com\/fr\/wp-json\/wp\/v2\/tags?post=691835"}],"curies":[{"name":"wp","href":"https:\/\/api.w.org\/{rel}","templated":true}]}}