{"id":69184,"date":"2025-05-02T11:09:28","date_gmt":"2025-05-02T11:09:28","guid":{"rendered":"https:\/\/www.europesays.com\/fr\/69184\/"},"modified":"2025-05-02T11:09:28","modified_gmt":"2025-05-02T11:09:28","slug":"cela-ne-va-pas-durer-colere-de-christian-estrosi-contre-un-hotel-5-etoiles-de-nice-apres-de-nombreuses-plaintes-de-riverains-pour-nuisances-sonores","status":"publish","type":"post","link":"https:\/\/www.europesays.com\/fr\/69184\/","title":{"rendered":"\u00ab\u00a0Cela ne va pas durer\u00a0\u00bb: col\u00e8re de Christian Estrosi contre un h\u00f4tel 5 \u00e9toiles de Nice apr\u00e8s de nombreuses plaintes de riverains pour nuisances sonores"},"content":{"rendered":"<p>\u00ab\u00a0J\u2019avais l\u2019impression d\u2019avoir Rihanna dans mon salon\u00a0\u00bb. Musique trop forte sur le rooftop de l&rsquo;h\u00f4tel, brouhaha permanent&#8230; Depuis l&rsquo;ouverture de l<strong>&lsquo;h\u00f4tel 5 \u00e9toiles Anantara<\/strong> en plein c\u0153ur de Nice,<a href=\"https:\/\/www.nicematin.com\/vie-locale\/le-directeur-de-l-hotel-se-defend-939282?t=1746179526\" rel=\"nofollow noopener\" target=\"_blank\"> les riverains multiplient les t\u00e9moignages d\u00e9non\u00e7ant les nuisances sonores<\/a> g\u00e9n\u00e9r\u00e9es par l&rsquo;\u00e9tablissement.\u00a0<\/p>\n<p>C&rsquo;en est trop pour <strong>Christian Estrosi<\/strong>.\u00a0Invit\u00e9 de <a href=\"https:\/\/www.bfmtv.com\/cote-d-azur\/nice-christian-estrosi-met-en-demeure-l-anantara-plaza-pour-faire-cesser-les-nuisances-sonores_AV-202505020255.html\" target=\"_blank\" rel=\"noopener nofollow\">BFM Nice C\u00f4te d&rsquo;Azur<\/a> ce vendredi matin, <strong>le maire de Nice a annonc\u00e9\u00a0avoir \u00ab\u00a0mis en demeure\u00a0\u00bb l&rsquo;h\u00f4tel de luxe<\/strong> pour faire cesser les nuisances.<\/p>\n<p> \u00ab\u00a0Je suis scandalis\u00e9\u00a0par la direction de l&rsquo;Anantara (&#8230;) Cela ne va pas durer. Il risque d&rsquo;y avoir des sanctions extr\u00eamement lourdes s&rsquo;ils continuent \u00e0 assumer ce type de pratiques\u00a0\u00bb, explique Christian Estrosi.\u00a0<\/p>\n<blockquote>\n<p>\u00ab\u00a0Il faut arr\u00eater et accepter le fait qu\u2019on est en plein centre-ville\u00a0\u00bb<\/p>\n<\/blockquote>\n<p>Dans un article de Nice-Matin \u00e9voquant les nuisances d\u00e9nonc\u00e9es par l&rsquo;\u00e9tablissement, la direction de l&rsquo;Anantara avait expliqu\u00e9 respecter le \u00ab\u00a0cadre l\u00e9gal\u00a0\u00bb.\u00a0<\/p>\n<p>\u00ab\u00a0Nous respectons la loi. La police municipale est pass\u00e9e plusieurs fois sans jamais nous verbaliser. Il faut arr\u00eater et accepter le fait qu\u2019on est en plein centre-ville. Depuis l\u2019h\u00f4tel, nous-m\u00eame, nous entendons les concerts du Th\u00e9\u00e2tre de verdure\u00a0\u00bb, avait r\u00e9torqu\u00e9\u00a0Gauderic Harang, le directeur g\u00e9n\u00e9ral de l\u2019h\u00f4tel Anantara.\u00a0<\/p>\n","protected":false},"excerpt":{"rendered":"\u00ab\u00a0J\u2019avais l\u2019impression d\u2019avoir Rihanna dans mon salon\u00a0\u00bb. Musique trop forte sur le rooftop de l&rsquo;h\u00f4tel, brouhaha permanent&#8230; Depuis&hellip;\n","protected":false},"author":2,"featured_media":69185,"comment_status":"","ping_status":"","sticky":false,"template":"","format":"standard","meta":{"footnotes":""},"categories":[2819],"tags":[1111,11,1777,674,1011,27,12,2401,882,25,3366],"class_list":{"0":"post-69184","1":"post","2":"type-post","3":"status-publish","4":"format-standard","5":"has-post-thumbnail","7":"category-nice","8":"tag-actu","9":"tag-actualites","10":"tag-eu","11":"tag-europe","12":"tag-fr","13":"tag-france","14":"tag-news","15":"tag-nice","16":"tag-provence-alpes-cote-dazur","17":"tag-republique-francaise","18":"tag-vie-locale"},"share_on_mastodon":{"url":"https:\/\/pubeurope.com\/@fr\/114437931860516556","error":""},"_links":{"self":[{"href":"https:\/\/www.europesays.com\/fr\/wp-json\/wp\/v2\/posts\/69184","targetHints":{"allow":["GET"]}}],"collection":[{"href":"https:\/\/www.europesays.com\/fr\/wp-json\/wp\/v2\/posts"}],"about":[{"href":"https:\/\/www.europesays.com\/fr\/wp-json\/wp\/v2\/types\/post"}],"author":[{"embeddable":true,"href":"https:\/\/www.europesays.com\/fr\/wp-json\/wp\/v2\/users\/2"}],"replies":[{"embeddable":true,"href":"https:\/\/www.europesays.com\/fr\/wp-json\/wp\/v2\/comments?post=69184"}],"version-history":[{"count":0,"href":"https:\/\/www.europesays.com\/fr\/wp-json\/wp\/v2\/posts\/69184\/revisions"}],"wp:featuredmedia":[{"embeddable":true,"href":"https:\/\/www.europesays.com\/fr\/wp-json\/wp\/v2\/media\/69185"}],"wp:attachment":[{"href":"https:\/\/www.europesays.com\/fr\/wp-json\/wp\/v2\/media?parent=69184"}],"wp:term":[{"taxonomy":"category","embeddable":true,"href":"https:\/\/www.europesays.com\/fr\/wp-json\/wp\/v2\/categories?post=69184"},{"taxonomy":"post_tag","embeddable":true,"href":"https:\/\/www.europesays.com\/fr\/wp-json\/wp\/v2\/tags?post=69184"}],"curies":[{"name":"wp","href":"https:\/\/api.w.org\/{rel}","templated":true}]}}