{"id":691865,"date":"2026-01-27T04:16:19","date_gmt":"2026-01-27T04:16:19","guid":{"rendered":"https:\/\/www.europesays.com\/fr\/691865\/"},"modified":"2026-01-27T04:16:19","modified_gmt":"2026-01-27T04:16:19","slug":"la-tapisserie-de-bayeux-enflamme-les-experts","status":"publish","type":"post","link":"https:\/\/www.europesays.com\/fr\/691865\/","title":{"rendered":"la tapisserie de Bayeux enflamme les experts"},"content":{"rendered":"\n<p>En r\u00e8gle g\u00e9n\u00e9rale, il est rare que les sp\u00e9cialistes des textiles soient impliqu\u00e9s dans des querelles publiques. Ils ont tendance \u00e0 passer le plus clair de leur temps dans des pi\u00e8ces sombres, pench\u00e9s sur des tissus historiques, dans des conditions o\u00f9 les temp\u00e9ratures font l\u2019objet d\u2019un contr\u00f4le s\u00e9v\u00e8re. Mais depuis que le peintre David\u00a0Hockney a d\u00e9nonc\u00e9 le <a href=\"https:\/\/www.courrierinternational.com\/une\/tapisserie-de-bayeux-un-joli-coup-diplomatique-pour-faire-oublier-le-brexit\" target=\"_blank\" rel=\"noopener\">pr\u00eat tant attendu de la tapisserie de Bayeux<\/a>, datant du XIe\u00a0si\u00e8cle, au British Museum, qu\u2019il consid\u00e8re comme une \u201cfolie\u201d, voil\u00e0 qu\u2019ils se retrouvent dans le collimateur.<\/p>\n<p>Soutenant que \u201ccertaines choses sont trop pr\u00e9cieuses pour qu\u2019on les mette en danger\u201d, le peintre de 88\u00a0ans a affirm\u00e9 que \u201cm\u00eame une infime erreur de manipulation pourrait provoquer des d\u00e9g\u00e2ts irr\u00e9parables\u201d, tant cette tapisserie de lin et de laine, techniquement d\u00e9finie comme un travail de broderie et longue de 68,38\u00a0m\u00e8tres, est dans un \u00e9tat fragile. \u201cLes panneaux en lin sont fragilis\u00e9s par l\u2019\u00e2ge, et les fils de broderie en laine sont vuln\u00e9rables au stress, a-t-il \u00e9crit. Le fait de la rouler, de la d\u00e9rouler ou de l\u2019exposer d\u2019une nouvelle fa\u00e7on peut causer des d\u00e9chirures, la perte de points ou la d\u00e9formation du tissu.\u201d<\/p>\n<p>Depuis longtemps, l\u2019\u0153uvre est au c\u0153ur d\u2019une vive controverse sur la question de savoir si cet artefact m\u00e9di\u00e9val inestimable, qui d\u00e9peint la bataille<\/p>\n<p>  Offres sp\u00e9ciales  Pour lire la suite de cet article, abonnez-vous <\/p>\n<p class=\"paywall-text\">Acc\u00e9dez \u00e0\u00a0l\u2019int\u00e9gralit\u00e9 de\u00a0nos contenus sur le\u00a0site et\u00a0l\u2019application en\u00a0vous abonnant \u00e0\u00a0<strong>l\u2019offre sp\u00e9ciale.<\/strong><\/p>\n<p class=\"price\">D\u00e8s <strong>2,99\u00a0\u20ac<\/strong>\/mois<\/p>\n<p> Sans engagement \u2022 R\u00e9siliable en ligne                             Offres sp\u00e9ciales  <\/p>\n<p class=\"popin-title\"> <strong>Profitez d\u2019un acc\u00e8s illimit\u00e9 (-57%)<\/strong> <\/p>\n<p>    <img loading=\"lazy\" decoding=\"async\" class=\"popin-img\" src=\"https:\/\/www.europesays.com\/fr\/wp-content\/uploads\/2025\/12\/1766808989_718_fe6cca3_upload-1-y50fm5af5abj-pop-in.png\"  alt=\"Image d'illustration pour l'abonnement\" width=\"300\" height=\"250\"\/>    <\/p>\n<p class=\"price\"> 2,99 \u20ac par mois <\/p>\n<p class=\"popin-engagement\">au lieu de 6,99 \u20ac, r\u00e9siliable \u00e0 tout moment<\/p>\n<p>  <a class=\"ithal-element\" href=\"https:\/\/macommande.courrierinternational.com\/account\/create\/CWADIMENS299PRIO\/CW365N3600ADD1FPRIO?marketing=RCWSITEDISPLAY01\" data-model=\"button\" data-ithal=\"popin_offre_speciale\" data-ithalc=\"[cta_abo]\" id=\"click_popin_offre_speciale\" target=\"_blank\" rel=\"noopener\">J\u2019en profite<\/a>             <\/p>\n<p class=\"article-authors\">                         <a href=\"https:\/\/www.courrierinternational.com\/auteur\/claire-allfree\" target=\"_blank\" rel=\"noopener\">Claire Allfree<\/a>    <\/p>\n<p class=\"article-vo\"><a href=\"https:\/\/www.telegraph.co.uk\/art\/artists\/was-david-hockney-right-about-the-bayeux-tapestry\/\" rel=\"noopener\" target=\"_blank\">Lire l\u2019article original<\/a><\/p>\n<p>Source de l\u2019article<\/p>\n<p>   <img decoding=\"async\" class=\"source-logo\" src=\"https:\/\/www.europesays.com\/fr\/wp-content\/uploads\/2025\/05\/8be5236_1643653611956-the-daily-telegraph.jpg\"  alt=\"Logo\" loading=\"lazy\" width=\"32\" height=\"32\"\/>  The Daily Telegraph  (Londres)       <\/p>\n<p>Atlantiste et eurosceptique sur le fond, pugnace et engag\u00e9 sur la forme, c\u2019est le journal conservateur de r\u00e9f\u00e9rence. Fond\u00e9 en 1855, comme le\u00a0rappelle son titre en\u00a0hommage \u00e0 une technologie de\u00a0communication alors r\u00e9volutionnaire, il est le dernier des quotidiens nationaux d\u2019envergure \u00e0 ne pas avoir abandonn\u00e9 le grand format.<\/p>\n<p>D\u00e9tenu jusqu\u2019au d\u00e9but de 2004 par le magnat de la presse Conrad Black, le titre a ensuite \u00e9t\u00e9 la propri\u00e9t\u00e9 des fr\u00e8res milliardaires David et Frederick Barclay. En 2023, sur fond de bras de fer financier, le journal a \u00e9t\u00e9 saisi par les cr\u00e9anciers de la famille Barclay, qui lui cherchent d\u00e9sormais un nouveau propri\u00e9taire, ainsi qu\u2019\u00e0 The Sunday Telegraph, regroup\u00e9s au sein du Telegraph Media Group Holdings Ltd.<\/p>\n<p>Son agenda est tr\u00e8s pris\u00e9, en raison notamment du Court Circular, qui pr\u00e9sente tous les jours les activit\u00e9s de la famille royale. Un autre rendez-vous tr\u00e8s attendu est le petit dessin de Matt, toujours \u00e9l\u00e9gant et dr\u00f4le, publi\u00e9 en premi\u00e8re page.<\/p>\n<p>      <a href=\"https:\/\/www.courrierinternational.com\/notule-source\/the-daily-telegraph-0\" class=\"source-link\" target=\"_blank\" rel=\"noopener\">Lire la suite<\/a>                 <\/p>\n<p>Nos services<\/p>\n","protected":false},"excerpt":{"rendered":"En r\u00e8gle g\u00e9n\u00e9rale, il est rare que les sp\u00e9cialistes des textiles soient impliqu\u00e9s dans des querelles publiques. Ils&hellip;\n","protected":false},"author":2,"featured_media":691866,"comment_status":"","ping_status":"","sticky":false,"template":"","format":"standard","meta":{"footnotes":""},"categories":[1588],"tags":[11,1777,674,27,3821,12,2551,78805,473,1853,1851,1850,1852],"class_list":{"0":"post-691865","1":"post","2":"type-post","3":"status-publish","4":"format-standard","5":"has-post-thumbnail","7":"category-royaume-uni","8":"tag-actualites","9":"tag-eu","10":"tag-europe","11":"tag-france","12":"tag-la-france-vue-de-lu2019u00e9tranger","13":"tag-news","14":"tag-patrimoine","15":"tag-restitution-des-biens-culturels","16":"tag-royaume-uni","17":"tag-royaume-uni-de-grande-bretagne-et-dirlande-du-nord","18":"tag-uk","19":"tag-united-kingdom","20":"tag-united-kingdom-of-great-britain-and-northern-ireland"},"share_on_mastodon":{"url":"https:\/\/pubeurope.com\/@fr\/115965131965720553","error":""},"_links":{"self":[{"href":"https:\/\/www.europesays.com\/fr\/wp-json\/wp\/v2\/posts\/691865","targetHints":{"allow":["GET"]}}],"collection":[{"href":"https:\/\/www.europesays.com\/fr\/wp-json\/wp\/v2\/posts"}],"about":[{"href":"https:\/\/www.europesays.com\/fr\/wp-json\/wp\/v2\/types\/post"}],"author":[{"embeddable":true,"href":"https:\/\/www.europesays.com\/fr\/wp-json\/wp\/v2\/users\/2"}],"replies":[{"embeddable":true,"href":"https:\/\/www.europesays.com\/fr\/wp-json\/wp\/v2\/comments?post=691865"}],"version-history":[{"count":0,"href":"https:\/\/www.europesays.com\/fr\/wp-json\/wp\/v2\/posts\/691865\/revisions"}],"wp:featuredmedia":[{"embeddable":true,"href":"https:\/\/www.europesays.com\/fr\/wp-json\/wp\/v2\/media\/691866"}],"wp:attachment":[{"href":"https:\/\/www.europesays.com\/fr\/wp-json\/wp\/v2\/media?parent=691865"}],"wp:term":[{"taxonomy":"category","embeddable":true,"href":"https:\/\/www.europesays.com\/fr\/wp-json\/wp\/v2\/categories?post=691865"},{"taxonomy":"post_tag","embeddable":true,"href":"https:\/\/www.europesays.com\/fr\/wp-json\/wp\/v2\/tags?post=691865"}],"curies":[{"name":"wp","href":"https:\/\/api.w.org\/{rel}","templated":true}]}}