{"id":691887,"date":"2026-01-27T04:36:15","date_gmt":"2026-01-27T04:36:15","guid":{"rendered":"https:\/\/www.europesays.com\/fr\/691887\/"},"modified":"2026-01-27T04:36:15","modified_gmt":"2026-01-27T04:36:15","slug":"avant-lamour-est-dans-le-pre-etienne-na-connu-quune-seule-histoire-damour","status":"publish","type":"post","link":"https:\/\/www.europesays.com\/fr\/691887\/","title":{"rendered":"Avant L&rsquo;Amour est dans le Pr\u00e9, Etienne n&rsquo;a connu qu&rsquo;une seule histoire d&rsquo;amour"},"content":{"rendered":"<p>        <a href=\"https:\/\/www.linternaute.com\/television\/programme\/9658590-tous-les-candidats-de-l-amour-est-dans-le-pre-2026-devoiles-les-portraits-en-images\/9658596-marie-christine-pour-prouver-qu-il-n-est-jamais-trop-tard-dans-l-amour-est-dans-le-pre-2026\" class=\"app_button_nav_prev jMiddlePreviousButton\" target=\"_blank\" rel=\"noopener\"><\/a><a href=\"https:\/\/www.linternaute.com\/television\/programme\/9658590-tous-les-candidats-de-l-amour-est-dans-le-pre-2026-devoiles-les-portraits-en-images\/9658598-fabien-attention-sensations-fortes-et-humour-taquin-a-prevoir-dans-l-amour-est-dans-le-pre-2026\" class=\"app_button_nav_next jMiddleNextButton\" target=\"_blank\" rel=\"noopener\"><\/a><a href=\"https:\/\/www.linternaute.com\/television\/programme\/9658590-tous-les-candidats-de-l-amour-est-dans-le-pre-2026-devoiles-les-portraits-en-images\/9658596-marie-christine-pour-prouver-qu-il-n-est-jamais-trop-tard-dans-l-amour-est-dans-le-pre-2026\" class=\"ccmcss_cms_figure__linkleft jMiddlePreviousZone\" target=\"_blank\" rel=\"noopener\"><\/p>\n<p>                <\/a><a href=\"https:\/\/www.linternaute.com\/television\/programme\/9658590-tous-les-candidats-de-l-amour-est-dans-le-pre-2026-devoiles-les-portraits-en-images\/9658598-fabien-attention-sensations-fortes-et-humour-taquin-a-prevoir-dans-l-amour-est-dans-le-pre-2026\" class=\"ccmcss_cms_figure__linkright jMiddleNextZone\" target=\"_blank\" rel=\"noopener\"><\/p>\n<p>                <\/a><a href=\"https:\/\/img-4.linternaute.com\/cSm2Be2HMHjBf6NxgCOvH-e48es=\/1240x\/smart\/5a855242ebf4495c8e5dc77337ba1ac7\/ccmcms-linternaute\/85041336.jpg\" class=\"fancy app_btn_1 app_btn--ico jZoomDiapo\" target=\"_blank\" rel=\"noopener\"><\/a><img loading=\"lazy\" decoding=\"async\" width=\"620\" height=\"414\" src=\"https:\/\/www.europesays.com\/fr\/wp-content\/uploads\/2026\/01\/85041336.jpg\" alt=\"Avant L'Amour est dans le Pr\u00e9, Etienne n'a connu qu'une seule histoire d'amour\"\/><\/p>\n<p class=\"app_entry_diapo__description jDiaporamaLegend\" data-length=\"413\"><strong>\u00c9tienne, 39\u00a0ans, \u00e9leveur laitier et c\u00e9r\u00e9alier (Normandie)<\/strong><br \/>\u00c9tienne travaille en bin\u00f4me avec son fr\u00e8re Fabien, \u00e9galement candidat cette saison !\u00a0Passionn\u00e9 de photo et de surf, ce grand sensible n&rsquo;a connu qu&rsquo;une seule histoire d&rsquo;amour. Il souffre de la solitude dans sa grande maison de pierre et cherche une femme vive et curieuse.<br \/>\u00a9\u00a0 Cecile ROGUE\/M6<\/p>\n","protected":false},"excerpt":{"rendered":"\u00c9tienne, 39\u00a0ans, \u00e9leveur laitier et c\u00e9r\u00e9alier (Normandie)\u00c9tienne travaille en bin\u00f4me avec son fr\u00e8re Fabien, \u00e9galement candidat cette saison&hellip;\n","protected":false},"author":2,"featured_media":691888,"comment_status":"","ping_status":"","sticky":false,"template":"","format":"standard","meta":{"footnotes":""},"categories":[1359],"tags":[78812,51761,58,59,53051,1011,27,42835,973,5240],"class_list":{"0":"post-691887","1":"post","2":"type-post","3":"status-publish","4":"format-standard","5":"has-post-thumbnail","7":"category-people","8":"tag-cms-linternaute-9658600","9":"tag-controller-content","10":"tag-divertissement","11":"tag-entertainment","12":"tag-format-diaporama","13":"tag-fr","14":"tag-france","15":"tag-l-amour-est-dans-le-pre","16":"tag-people","17":"tag-programme"},"share_on_mastodon":{"url":"https:\/\/pubeurope.com\/@fr\/115965210550233244","error":""},"_links":{"self":[{"href":"https:\/\/www.europesays.com\/fr\/wp-json\/wp\/v2\/posts\/691887","targetHints":{"allow":["GET"]}}],"collection":[{"href":"https:\/\/www.europesays.com\/fr\/wp-json\/wp\/v2\/posts"}],"about":[{"href":"https:\/\/www.europesays.com\/fr\/wp-json\/wp\/v2\/types\/post"}],"author":[{"embeddable":true,"href":"https:\/\/www.europesays.com\/fr\/wp-json\/wp\/v2\/users\/2"}],"replies":[{"embeddable":true,"href":"https:\/\/www.europesays.com\/fr\/wp-json\/wp\/v2\/comments?post=691887"}],"version-history":[{"count":0,"href":"https:\/\/www.europesays.com\/fr\/wp-json\/wp\/v2\/posts\/691887\/revisions"}],"wp:featuredmedia":[{"embeddable":true,"href":"https:\/\/www.europesays.com\/fr\/wp-json\/wp\/v2\/media\/691888"}],"wp:attachment":[{"href":"https:\/\/www.europesays.com\/fr\/wp-json\/wp\/v2\/media?parent=691887"}],"wp:term":[{"taxonomy":"category","embeddable":true,"href":"https:\/\/www.europesays.com\/fr\/wp-json\/wp\/v2\/categories?post=691887"},{"taxonomy":"post_tag","embeddable":true,"href":"https:\/\/www.europesays.com\/fr\/wp-json\/wp\/v2\/tags?post=691887"}],"curies":[{"name":"wp","href":"https:\/\/api.w.org\/{rel}","templated":true}]}}