{"id":691921,"date":"2026-01-27T04:58:10","date_gmt":"2026-01-27T04:58:10","guid":{"rendered":"https:\/\/www.europesays.com\/fr\/691921\/"},"modified":"2026-01-27T04:58:10","modified_gmt":"2026-01-27T04:58:10","slug":"lorenzo-ce-lyceen-attire-par-la-lumiere-et-les-concours-de-beaute","status":"publish","type":"post","link":"https:\/\/www.europesays.com\/fr\/691921\/","title":{"rendered":"Lorenzo, ce lyc\u00e9en attir\u00e9 par la lumi\u00e8re et les concours de beaut\u00e9"},"content":{"rendered":"<p>\n                                                                \u00c0 18 ans, il vient de participer \u00e0 un concours de beaut\u00e9.\n                            <\/p>\n<p>Il y a quelques semaines Lorenzo Lacroix, \u00e9l\u00e8ve \u00e2g\u00e9 de 18 ans au lyc\u00e9e Mermoz, participait au concours de beaut\u00e9 Casting Podium.<\/p>\n<p>Rencontre avec ce jeune homme montpelli\u00e9rain, plein de r\u00eaves, qui revient sur son exp\u00e9rience.<\/p>\n<p>\u00ab\u00a0J\u2019ai eu tr\u00e8s vite une attraction pour la lumi\u00e8re\u00a0\u00bb<\/p>\n<p class=\"txt-question\">Pouvez-vous nous pr\u00e9senter ce concours ?<\/p>\n<p>Casting Podium est le premier concours de beaut\u00e9 ouvert \u00e0 tous et uniquement bas\u00e9 sur la photog\u00e9nie, basant leurs crit\u00e8res sur le charme, la personnalit\u00e9, l\u2019envie et la photog\u00e9nie, avec un mot d\u2019ordre simple : Tout le monde est beau !<\/p>\n<p>C\u2019est le premier concours sans distinction de taille, de poids ou de look g\u00e9n\u00e9ral, cr\u00e9\u00e9 en 2009, par le photographe \u00c9tienne Clotis.<\/p>\n<p class=\"txt-question\">O\u00f9 en \u00eates-vous ?<\/p>\n<p>J\u2019ai fait partie des quinze candidats r\u00e9gionaux s\u00e9lectionn\u00e9s. Apr\u00e8s avoir pr\u00e9sent\u00e9 une photo de moi, j\u2019ai r\u00e9alis\u00e9 une vid\u00e9o portrait. J\u2019ai men\u00e9 campagne sur les r\u00e9seaux sociaux et au sein de mon lyc\u00e9e, ce qui m\u2019a permis de r\u00e9colter plus de quatre mille votes et finir \u00e0 la cinqui\u00e8me place du concours, mais de ne pas poursuivre les \u00e9tapes finales.<\/p>\n<p>Je suis extr\u00eamement fier de mon parcours, et cela me conforte dans ma volont\u00e9 de pers\u00e9v\u00e9rer car croire en soi, prendre confiance en soi, inciter les gens \u00e0 faire ce qu\u2019ils aiment, \u00e0 ne pas douter d\u2019eux-m\u00eames. Voil\u00e0 ma philosophie.<\/p>\n<p class=\"txt-question\">\u00c9tait-ce votre premier concours et comment vous est venu ce go\u00fbt pour ce genre d\u2019\u00e9v\u00e9nements ?<\/p>\n<p>Depuis tout petit, j\u2019ai toujours aim\u00e9 la mode et les v\u00eatements, prendre soin de moi et bien me coiffer. J\u2019ai eu tr\u00e8s vite une attraction pour la lumi\u00e8re : ainsi d\u00e8s 11 ans, j\u2019aimais \u00eatre devant la cam\u00e9ra, posant avec de beaux v\u00eatements, une belle coupe de cheveux et des lunettes.<\/p>\n<p>\u00ab\u00a0Je suis souvent pouss\u00e9 par mon entourage\u00a0\u00bb<\/p>\n<p>J\u2019ai particip\u00e9 \u00e0 mon premier concours \u00c9g\u00e9rie Tour \u00e0 14 ans, puis j\u2019ai particip\u00e9 au casting d\u2019\u00e9lite mod\u00e8le. Je suis souvent pouss\u00e9 par mon entourage, ma famille, mes amis et mes professeurs m\u2019encouragent dans cette voie.<\/p>\n<p class=\"txt-question\">Quels sont vos projets professionnels pour la suite ?<\/p>\n<p>J\u2019aimerais vraiment percer dans le mannequinat et r\u00e9aliser des shootings photos. Je vais donc poursuivre dans cette voie et tenter de percer. Sinon j\u2019ai d\u2019autres id\u00e9es professionnelles, j\u2019aimerais travailler par exemple dans le marketing de luxe, ou devenir steward, mais le domaine de la sant\u00e9 m\u2019int\u00e9resse aussi, pourquoi pas devenir infirmier.<\/p>\n<p>Instagram : lorenzo_shoot.<\/p>\n<p>Correspondant Midi Libre : 06 71 26 04 26<\/p>\n","protected":false},"excerpt":{"rendered":"\u00c0 18 ans, il vient de participer \u00e0 un concours de beaut\u00e9. Il y a quelques semaines Lorenzo&hellip;\n","protected":false},"author":2,"featured_media":691922,"comment_status":"","ping_status":"","sticky":false,"template":"","format":"standard","meta":{"footnotes":""},"categories":[9599],"tags":[1111,11,1063,872,1777,674,1011,27,7089,2208,12,2680,25],"class_list":{"0":"post-691921","1":"post","2":"type-post","3":"status-publish","4":"format-standard","5":"has-post-thumbnail","7":"category-montpellier","8":"tag-actu","9":"tag-actualites","10":"tag-animations","11":"tag-culture-et-loisirs","12":"tag-eu","13":"tag-europe","14":"tag-fr","15":"tag-france","16":"tag-herault","17":"tag-montpellier","18":"tag-news","19":"tag-occitanie","20":"tag-republique-francaise"},"share_on_mastodon":{"url":"https:\/\/pubeurope.com\/@fr\/115965296842519151","error":""},"_links":{"self":[{"href":"https:\/\/www.europesays.com\/fr\/wp-json\/wp\/v2\/posts\/691921","targetHints":{"allow":["GET"]}}],"collection":[{"href":"https:\/\/www.europesays.com\/fr\/wp-json\/wp\/v2\/posts"}],"about":[{"href":"https:\/\/www.europesays.com\/fr\/wp-json\/wp\/v2\/types\/post"}],"author":[{"embeddable":true,"href":"https:\/\/www.europesays.com\/fr\/wp-json\/wp\/v2\/users\/2"}],"replies":[{"embeddable":true,"href":"https:\/\/www.europesays.com\/fr\/wp-json\/wp\/v2\/comments?post=691921"}],"version-history":[{"count":0,"href":"https:\/\/www.europesays.com\/fr\/wp-json\/wp\/v2\/posts\/691921\/revisions"}],"wp:featuredmedia":[{"embeddable":true,"href":"https:\/\/www.europesays.com\/fr\/wp-json\/wp\/v2\/media\/691922"}],"wp:attachment":[{"href":"https:\/\/www.europesays.com\/fr\/wp-json\/wp\/v2\/media?parent=691921"}],"wp:term":[{"taxonomy":"category","embeddable":true,"href":"https:\/\/www.europesays.com\/fr\/wp-json\/wp\/v2\/categories?post=691921"},{"taxonomy":"post_tag","embeddable":true,"href":"https:\/\/www.europesays.com\/fr\/wp-json\/wp\/v2\/tags?post=691921"}],"curies":[{"name":"wp","href":"https:\/\/api.w.org\/{rel}","templated":true}]}}