{"id":69194,"date":"2025-05-02T11:14:11","date_gmt":"2025-05-02T11:14:11","guid":{"rendered":"https:\/\/www.europesays.com\/fr\/69194\/"},"modified":"2025-05-02T11:14:11","modified_gmt":"2025-05-02T11:14:11","slug":"grele-et-orages-prevus-sur-toulouse-et-la-haute-garonne-ce-week-end-voici-a-quoi-sattendre","status":"publish","type":"post","link":"https:\/\/www.europesays.com\/fr\/69194\/","title":{"rendered":"Gr\u00eale et orages pr\u00e9vus sur Toulouse et la Haute-Garonne ce week-end : voici \u00e0 quoi s&rsquo;attendre"},"content":{"rendered":"<p>            Par<br \/>\n        <strong><br \/>\n            <a href=\"https:\/\/actu.fr\/auteur\/guillaume-laurens\" title=\"Consulter tous les articles de Guillaume Laurens\" target=\"_blank\" rel=\"noopener\">Guillaume Laurens<\/a><br \/>\n        <\/strong><\/p>\n<p>        Publi\u00e9 le<\/p>\n<p>            2 mai 2025 \u00e0 12h48        <\/p>\n<p>Ce premier week-end prolong\u00e9 du mois va \u00eatre tr\u00e8s agit\u00e9, c\u00f4t\u00e9 ciel \u00e0 <a href=\"https:\/\/actu.fr\/toulouse\/\" target=\"_blank\" rel=\"noopener\"><strong>Toulouse<\/strong><\/a>, et dans l\u2019agglom\u00e9ration, o\u00f9 des pr\u00e9cipitations parfois violentes sont pr\u00e9vues samedi 3 et dimanche 4 mai 2025. <strong>M\u00e9t\u00e9o France<\/strong> maintient ses <a href=\"https:\/\/actu.fr\/toulouse\/meteo\" target=\"_blank\" rel=\"noopener\">pr\u00e9visions<\/a> pour ce qui est des <strong>orages<\/strong>\u2026 et annonce d\u00e9sormais de la<strong> gr\u00eale<\/strong>. Voici \u00e0 quoi s\u2019attendre.<\/p>\n<p>Averses de gr\u00eale d\u00e8s samedi matin<\/p>\n<p class=\" wall-content\">Pour <strong>samedi<\/strong>, si le d\u00e9but de journ\u00e9e devrait \u00eatre ensoleill\u00e9, <a href=\"https:\/\/meteofrance.com\/previsions-meteo-france\/haute-garonne\/31\" target=\"_blank\" rel=\"noopener\">M\u00e9t\u00e9o France<\/a> annonce \u00e0 pr\u00e9sent que des<strong> \u00ab\u00a0averses de gr\u00eale\u00a0\u00bb <\/strong>sont susceptibles de tomber dans<strong> la matin\u00e9e<\/strong> sur la quasi-totalit\u00e9 de <strong>la Haute-Garonne<\/strong>, y compris \u00e0 <strong>Toulouse,<\/strong> \u00e0 l\u2019exception du <strong>Luchonnais<\/strong>, o\u00f9 le soleil devrait s\u2019imposer. \u00c0 noter que c\u2019est toutefois dans cette vall\u00e9e des Pyr\u00e9n\u00e9es que les premiers orages devraient s\u2019abattre ce vendredi apr\u00e8s-midi et en soir\u00e9e.<\/p>\n<p>      <img   decoding=\"async\" loading=\"lazy\" src=\"https:\/\/www.europesays.com\/fr\/wp-content\/uploads\/2025\/05\/previsions-meteo-haute-garonne-samedi-3-mai-2025-matin-960x640.jpg\" alt=\"Voici les pr\u00e9visions m\u00e9t\u00e9o en Haute-Garonne samedi 3 mai 2025 au matin\" width=\"960\" height=\"640\"\/><br \/>\n    Voici les pr\u00e9visions m\u00e9t\u00e9o en Haute-Garonne samedi 3 mai 2025 au matin (\u00a9M\u00e9t\u00e9o France)Orages avec gr\u00eale samedi apr\u00e8s-midi<\/p>\n<p class=\" wall-content\">Ce m\u00eame <strong>samedi, l\u2019apr\u00e8s-midi<\/strong> sera tout aussi agit\u00e9 c\u00f4t\u00e9 ciel dans le d\u00e9partement, o\u00f9 des <strong>\u00ab\u00a0orages avec gr\u00eale\u00a0\u00bb<\/strong> sont pr\u00e9visibles sur <strong>Toulouse<\/strong> et quasiment <strong>toute la Haute-Garonne,<\/strong> qu\u2019il s\u2019agisse des secteurs de Cadours, Fronton, Villemur-sur-Tarn, Verfeil, Revel, Villefranche-de-Lauragais, Muret, ainsi que le Volvestre et le Comminges\u2026<\/p>\n<p class=\" wall-content\">Seule exception, l\u00e0 encore : <strong>la principaut\u00e9 du Luchonnais<\/strong>, qui serait \u00e9pargn\u00e9e. Cet \u00e9pisode gr\u00ealeux pourrait persister <strong>en soir\u00e9e<\/strong>, sur tout le d\u00e9partement.<\/p>\n<p>      <img   decoding=\"async\" loading=\"lazy\" src=\"https:\/\/www.europesays.com\/fr\/wp-content\/uploads\/2025\/05\/previsions-meteo-haute-garonne-samedi-3-mai-2025-apres-midi-960x640.jpg\" alt=\"Voici les pr\u00e9visions m\u00e9t\u00e9o en Haute-Garonne samedi 3 mai 2025 apr\u00e8s-midi\" width=\"960\" height=\"640\"\/><br \/>\n    Voici les pr\u00e9visions m\u00e9t\u00e9o en Haute-Garonne samedi 3 mai 2025 apr\u00e8s-midi (\u00a9M\u00e9t\u00e9o France)Vid\u00e9os : en ce moment sur ActuRisque de gr\u00eale g\u00e9n\u00e9ralis\u00e9 en ex-Midi-Pyr\u00e9n\u00e9es<\/p>\n<p class=\" wall-content\">Au-del\u00e0 de la Haute-Garonne, ce risque de gr\u00eale concerne toute l\u2019ex<strong>-r\u00e9gion Midi-Pyr\u00e9n\u00e9es<\/strong>, le matin comme l\u2019apr\u00e8s-midi, \u00e0 l\u2019exception du Lot, o\u00f9 de simples orages sont annonc\u00e9s.<\/p>\n<p>      <img   decoding=\"async\" loading=\"lazy\" src=\"https:\/\/www.europesays.com\/fr\/wp-content\/uploads\/2025\/05\/previsions-meteo-occitanie-samedi-3-mai-2025-apres-midi-960x640.jpg\" alt=\"Voici les pr\u00e9visions m\u00e9t\u00e9o en Occitanie dimanche 4 mai 2025 au matin\" width=\"960\" height=\"640\"\/><br \/>\n    Voici les pr\u00e9visions m\u00e9t\u00e9o en Occitanie dimanche 4 mai 2025 au matin (\u00a9M\u00e9t\u00e9o France)\u00ab\u00a0Plusieurs pics de gr\u00eale assez localis\u00e9s\u00a0\u00bb, pr\u00e9vient M\u00e9t\u00e9o Pyr\u00e9n\u00e9es<\/p>\n<p class=\" wall-content\">\u00ab\u00a0C\u2019est un risque orageux av\u00e9r\u00e9 le long de <strong>toute la cha\u00eene des Pyr\u00e9n\u00e9es,<\/strong> de l\u2019Atlantique \u00e0 la M\u00e9diterran\u00e9e\u00a0\u00bb, confirme \u00e0 Actu Toulouse <strong>Christophe Dedieu<\/strong>, pr\u00e9sident de <a href=\"https:\/\/www.meteopyrenees.fr\/\" target=\"_blank\" rel=\"noopener\">M\u00e9t\u00e9o Pyr\u00e9n\u00e9es<\/a>.<\/p>\n<blockquote class=\"ac-article-quote wall-content\">\n<p>Des passages sont pr\u00e9visibles d\u00e8s le matin, puis l&rsquo;apr\u00e8s-midi, avec un risque de plusieurs pics de gr\u00eale lors d&rsquo;\u00e9pisodes assez localis\u00e9s.<\/p>\n<p>    <strong>Christophe Dedieu<\/strong><br \/>\n        Pr\u00e9sident de M\u00e9t\u00e9o Pyr\u00e9n\u00e9es    <\/p><\/blockquote>\n<p class=\" wall-content\">Comme toujours, impossible de savoir pour l\u2019heure les secteurs qui seront les plus concern\u00e9s : \u00ab\u00a0Il pourrait gr\u00ealer \u00e0 un endroit, mais pas quelques kilom\u00e8tres plus loin\u2026\u00a0\u00bb\u00a0Malgr\u00e9 le pont du premier mai, ce ne sera pas un jour \u00e0 partir en rando, car <strong>\u00ab\u00a0cela risque de taper fort en montagne\u00a0\u00bb.<\/strong><\/p>\n<p>Les orages persisteront dimanche<\/p>\n<p class=\" wall-content\">Dimanche 4 mai 2025, des <strong>averses orageuses<\/strong> sont encore \u00e0 pr\u00e9voir en matin\u00e9e, et <strong>des orages<\/strong> l\u2019apr\u00e8s-midi en Haute-Garonne. R\u00e9sultat : les temp\u00e9ratures devraient chuter en moyenne de cinq degr\u00e9s entre samedi et dimanche.<\/p>\n<p>      <img   decoding=\"async\" loading=\"lazy\" src=\"https:\/\/www.europesays.com\/fr\/wp-content\/uploads\/2025\/05\/previsions-meteo-haute-garonne-dimanche-4-mai-2025-apres-midi-960x640.jpg\" alt=\"Voici les pr\u00e9visions m\u00e9t\u00e9o en Haute-Garonne dimanche 4 mai 2025 au matin\" width=\"960\" height=\"640\"\/><br \/>\n    Voici les pr\u00e9visions m\u00e9t\u00e9o en Haute-Garonne dimanche 4 mai 2025 au matin (\u00a9M\u00e9t\u00e9o France)<\/p>\n<p class=\" wall-content\">Suivez toute l\u2019actualit\u00e9 de vos villes et m\u00e9dias favoris en vous inscrivant \u00e0 <a href=\"https:\/\/moncompte.actu.fr\" title=\"D\u00e9couvez Mon Actu\" rel=\"nofollow noopener\" data-trk=\"{&quot;cta&quot;:{&quot;action&quot;:&quot;https:\\\/\\\/moncompte.actu.fr&quot;,&quot;category&quot;:&quot;mon compte&quot;,&quot;from&quot;:&quot;article footer&quot;,&quot;name&quot;:&quot;Mon actu&quot;,&quot;type&quot;:&quot;cta&quot;}}\" target=\"_blank\">Mon Actu<\/a>.<\/p>\n","protected":false},"excerpt":{"rendered":"Par Guillaume Laurens Publi\u00e9 le 2 mai 2025 \u00e0 12h48 Ce premier week-end prolong\u00e9 du mois va \u00eatre&hellip;\n","protected":false},"author":2,"featured_media":69195,"comment_status":"","ping_status":"","sticky":false,"template":"","format":"standard","meta":{"footnotes":""},"categories":[2816],"tags":[1111,11,1777,674,1011,27,2487,2357,12,2680,4594,25,2312],"class_list":{"0":"post-69194","1":"post","2":"type-post","3":"status-publish","4":"format-standard","5":"has-post-thumbnail","7":"category-toulouse","8":"tag-actu","9":"tag-actualites","10":"tag-eu","11":"tag-europe","12":"tag-fr","13":"tag-france","14":"tag-meteo","15":"tag-meteo-france","16":"tag-news","17":"tag-occitanie","18":"tag-orages","19":"tag-republique-francaise","20":"tag-toulouse"},"share_on_mastodon":{"url":"https:\/\/pubeurope.com\/@fr\/114437951685532718","error":""},"_links":{"self":[{"href":"https:\/\/www.europesays.com\/fr\/wp-json\/wp\/v2\/posts\/69194","targetHints":{"allow":["GET"]}}],"collection":[{"href":"https:\/\/www.europesays.com\/fr\/wp-json\/wp\/v2\/posts"}],"about":[{"href":"https:\/\/www.europesays.com\/fr\/wp-json\/wp\/v2\/types\/post"}],"author":[{"embeddable":true,"href":"https:\/\/www.europesays.com\/fr\/wp-json\/wp\/v2\/users\/2"}],"replies":[{"embeddable":true,"href":"https:\/\/www.europesays.com\/fr\/wp-json\/wp\/v2\/comments?post=69194"}],"version-history":[{"count":0,"href":"https:\/\/www.europesays.com\/fr\/wp-json\/wp\/v2\/posts\/69194\/revisions"}],"wp:featuredmedia":[{"embeddable":true,"href":"https:\/\/www.europesays.com\/fr\/wp-json\/wp\/v2\/media\/69195"}],"wp:attachment":[{"href":"https:\/\/www.europesays.com\/fr\/wp-json\/wp\/v2\/media?parent=69194"}],"wp:term":[{"taxonomy":"category","embeddable":true,"href":"https:\/\/www.europesays.com\/fr\/wp-json\/wp\/v2\/categories?post=69194"},{"taxonomy":"post_tag","embeddable":true,"href":"https:\/\/www.europesays.com\/fr\/wp-json\/wp\/v2\/tags?post=69194"}],"curies":[{"name":"wp","href":"https:\/\/api.w.org\/{rel}","templated":true}]}}