{"id":691940,"date":"2026-01-27T05:11:16","date_gmt":"2026-01-27T05:11:16","guid":{"rendered":"https:\/\/www.europesays.com\/fr\/691940\/"},"modified":"2026-01-27T05:11:16","modified_gmt":"2026-01-27T05:11:16","slug":"iran-il-faut-se-mefier-de-tout-le-monde-y-compris-de-son-voisin-maryam-sinquiete-2","status":"publish","type":"post","link":"https:\/\/www.europesays.com\/fr\/691940\/","title":{"rendered":"Iran. \u00ab\u00a0Il faut se m\u00e9fier de tout le monde, y compris de son voisin\u00a0\u00bb\u00a0: Maryam s\u2019inqui\u00e8te"},"content":{"rendered":"<p>Samedi 17\u00a0janvier 2026, la communaut\u00e9 iranienne s\u2019est regroup\u00e9e place Royale pour protester contre la r\u00e9pression en Iran. Samedi\u00a023, ils \u00e9taient \u00e0 nouveau r\u00e9unis place Graslin. Maryam\u00a0(*), Nantaise depuis 2002, \u00e9tait naturellement aux deux rendez-vous. Elle vient d\u2019\u00e9crire un livre sur ses souvenirs d\u2019Iran, Libert\u00e9, un amour compromis, aux \u00e9ditions Baudelaire. Un livre &#8230;<\/p>\n<p>\u00a0<\/p>\n","protected":false},"excerpt":{"rendered":"Samedi 17\u00a0janvier 2026, la communaut\u00e9 iranienne s\u2019est regroup\u00e9e place Royale pour protester contre la r\u00e9pression en Iran. Samedi\u00a023,&hellip;\n","protected":false},"author":2,"featured_media":691177,"comment_status":"","ping_status":"","sticky":false,"template":"","format":"standard","meta":{"footnotes":""},"categories":[2818],"tags":[1111,11,75192,1777,674,652,8290,1011,27,7263,3019,78713,78712,74,766,12,2636,25,43481],"class_list":{"0":"post-691940","1":"post","2":"type-post","3":"status-publish","4":"format-standard","5":"has-post-thumbnail","7":"category-nantes","8":"tag-actu","9":"tag-actualites","10":"tag-compris","11":"tag-eu","12":"tag-europe","13":"tag-famille","14":"tag-faut","15":"tag-fr","16":"tag-france","17":"tag-inquiete","18":"tag-iran","19":"tag-maryam","20":"tag-mefier","21":"tag-monde","22":"tag-nantes","23":"tag-news","24":"tag-pays-de-la-loire","25":"tag-republique-francaise","26":"tag-voisin"},"share_on_mastodon":{"url":"https:\/\/pubeurope.com\/@fr\/115965348051780213","error":""},"_links":{"self":[{"href":"https:\/\/www.europesays.com\/fr\/wp-json\/wp\/v2\/posts\/691940","targetHints":{"allow":["GET"]}}],"collection":[{"href":"https:\/\/www.europesays.com\/fr\/wp-json\/wp\/v2\/posts"}],"about":[{"href":"https:\/\/www.europesays.com\/fr\/wp-json\/wp\/v2\/types\/post"}],"author":[{"embeddable":true,"href":"https:\/\/www.europesays.com\/fr\/wp-json\/wp\/v2\/users\/2"}],"replies":[{"embeddable":true,"href":"https:\/\/www.europesays.com\/fr\/wp-json\/wp\/v2\/comments?post=691940"}],"version-history":[{"count":0,"href":"https:\/\/www.europesays.com\/fr\/wp-json\/wp\/v2\/posts\/691940\/revisions"}],"wp:featuredmedia":[{"embeddable":true,"href":"https:\/\/www.europesays.com\/fr\/wp-json\/wp\/v2\/media\/691177"}],"wp:attachment":[{"href":"https:\/\/www.europesays.com\/fr\/wp-json\/wp\/v2\/media?parent=691940"}],"wp:term":[{"taxonomy":"category","embeddable":true,"href":"https:\/\/www.europesays.com\/fr\/wp-json\/wp\/v2\/categories?post=691940"},{"taxonomy":"post_tag","embeddable":true,"href":"https:\/\/www.europesays.com\/fr\/wp-json\/wp\/v2\/tags?post=691940"}],"curies":[{"name":"wp","href":"https:\/\/api.w.org\/{rel}","templated":true}]}}