{"id":691959,"date":"2026-01-27T05:22:11","date_gmt":"2026-01-27T05:22:11","guid":{"rendered":"https:\/\/www.europesays.com\/fr\/691959\/"},"modified":"2026-01-27T05:22:11","modified_gmt":"2026-01-27T05:22:11","slug":"ce-groupe-mise-sur-sa-politique-rse-pour-fideliser-ses-equipes","status":"publish","type":"post","link":"https:\/\/www.europesays.com\/fr\/691959\/","title":{"rendered":"Ce groupe mise sur sa politique RSE pour fid\u00e9liser ses \u00e9quipes"},"content":{"rendered":"<blockquote class=\"question\"><p>Votre m\u00e9tier dans la restauration pour les personnes fragilis\u00e9es (h\u00f4pitaux, maisons de retraite, handicap\u2026) souffre parfois d\u2019une \u00ab\u00a0mauvaise r\u00e9putation\u00a0\u00bb. Pourquoi\u00a0?<\/p><\/blockquote>\n<p>\u00ab\u00a0D\u00e8s qu\u2019on parle de cet univers, il y a souvent une vision assez n\u00e9gative. On se dit \u00ab\u00a0cela ne va pas \u00eatre bon\u2026\u00a0\u00bb On est pourtant des m\u00e9tiers vitaux, structurants, qui ont du sens\u2026 Dans la sant\u00e9, les contraintes \u00e9conomiques sont extr\u00eamement fortes. Comment faire plaisir avec seulement cinq ou six euros pour une journ\u00e9e, ce n\u2019est pas \u00e9vident. \u00c0 p\u00e9rim\u00e8tre contraint, on essaye de faire de bons repas, qui fassent plaisir et servis avec le c\u0153ur. Avec 165\u00a0000 repas servis chaque jour, on nourrit la France un jour par an.\u00a0\u00bb<\/p>\n<blockquote class=\"question\"><p>Vous avez&#8230;<\/p><\/blockquote>\n","protected":false},"excerpt":{"rendered":"Votre m\u00e9tier dans la restauration pour les personnes fragilis\u00e9es (h\u00f4pitaux, maisons de retraite, handicap\u2026) souffre parfois d\u2019une \u00ab\u00a0mauvaise&hellip;\n","protected":false},"author":2,"featured_media":691960,"comment_status":"","ping_status":"","sticky":false,"template":"","format":"standard","meta":{"footnotes":""},"categories":[1889],"tags":[1111,11,2430,33,2757,1777,674,1011,27,2428,2756,12,25,2429,801],"class_list":{"0":"post-691959","1":"post","2":"type-post","3":"status-publish","4":"format-standard","5":"has-post-thumbnail","7":"category-lyon","8":"tag-actu","9":"tag-actualites","10":"tag-auvergne-rhone-alpes","11":"tag-economie","12":"tag-edition-lyon-villeurbanne","13":"tag-eu","14":"tag-europe","15":"tag-fr","16":"tag-france","17":"tag-lyon","18":"tag-lyon-bassin","19":"tag-news","20":"tag-republique-francaise","21":"tag-rhone","22":"tag-social"},"share_on_mastodon":{"url":"https:\/\/pubeurope.com\/@fr\/115965391165700066","error":""},"_links":{"self":[{"href":"https:\/\/www.europesays.com\/fr\/wp-json\/wp\/v2\/posts\/691959","targetHints":{"allow":["GET"]}}],"collection":[{"href":"https:\/\/www.europesays.com\/fr\/wp-json\/wp\/v2\/posts"}],"about":[{"href":"https:\/\/www.europesays.com\/fr\/wp-json\/wp\/v2\/types\/post"}],"author":[{"embeddable":true,"href":"https:\/\/www.europesays.com\/fr\/wp-json\/wp\/v2\/users\/2"}],"replies":[{"embeddable":true,"href":"https:\/\/www.europesays.com\/fr\/wp-json\/wp\/v2\/comments?post=691959"}],"version-history":[{"count":0,"href":"https:\/\/www.europesays.com\/fr\/wp-json\/wp\/v2\/posts\/691959\/revisions"}],"wp:featuredmedia":[{"embeddable":true,"href":"https:\/\/www.europesays.com\/fr\/wp-json\/wp\/v2\/media\/691960"}],"wp:attachment":[{"href":"https:\/\/www.europesays.com\/fr\/wp-json\/wp\/v2\/media?parent=691959"}],"wp:term":[{"taxonomy":"category","embeddable":true,"href":"https:\/\/www.europesays.com\/fr\/wp-json\/wp\/v2\/categories?post=691959"},{"taxonomy":"post_tag","embeddable":true,"href":"https:\/\/www.europesays.com\/fr\/wp-json\/wp\/v2\/tags?post=691959"}],"curies":[{"name":"wp","href":"https:\/\/api.w.org\/{rel}","templated":true}]}}