{"id":691961,"date":"2026-01-27T05:24:10","date_gmt":"2026-01-27T05:24:10","guid":{"rendered":"https:\/\/www.europesays.com\/fr\/691961\/"},"modified":"2026-01-27T05:24:10","modified_gmt":"2026-01-27T05:24:10","slug":"les-hauts-de-france-veulent-donner-un-coup-de-fouet-a-lemploi-dans-le-nucleaire","status":"publish","type":"post","link":"https:\/\/www.europesays.com\/fr\/691961\/","title":{"rendered":"Les Hauts-de-France veulent donner un coup de fouet \u00e0 l&#8217;emploi dans le nucl\u00e9aire"},"content":{"rendered":"\n<p style=\"margin-bottom: 0cm;\">Un protocole a \u00e9t\u00e9 sign\u00e9 entre le conseil r\u00e9gional et l&rsquo;Universit\u00e9 des m\u00e9tiers du nucl\u00e9aire, pour renforcer l&#8217;emploi mais aussi la formation dans le secteur du nucl\u00e9aire sur le territoire. La R\u00e9gion pointe \u00ab\u00a0les besoins croissants en comp\u00e9tences d\u2019une fili\u00e8re cl\u00e9 pour la souverainet\u00e9 industrielle\u00a0\u00bb. En ligne de mire notamment, le projet de construction de deux nouvelles paires d\u2019EPR2 \u00e0 Gravelines qui va mobiliser plusieurs milliers d\u2019emplois dans les prochaines ann\u00e9es. <\/p>\n<p lang=\"fr-FR\" style=\"margin-bottom: 0cm; font-style: normal;\">\u00a0<\/p>\n<p lang=\"fr-FR\" style=\"margin-bottom: 0cm;\">Nicolas Chacun<\/p>\n<p>!function(f,b,e,v,n,t,s){if(f.fbq)return;n=f.fbq=function(){n.callMethod?<br \/>\nn.callMethod.apply(n,arguments):n.queue.push(arguments)};if(!f._fbq)f._fbq=n;<br \/>\nn.push=n;n.loaded=!0;n.version=&rsquo;2.0&prime;;n.queue=[];t=b.createElement(e);t.async=!0;<br \/>\nt.src=v;s=b.getElementsByTagName(e)[0];s.parentNode.insertBefore(t,s)}(window,<br \/>\ndocument,&rsquo;script&rsquo;,&rsquo;https:\/\/connect.facebook.net\/en_US\/fbevents.js&rsquo;);<br \/>\nfbq(&lsquo;init&rsquo;, &lsquo;278974969201861&rsquo;); \/\/ Insert your pixel ID here.<br \/>\nfbq(&lsquo;track&rsquo;, &lsquo;PageView&rsquo;);<\/p>\n","protected":false},"excerpt":{"rendered":"Un protocole a \u00e9t\u00e9 sign\u00e9 entre le conseil r\u00e9gional et l&rsquo;Universit\u00e9 des m\u00e9tiers du nucl\u00e9aire, pour renforcer l&#8217;emploi&hellip;\n","protected":false},"author":2,"featured_media":691962,"comment_status":"","ping_status":"","sticky":false,"template":"","format":"standard","meta":{"footnotes":""},"categories":[1592],"tags":[1111,11,1933,1936,1777,1939,674,1011,27,662,1934,12,1940,626,1935,25,1937,1941,1938],"class_list":{"0":"post-691961","1":"post","2":"type-post","3":"status-publish","4":"format-standard","5":"has-post-thumbnail","7":"category-ile-de-france","8":"tag-actu","9":"tag-actualites","10":"tag-actualites-locales","11":"tag-essonne","12":"tag-eu","13":"tag-eure-et-loir","14":"tag-europe","15":"tag-fr","16":"tag-france","17":"tag-ile-de-france","18":"tag-infos-locales","19":"tag-news","20":"tag-oise","21":"tag-paris","22":"tag-pres-de-chez-vous","23":"tag-republique-francaise","24":"tag-seine-et-marne","25":"tag-somme","26":"tag-yvelines"},"share_on_mastodon":{"url":"https:\/\/pubeurope.com\/@fr\/115965399092696474","error":""},"_links":{"self":[{"href":"https:\/\/www.europesays.com\/fr\/wp-json\/wp\/v2\/posts\/691961","targetHints":{"allow":["GET"]}}],"collection":[{"href":"https:\/\/www.europesays.com\/fr\/wp-json\/wp\/v2\/posts"}],"about":[{"href":"https:\/\/www.europesays.com\/fr\/wp-json\/wp\/v2\/types\/post"}],"author":[{"embeddable":true,"href":"https:\/\/www.europesays.com\/fr\/wp-json\/wp\/v2\/users\/2"}],"replies":[{"embeddable":true,"href":"https:\/\/www.europesays.com\/fr\/wp-json\/wp\/v2\/comments?post=691961"}],"version-history":[{"count":0,"href":"https:\/\/www.europesays.com\/fr\/wp-json\/wp\/v2\/posts\/691961\/revisions"}],"wp:featuredmedia":[{"embeddable":true,"href":"https:\/\/www.europesays.com\/fr\/wp-json\/wp\/v2\/media\/691962"}],"wp:attachment":[{"href":"https:\/\/www.europesays.com\/fr\/wp-json\/wp\/v2\/media?parent=691961"}],"wp:term":[{"taxonomy":"category","embeddable":true,"href":"https:\/\/www.europesays.com\/fr\/wp-json\/wp\/v2\/categories?post=691961"},{"taxonomy":"post_tag","embeddable":true,"href":"https:\/\/www.europesays.com\/fr\/wp-json\/wp\/v2\/tags?post=691961"}],"curies":[{"name":"wp","href":"https:\/\/api.w.org\/{rel}","templated":true}]}}