{"id":691974,"date":"2026-01-27T05:31:13","date_gmt":"2026-01-27T05:31:13","guid":{"rendered":"https:\/\/www.europesays.com\/fr\/691974\/"},"modified":"2026-01-27T05:31:13","modified_gmt":"2026-01-27T05:31:13","slug":"tensions-avec-la-police-de-limmigration-aux-usa-suspension-de-linterdiction-de-lusage-de-la-force-par-les-agents-de-lice-a-minneapolis","status":"publish","type":"post","link":"https:\/\/www.europesays.com\/fr\/691974\/","title":{"rendered":"Tensions avec la police de l&rsquo;immigration aux USA &#8211; Suspension de l&rsquo;interdiction de l&rsquo;usage de la force par les agents de l&rsquo;ICE \u00e0 Minneapolis"},"content":{"rendered":"<p><img decoding=\"async\" class=\"w-full object-contain\" style=\"aspect-ratio:150 \/ 100;opacity:1\" alt=\"Tensions avec la police de l'immigration aux USA - Suspension de l'interdiction de l'usage de la force par les agents de l'ICE \u00e0 Minneapolis\" width=\"512\" height=\"341\" fetchpriority=\"high\" src=\"https:\/\/www.europesays.com\/fr\/wp-content\/uploads\/2026\/01\/Y2YDZOD6RNHMHK4WOLFQMDVGPI.jpg\"  \/><\/p>\n<p class=\"ap-StoryElement ap-StoryElement--mb ap-StoryText\">Au mois de d\u00e9cembre, six manifestants avaient intent\u00e9 un proc\u00e8s contre l&rsquo;ICE, estimant que leurs droits fondamentaux avaient \u00e9t\u00e9 bafou\u00e9s. Ils affirmaient notamment que des agents de la police de l&rsquo;immigration avaient point\u00e9 leur arme sur des personnes innocentes et avaient fait un usage disproportionn\u00e9 de la violence.<\/p>\n<p class=\"ap-StoryElement ap-StoryElement--mb ap-StoryText\">Mi-janvier, la juge f\u00e9d\u00e9rale Kate Menendez avait alors impos\u00e9 des restrictions \u00e0 l&rsquo;ICE, ordonnant notamment aux agents de ne pas arr\u00eater ou d\u00e9tenir des manifestants dans leur v\u00e9hicule qui \u00ab\u00a0ne font pas obstruction\u00a0\u00bb \u00e0 leur action, ainsi que de ne pas utiliser de spray au poivre. Cette injonction \u00e9tait suppos\u00e9e rester en vigueur jusqu&rsquo;au d\u00e9but de l&rsquo;examen au fond de l&rsquo;affaire.<\/p>\n","protected":false},"excerpt":{"rendered":"Au mois de d\u00e9cembre, six manifestants avaient intent\u00e9 un proc\u00e8s contre l&rsquo;ICE, estimant que leurs droits fondamentaux avaient&hellip;\n","protected":false},"author":2,"featured_media":2837,"comment_status":"","ping_status":"","sticky":false,"template":"","format":"standard","meta":{"footnotes":""},"categories":[1589],"tags":[11,73,1866,1061,8639,12,1072,1864,1865,1863,308,809],"class_list":{"0":"post-691974","1":"post","2":"type-post","3":"status-publish","4":"format-standard","5":"has-post-thumbnail","7":"category-etats-unis","8":"tag-actualites","9":"tag-etats-unis","10":"tag-etats-unis-damerique","11":"tag-immigration","12":"tag-judiciaire","13":"tag-news","14":"tag-police","15":"tag-united-states","16":"tag-united-states-of-america","17":"tag-us","18":"tag-usa","19":"tag-violence"},"share_on_mastodon":{"url":"https:\/\/pubeurope.com\/@fr\/115965426708411805","error":""},"_links":{"self":[{"href":"https:\/\/www.europesays.com\/fr\/wp-json\/wp\/v2\/posts\/691974","targetHints":{"allow":["GET"]}}],"collection":[{"href":"https:\/\/www.europesays.com\/fr\/wp-json\/wp\/v2\/posts"}],"about":[{"href":"https:\/\/www.europesays.com\/fr\/wp-json\/wp\/v2\/types\/post"}],"author":[{"embeddable":true,"href":"https:\/\/www.europesays.com\/fr\/wp-json\/wp\/v2\/users\/2"}],"replies":[{"embeddable":true,"href":"https:\/\/www.europesays.com\/fr\/wp-json\/wp\/v2\/comments?post=691974"}],"version-history":[{"count":0,"href":"https:\/\/www.europesays.com\/fr\/wp-json\/wp\/v2\/posts\/691974\/revisions"}],"wp:featuredmedia":[{"embeddable":true,"href":"https:\/\/www.europesays.com\/fr\/wp-json\/wp\/v2\/media\/2837"}],"wp:attachment":[{"href":"https:\/\/www.europesays.com\/fr\/wp-json\/wp\/v2\/media?parent=691974"}],"wp:term":[{"taxonomy":"category","embeddable":true,"href":"https:\/\/www.europesays.com\/fr\/wp-json\/wp\/v2\/categories?post=691974"},{"taxonomy":"post_tag","embeddable":true,"href":"https:\/\/www.europesays.com\/fr\/wp-json\/wp\/v2\/tags?post=691974"}],"curies":[{"name":"wp","href":"https:\/\/api.w.org\/{rel}","templated":true}]}}