{"id":691977,"date":"2026-01-27T05:33:23","date_gmt":"2026-01-27T05:33:23","guid":{"rendered":"https:\/\/www.europesays.com\/fr\/691977\/"},"modified":"2026-01-27T05:33:23","modified_gmt":"2026-01-27T05:33:23","slug":"malmenee-par-lespagne-lequipe-de-france-de-handball-contrainte-de-battre-lallemagne-pour-continuer-sa-route-a-leuro","status":"publish","type":"post","link":"https:\/\/www.europesays.com\/fr\/691977\/","title":{"rendered":"Malmen\u00e9e par l\u2019Espagne, l\u2019\u00e9quipe de France de handball contrainte de battre l&rsquo;Allemagne pour continuer sa route \u00e0 l\u2019Euro"},"content":{"rendered":"<p>Euro. Espagne &#8211; France : 36-32<\/p>\n<p>Les Bleus peuvent souffler. \u00ab Une situation merdique \u00bb, r\u00e9sumait le s\u00e9lectionneur Guillaume Gille, alors que la France devait esp\u00e9rer une victoire du Danemark face \u00e0 l\u2019Allemagne pour garder son destin entre ses mains. Coup de pouce du destin, les Danois ont \u00e9t\u00e9 sans piti\u00e9 pour les Allemands (31-26) et rebattent les cartes dans le groupe I. Lors de l\u2019ultime journ\u00e9e, les Fran\u00e7ais devront imp\u00e9rativement battre l\u2019Allemagne pour empocher le deuxi\u00e8me billet pour les demi-finales, le Danemark \u00e9tant d\u00e9j\u00e0 qualifi\u00e9.<\/p>\n<p>Des calculs bien difficiles, la faute \u00e0 un match m\u00e9diocre contre l\u2019Espagne. Deux jours apr\u00e8s avoir construit en une mi-temps leur <a href=\"https:\/\/www.letelegramme.fr\/sports\/handball\/lequipe-de-france-donne-une-lecon-au-portugal-lors-du-deuxieme-match-du-tour-principal-de-leuro-6971070.php\" target=\"_blank\" rel=\"noopener\">succ\u00e8s spectaculaire face au Portugal,<\/a> les Bleus sont apparus m\u00e9connaissables, aussi friables d\u00e9fensivement, qu\u2019incapables d\u2019imposer leur rythme en attaque, dans un premier acte qui leur a \u00e9t\u00e9 fatal, avec six buts de retard \u00e0 la pause (20-14). Face \u00e0 une \u00e9quipe espagnole d\u00e9j\u00e0 \u00e9limin\u00e9e de la course aux demi-finales, qui plus est.<\/p>\n<p>\u00ab Un peu comme l\u2019an dernier face aux Croates, on perd la bataille tactiquement \u00bb, a regrett\u00e9 le demi-centre Aymeric Minne, ramenant au souvenir du fiasco en premi\u00e8re p\u00e9riode de la demi-finale du dernier Mondial.<\/p>\n<p>\u00ab Pas normal de jouer comme on l\u2019a fait \u00bb<\/p>\n<p>Le pi\u00e8ge espagnol \u00e9tait pourtant annonc\u00e9. \u00ab On est tomb\u00e9s dedans avec les deux pieds et la t\u00eate \u00bb, a pest\u00e9 Dika Mem, \u00ab ce n\u2019est pas normal de jouer comme on l\u2019a fait \u00bb.<\/p>\n<p>Ian Barrufet (10\/11) a fait la loi devant, quand la d\u00e9fense impos\u00e9e par les Espagnols a rendu les champions d\u2019Europe en titre presque muets, limit\u00e9s \u00e0 14 buts \u00e0 la pause, quand ces derniers tournaient \u00e0 40,2 buts par rencontre jusqu\u2019ici.<\/p>\n<p>\u00ab On s\u2019est emp\u00eatr\u00e9s dans leur d\u00e9fense, un mix entre une 1-5 et une 3-3, admettait Gille, mais c\u2019est vraiment le jeu complet qui en premi\u00e8re p\u00e9riode n\u2019a pas \u00e9t\u00e9 au niveau attendu. Il n\u2019y a pas un domaine plus qu\u2019un autre. \u00bb<\/p>\n<p>Dos au mur, les Bleus ont bien tent\u00e9 de sonner la r\u00e9volte, au point m\u00eame de revenir \u00e0 un but d\u2019\u00e9cart, gr\u00e2ce notamment \u00e0 la tr\u00e8s bonne entr\u00e9e de R\u00e9mi Desbonnet (9\/25) dans le but. Mais les parades du Montpelli\u00e9rain ont \u00e0 peine cach\u00e9, lundi soir, le gros manque d\u2019efficacit\u00e9 des Fran\u00e7ais, venus se casser les dents sur Sergey Hernandez et consorts quand ils avaient la possibilit\u00e9 de renverser la vapeur.<\/p>\n<p>Alors que les quelque 10 000 spectateurs danois ont applaudi, ravis, la performance de l\u2019Espagne, les Bleus sont ressortis le visage ferm\u00e9. Et leur r\u00eave peut-\u00eatre en train de leur \u00e9chapper. \u00ab On n\u2019a pas saisi la possibilit\u00e9 de relancer la machine, regrette le capitaine Ludovic Fabregas. Cette d\u00e9faite, on la m\u00e9rite aussi, on l\u2019a cherch\u00e9e. \u00bb L\u2019\u00e9quipe de France n&rsquo;a plus le droit \u00e0 l&rsquo;erreur.<\/p>\n","protected":false},"excerpt":{"rendered":"Euro. Espagne &#8211; France : 36-32 Les Bleus peuvent souffler. \u00ab Une situation merdique \u00bb, r\u00e9sumait le s\u00e9lectionneur&hellip;\n","protected":false},"author":2,"featured_media":691978,"comment_status":"","ping_status":"","sticky":false,"template":"","format":"standard","meta":{"footnotes":""},"categories":[1587],"tags":[11,672,1804,1805,1803,3166,1777,674,1801,1792,12,1802,60],"class_list":{"0":"post-691977","1":"post","2":"type-post","3":"status-publish","4":"format-standard","5":"has-post-thumbnail","7":"category-allemagne","8":"tag-actualites","9":"tag-allemagne","10":"tag-bundesrepublik-deutschland","11":"tag-de","12":"tag-deutschland","13":"tag-en-continu-sports","14":"tag-eu","15":"tag-europe","16":"tag-germany","17":"tag-handball","18":"tag-news","19":"tag-republique-federale-dallemagne","20":"tag-sports"},"share_on_mastodon":{"url":"https:\/\/pubeurope.com\/@fr\/115965434503738928","error":""},"_links":{"self":[{"href":"https:\/\/www.europesays.com\/fr\/wp-json\/wp\/v2\/posts\/691977","targetHints":{"allow":["GET"]}}],"collection":[{"href":"https:\/\/www.europesays.com\/fr\/wp-json\/wp\/v2\/posts"}],"about":[{"href":"https:\/\/www.europesays.com\/fr\/wp-json\/wp\/v2\/types\/post"}],"author":[{"embeddable":true,"href":"https:\/\/www.europesays.com\/fr\/wp-json\/wp\/v2\/users\/2"}],"replies":[{"embeddable":true,"href":"https:\/\/www.europesays.com\/fr\/wp-json\/wp\/v2\/comments?post=691977"}],"version-history":[{"count":0,"href":"https:\/\/www.europesays.com\/fr\/wp-json\/wp\/v2\/posts\/691977\/revisions"}],"wp:featuredmedia":[{"embeddable":true,"href":"https:\/\/www.europesays.com\/fr\/wp-json\/wp\/v2\/media\/691978"}],"wp:attachment":[{"href":"https:\/\/www.europesays.com\/fr\/wp-json\/wp\/v2\/media?parent=691977"}],"wp:term":[{"taxonomy":"category","embeddable":true,"href":"https:\/\/www.europesays.com\/fr\/wp-json\/wp\/v2\/categories?post=691977"},{"taxonomy":"post_tag","embeddable":true,"href":"https:\/\/www.europesays.com\/fr\/wp-json\/wp\/v2\/tags?post=691977"}],"curies":[{"name":"wp","href":"https:\/\/api.w.org\/{rel}","templated":true}]}}