{"id":692022,"date":"2026-01-27T06:04:11","date_gmt":"2026-01-27T06:04:11","guid":{"rendered":"https:\/\/www.europesays.com\/fr\/692022\/"},"modified":"2026-01-27T06:04:11","modified_gmt":"2026-01-27T06:04:11","slug":"les-porteurs-de-projet-peuvent-repondre-jusquau-15-fevrier","status":"publish","type":"post","link":"https:\/\/www.europesays.com\/fr\/692022\/","title":{"rendered":"les porteurs de projet peuvent r\u00e9pondre jusqu\u2019au 15\u00a0f\u00e9vrier"},"content":{"rendered":"<p>\u00ab Les <a href=\"https:\/\/www.estrepublicain.fr\/environnement\/2025\/03\/01\/la-serre-a-projets-soutient-les-dossiers-innovants\" target=\"_blank\" rel=\"noopener\">projets<\/a> peuvent notamment concerner\u00a0: la qualit\u00e9 de vie, le lien social des seniors, l\u2019habitat et l\u2019accompagnement \u00e0 domicile, le soutien aux aidants, explique B\u00e9reng\u00e8re Aba-Perea de Metz Noblat, cheffe de projet.\u00a0Si des porteurs (particuliers, seuls ou en collectif informel, des associations existantes, des entreprises sociales ou projets relevant de l\u2019\u00e9conomie sociale et solidaire), ne sont pas encore implant\u00e9s sur le territoire du Sud Meurthe-et-Mosellan, leur projet (en r\u00e9flexion ou d\u00e9j\u00e0 activ\u00e9) doit y \u00eatre principalement localis\u00e9.\u00a0\u00bb<\/p>\n<p>  Passer de l&rsquo;id\u00e9e \u00e0 l&rsquo;action<\/p>\n<p>Soutenue par des collectivit\u00e9s territoriales, des organismes sociaux et financiers, la Serre \u00e0 projets accompagne les porteurs pendant plusieurs mois.\u00a0Elle propose des formations th\u00e9matiques, des ateliers collectifs, des rendez-vous individuels, des temps de mise en r\u00e9seau avec l\u2019\u00e9cosyst\u00e8me local.<\/p>\n<p>L\u2019objectif est de passer de l\u2019id\u00e9e \u00e0 l\u2019action, de consolider la viabilit\u00e9 du projet et de l\u2019ancrer durablement sur le territoire.<\/p>\n<p>\u00ab La s\u00e9lection se d\u00e9roule en deux temps\u00a0: une phase \u00e9crite (\u00e9tude du dossier) et une audition (pr\u00e9sentation du projet devant un comit\u00e9 de pilotage), pr\u00e9cise B\u00e9reng\u00e8re\u00a0Aba-Perea de Metz Noblat. Les projets sont ensuite \u00e9valu\u00e9s (ancrage dans l\u2019ESS, impact social, environnemental et territorial, caract\u00e8re innovant, capacit\u00e9 \u00e0 mobiliser un \u00e9cosyst\u00e8me d\u2019acteurs locaux, coh\u00e9rence entre le porteur et le projet).<\/p>\n<p>  Le calendrier<\/p>\n<p>15\u00a0f\u00e9vrier\u00a0: cl\u00f4ture de l\u2019appel. 5\u00a0mars\u00a0: jury de s\u00e9lection. Mi-mars\u00a0: d\u00e9marrage de l\u2019accompagnement.\u00a0Fin d\u00e9cembre\u00a0: fin de l\u2019accompagnement.<\/p>\n<p class=\"note\">Renseignements inscriptions\u00a0: www.laserre.org<\/p>\n","protected":false},"excerpt":{"rendered":"\u00ab Les projets peuvent notamment concerner\u00a0: la qualit\u00e9 de vie, le lien social des seniors, l\u2019habitat et l\u2019accompagnement&hellip;\n","protected":false},"author":2,"featured_media":692023,"comment_status":"","ping_status":"","sticky":false,"template":"","format":"standard","meta":{"footnotes":""},"categories":[9635],"tags":[1111,11,33,1707,1704,1706,1705,1777,674,1011,27,775,1702,1703,12,25],"class_list":{"0":"post-692022","1":"post","2":"type-post","3":"status-publish","4":"format-standard","5":"has-post-thumbnail","7":"category-nancy","8":"tag-actu","9":"tag-actualites","10":"tag-economie","11":"tag-edition-luneville","12":"tag-edition-nancy-et-agglomeration","13":"tag-edition-pont-a-mousson","14":"tag-edition-toul","15":"tag-eu","16":"tag-europe","17":"tag-fr","18":"tag-france","19":"tag-grand-est","20":"tag-nancy","21":"tag-nancy-ville-54b","22":"tag-news","23":"tag-republique-francaise"},"share_on_mastodon":{"url":"https:\/\/pubeurope.com\/@fr\/115965556389500479","error":""},"_links":{"self":[{"href":"https:\/\/www.europesays.com\/fr\/wp-json\/wp\/v2\/posts\/692022","targetHints":{"allow":["GET"]}}],"collection":[{"href":"https:\/\/www.europesays.com\/fr\/wp-json\/wp\/v2\/posts"}],"about":[{"href":"https:\/\/www.europesays.com\/fr\/wp-json\/wp\/v2\/types\/post"}],"author":[{"embeddable":true,"href":"https:\/\/www.europesays.com\/fr\/wp-json\/wp\/v2\/users\/2"}],"replies":[{"embeddable":true,"href":"https:\/\/www.europesays.com\/fr\/wp-json\/wp\/v2\/comments?post=692022"}],"version-history":[{"count":0,"href":"https:\/\/www.europesays.com\/fr\/wp-json\/wp\/v2\/posts\/692022\/revisions"}],"wp:featuredmedia":[{"embeddable":true,"href":"https:\/\/www.europesays.com\/fr\/wp-json\/wp\/v2\/media\/692023"}],"wp:attachment":[{"href":"https:\/\/www.europesays.com\/fr\/wp-json\/wp\/v2\/media?parent=692022"}],"wp:term":[{"taxonomy":"category","embeddable":true,"href":"https:\/\/www.europesays.com\/fr\/wp-json\/wp\/v2\/categories?post=692022"},{"taxonomy":"post_tag","embeddable":true,"href":"https:\/\/www.europesays.com\/fr\/wp-json\/wp\/v2\/tags?post=692022"}],"curies":[{"name":"wp","href":"https:\/\/api.w.org\/{rel}","templated":true}]}}