{"id":692030,"date":"2026-01-27T06:08:10","date_gmt":"2026-01-27T06:08:10","guid":{"rendered":"https:\/\/www.europesays.com\/fr\/692030\/"},"modified":"2026-01-27T06:08:10","modified_gmt":"2026-01-27T06:08:10","slug":"a-montpellier-cette-fete-gourmande-autour-de-la-tartine-fete-deja-ses-10-ans-y-serez-vous","status":"publish","type":"post","link":"https:\/\/www.europesays.com\/fr\/692030\/","title":{"rendered":"\u00c0 Montpellier, cette f\u00eate gourmande autour de la tartine f\u00eate d\u00e9j\u00e0 ses 10 ans : y serez-vous\u00a0?"},"content":{"rendered":"<p>                    Par<br \/>\n        <strong><br \/>\n            <a href=\"https:\/\/actu.fr\/auteur\/lea-pippinato\" title=\"Consulter tous les articles de L\u00e9a Pippinato\" target=\"_blank\" rel=\"noopener\">L\u00e9a Pippinato<\/a><br \/>\n                    <\/strong><\/p>\n<p>        Publi\u00e9 le<\/p>\n<p>            27 janv. 2026 \u00e0 6h12        <\/p>\n<p>En 2017, tout est parti d\u2019un geste simple. \u00c9taler, assembler, go\u00fbter. Le 30 janvier, au march\u00e9 gare de Montpellier, les tartines font leur festival pour la 10e fois.<\/p>\n<p class=\" wall-content\"><strong>Ce vendredi 30 janvier 2026<\/strong>, au march\u00e9 gare de Montpellier, les tartines font leur festival. \u00c0 partir de 18h30, la halle des producteurs se transforme en sc\u00e8ne gastronomique. Le festival Sainte-Tartine y f\u00eate sa 10e \u00e9dition. L\u2019\u00e9v\u00e9nement s\u2019inscrit dans le calendrier gourmand local comme un rendez-vous attendu. Il r\u00e9unit artisans, chefs et producteurs autour d\u2019un symbole populaire de la cuisine fran\u00e7aise. La M\u00e9tropole de Montpellier soutient cette soir\u00e9e plac\u00e9e sous le signe du go\u00fbt et du partage.<\/p>\n<p>    <a href=\"https:\/\/www.google.com\/maps\/embed?pb=!1m18!1m12!1m3!1d5779.968713315376!2d3.877717776458808!3d43.586042171105376!2m3!1f0!2f0!3f0!3m2!1i1024!2i768!4f13.1!3m3!1m2!1s0x12b6afc41b18f5f9%3A0x595390bc48f3c564!2sMarch%C3%A9%20Gare%20Montpellier%20(M.I.N)!5e0!3m2!1sfr!2sfr!4v1769456565913!5m2!1sfr!2sfr\" title=\"Ouvrie le lien\" target=\"_blank\" rel=\"noopener\">Cliquez ici pour visualiser le contenu<\/a><\/p>\n<p>Une f\u00eate gourmande d\u00e9di\u00e9e au terroir occitan<\/p>\n<p class=\" wall-content\">Imagin\u00e9 par <strong>St\u00e9phane Stroble<\/strong>, artisan conserveur, le festival Sainte-Tartine met \u00e0 l\u2019honneur les produits locaux. Depuis sa cr\u00e9ation en 2017, l\u2019\u00e9v\u00e9nement valorise les savoir-faire d\u2019Occitanie. La tartine sert de support \u00e0 cette mise en lumi\u00e8re. Elle reste simple, lisible et g\u00e9n\u00e9reuse. Pain au levain naturel, l\u00e9gumes de saison, fromages, charcuteries, poissons et condiments trouvent ici un \u00e9crin direct. La tartine expose les produits sans artifice et raconte le terroir sans d\u00e9tour.<\/p>\n<p>    <a href=\"https:\/\/www.facebook.com\/plugins\/video.php?height=476&amp;href=https%3A%2F%2Fwww.facebook.com%2Freel%2F1522034938894352%2F&amp;show_text=false&amp;width=350&amp;t=0\" title=\"Ouvrie le lien\" target=\"_blank\" rel=\"noopener\">Cliquez ici pour visualiser le contenu<\/a><\/p>\n<p class=\" wall-content\">Le festival se tient le jour de la Sainte-Martine. Le clin d\u2019\u0153il amuse et rassemble. La tartine s\u2019impose comme un geste universel, plus convivial qu\u2019un sandwich. Elle invite au partage et \u00e0 la discussion. Elle autorise l\u2019audace tout en respectant la tradition. Pour cette 10e \u00e9dition,<strong> 30 chefs<\/strong> r\u00e9pondent pr\u00e9sents et r\u00e9alisent des cr\u00e9ations sal\u00e9es sous les yeux du public. Boulangers, vignerons et producteurs accueillent le public d\u00e8s l\u2019ouverture. <strong>D\u00e8s 18h30<\/strong>, les visiteurs d\u00e9couvrent des tartinables, des terrines, des biscuits sal\u00e9s et d\u2019autres sp\u00e9cialit\u00e9s ap\u00e9ritives. <strong>Les vins de Pays d\u2019Oc IGP <\/strong>accompagnent les d\u00e9gustations. Partenaire historique du festival, l\u2019appellation souligne le lien entre gastronomie et vignoble r\u00e9gional.<\/p>\n<p>Vid\u00e9os : en ce moment sur Actu<br \/>\n    <a href=\"https:\/\/www.facebook.com\/plugins\/post.php?href=https%3A%2F%2Fwww.facebook.com%2Fphoto.php%3Ffbid%3D899382639055730%26set%3Da.487561206904544%26type%3D3&amp;show_text=true&amp;width=350\" title=\"Ouvrie le lien\" target=\"_blank\" rel=\"noopener\">Cliquez ici pour visualiser le contenu<\/a><\/p>\n<p>Pain, vin et roquefort au c\u0153ur d\u2019un symposium in\u00e9dit<\/p>\n<p class=\" wall-content\"><strong>\u00c0 19h30<\/strong>, le festival ouvre un temps d\u2019\u00e9change autour des ferments. Le symposium explore le r\u00f4le invisible mais essentiel de ces micro-organismes. Pain, vin et roquefort servent de fil conducteur. Levures, bact\u00e9ries et moisissures fa\u00e7onnent les saveurs et les terroirs depuis des si\u00e8cles. Les intervenants croisent science, artisanat et culture culinaire. La microbiologiste Laura Bouley, le fromager affineur Jean-Louis Rey, la journaliste culinaire Anne-Sophie Th\u00e9rond, le boulanger Roland Feuillas et l\u2019\u0153nologue Paul-Andr\u00e9 Saulnier partagent leurs regards et leurs exp\u00e9riences.<\/p>\n<p>Votre r\u00e9gion, votre actu !<\/p>\n<p>Recevez chaque jour les infos qui comptent pour vous.<\/p>\n<p>\t<a href=\"https:\/\/actu.fr\/newsletter\" class=\"ac-btn ac-btn--corner ac-btn--medium ac-btn--blue800\" target=\"_blank\" rel=\"noopener\">S&rsquo;incrire<\/a><br \/>\nLe grand tartinage artistique, moment phare de la soir\u00e9e<\/p>\n<p class=\" wall-content\"><strong>\u00c0 20h<\/strong>, place au grand tartinage artistique. Pendant deux heures, les 30 chefs invit\u00e9s composent leurs tartines en direct. Le public observe, \u00e9change et d\u00e9guste. Chaque cr\u00e9ation reste \u00e9ph\u00e9m\u00e8re et unique. Les \u00e9l\u00e8ves du lyc\u00e9e Georges Fr\u00eache de Montpellier \u00e9paulent les chefs et vivent une exp\u00e9rience concr\u00e8te face au public. Pour la premi\u00e8re fois, un groupe d\u2019\u00e9l\u00e8ves signe sa propre tartine. Le geste passe ainsi d\u2019une g\u00e9n\u00e9ration \u00e0 l\u2019autre.<\/p>\n<p><strong>&gt;<\/strong> <a href=\"https:\/\/www.saintetartine.fr\/billeterie\/\" target=\"_blank\" rel=\"noopener\"> La billetterie propose un tarif en pr\u00e9vente \u00e0 19 euros jusqu\u2019au 28 janvier<\/a>, puis un prix de 20 euros apr\u00e8s cette date et sur place, dans la limite des disponibilit\u00e9s.<\/p>\n<p class=\" wall-content\">Personnalisez votre actualit\u00e9 en ajoutant vos villes et m\u00e9dias en favori avec <a href=\"https:\/\/moncompte.actu.fr\" title=\"D\u00e9couvez Mon Actu\" rel=\"nofollow noopener\" data-trk=\"{&quot;cta&quot;:{&quot;action&quot;:&quot;https:\\\/\\\/moncompte.actu.fr&quot;,&quot;category&quot;:&quot;mon compte&quot;,&quot;from&quot;:&quot;article footer&quot;,&quot;name&quot;:&quot;Mon actu&quot;,&quot;type&quot;:&quot;cta&quot;}}\" target=\"_blank\">Mon Actu<\/a>.<\/p>\n","protected":false},"excerpt":{"rendered":"Par L\u00e9a Pippinato Publi\u00e9 le 27 janv. 2026 \u00e0 6h12 En 2017, tout est parti d\u2019un geste simple.&hellip;\n","protected":false},"author":2,"featured_media":692031,"comment_status":"","ping_status":"","sticky":false,"template":"","format":"standard","meta":{"footnotes":""},"categories":[9599],"tags":[1111,11,258,1477,1777,674,1011,27,1305,2208,12,2680,25,1662],"class_list":{"0":"post-692030","1":"post","2":"type-post","3":"status-publish","4":"format-standard","5":"has-post-thumbnail","7":"category-montpellier","8":"tag-actu","9":"tag-actualites","10":"tag-alimentation","11":"tag-artisanat","12":"tag-eu","13":"tag-europe","14":"tag-fr","15":"tag-france","16":"tag-lifestyle","17":"tag-montpellier","18":"tag-news","19":"tag-occitanie","20":"tag-republique-francaise","21":"tag-vin"},"share_on_mastodon":{"url":"","error":""},"_links":{"self":[{"href":"https:\/\/www.europesays.com\/fr\/wp-json\/wp\/v2\/posts\/692030","targetHints":{"allow":["GET"]}}],"collection":[{"href":"https:\/\/www.europesays.com\/fr\/wp-json\/wp\/v2\/posts"}],"about":[{"href":"https:\/\/www.europesays.com\/fr\/wp-json\/wp\/v2\/types\/post"}],"author":[{"embeddable":true,"href":"https:\/\/www.europesays.com\/fr\/wp-json\/wp\/v2\/users\/2"}],"replies":[{"embeddable":true,"href":"https:\/\/www.europesays.com\/fr\/wp-json\/wp\/v2\/comments?post=692030"}],"version-history":[{"count":0,"href":"https:\/\/www.europesays.com\/fr\/wp-json\/wp\/v2\/posts\/692030\/revisions"}],"wp:featuredmedia":[{"embeddable":true,"href":"https:\/\/www.europesays.com\/fr\/wp-json\/wp\/v2\/media\/692031"}],"wp:attachment":[{"href":"https:\/\/www.europesays.com\/fr\/wp-json\/wp\/v2\/media?parent=692030"}],"wp:term":[{"taxonomy":"category","embeddable":true,"href":"https:\/\/www.europesays.com\/fr\/wp-json\/wp\/v2\/categories?post=692030"},{"taxonomy":"post_tag","embeddable":true,"href":"https:\/\/www.europesays.com\/fr\/wp-json\/wp\/v2\/tags?post=692030"}],"curies":[{"name":"wp","href":"https:\/\/api.w.org\/{rel}","templated":true}]}}