{"id":692046,"date":"2026-01-27T06:17:21","date_gmt":"2026-01-27T06:17:21","guid":{"rendered":"https:\/\/www.europesays.com\/fr\/692046\/"},"modified":"2026-01-27T06:17:21","modified_gmt":"2026-01-27T06:17:21","slug":"strasbourg-souffrances-aux-jardins-de-la-montagne-verte-linspection-du-travail-alertee","status":"publish","type":"post","link":"https:\/\/www.europesays.com\/fr\/692046\/","title":{"rendered":"Strasbourg. Souffrances aux Jardins de la Montagne Verte, l&rsquo;inspection du travail alert\u00e9e"},"content":{"rendered":"<p class=\"has-drop-cap\">\u00ab\u00a0Nous cultivons bien plus que des l\u00e9gumes. Nous tentons de cultiver des liens.\u00a0\u00bb La communication des Jardins de la Montagne Verte est bien peaufin\u00e9e <a href=\"https:\/\/www.facebook.com\/photo?fbid=1499800935328973&amp;set=a.566191565356586\" target=\"_blank\" rel=\"noreferrer noopener\">sur ses r\u00e9seaux<\/a>. L\u2019association exploite <a href=\"https:\/\/c.dna.fr\/economie\/2024\/07\/16\/les-jardins-de-la-montagne-verte-s-installent-dans-la-zone-d-activite-agricole\" target=\"_blank\" rel=\"noreferrer noopener\">plus de 15 hectares \u00e0 Strasbourg et aux alentours<\/a> gr\u00e2ce \u00e0 environ 120 salari\u00e9s. Parmi eux, une centaine sont en contrat d\u2019insertion. Il s\u2019agit de profils \u00e9loign\u00e9s de l\u2019emploi pour diff\u00e9rentes raisons, des r\u00e9fugi\u00e9s, des personnes malades\u2026 Elles font pousser des l\u00e9gumes et des plantes aromatiques sans pesticides. D\u2019autres postes consistent \u00e0 faire de la logistique, ou de la vente en magasin. Mais depuis octobre 2025, l\u2019image des Jardins de la Montagne Verte est quelque peu \u00e9corn\u00e9e par la mise en ligne <a href=\"https:\/\/www.change.org\/p\/la-maltraitance-des-salari%C3%A9s-aux-jardins-de-la-montagne-verte-%C3%A7a-suffit\" target=\"_blank\" rel=\"noreferrer noopener\">d\u2019une p\u00e9tition<\/a> d\u00e9non\u00e7ant de mauvaises conditions de travail.<\/p>\n<p class=\"has-primary-color has-text-color\">\n\t\t\t<strong> Cet article fait partie de l\u2019\u00e9dition abonn\u00e9s.<\/strong><br \/>\n\t\t\t| D\u00e9j\u00e0 abonn\u00e9\u00a0?<br \/>\n\t\t\t<a href=\"https:\/\/www.rue89strasbourg.com\/user\/connexion\" data-type=\"page\" data-id=\"116070\" target=\"_blank\" rel=\"noopener\">Connectez-vous<\/a>\n\t\t<\/p>\n<p>Abonnez-vous maintenant pour poursuivre votre lecture<\/p>\n<p><img loading=\"lazy\" decoding=\"async\" width=\"1206\" height=\"1241\" src=\"https:\/\/www.europesays.com\/fr\/wp-content\/uploads\/2025\/04\/04-paywall.png\" alt=\"Abonnez-vous\" class=\"wp-image-282314\" style=\"aspect-ratio:0.9717969379532635;width:281px;height:auto\"  \/><\/p>\n<p>\t\t\t<a href=\"https:\/\/www.rue89strasbourg.com\/\" class=\"custom-logo-link\" rel=\"home noopener\" target=\"_blank\"><img loading=\"lazy\" decoding=\"async\" width=\"290\" height=\"62\" src=\"https:\/\/www.europesays.com\/fr\/wp-content\/uploads\/2025\/04\/1743975279_388_logo.png\" class=\"custom-logo\" alt=\"Rue89 Strasbourg Enqu\u00eates et informations locales\"  \/><\/a><\/p>\n<p>\n\t\t\t\tAbonnez-vous maintenant pour suivre l\u2019actualit\u00e9 locale.\t\t\t<\/p>\n<p class=\"font-bold font-serif-heading mb-2 text-4xl\">\n\t\t\t\t\t\tL\u2019investigation locale \u00e0 port\u00e9e de main.\n\t\t\t\t\t<\/p>\n<p>\n\t\t\t\t\t\tAbonnez-vous et profitez d\u2019un acc\u00e8s illimit\u00e9 \u00e0 Rue89 Strasbourg. Annulez quand vous voulez.\n\t\t\t\t\t<\/p>\n<p class=\"xl:text-sm\">\n\t\t\t\t\tD\u00e9j\u00e0 abonn\u00e9\u00a0?<br \/>\n\t\t\t\t\t<a class=\"border border-transparent text-center transition-colors duration-instant focus:border-info focus:rounded focus:shadow-focus cursor-pointer text-black hover:text-gray-700 active:bg-black-700 font-semibold inline-block\" href=\"https:\/\/www.rue89strasbourg.com\/user\/connexion?redirect=\/souffrances-aux-jardins-de-la-montagne-verte-linspection-du-travail-alertee-377700\" target=\"_blank\" rel=\"noopener\">Connectez-vous<\/a>\t\t\t\t<\/p>\n<p>\n\t\t\t\tChoisissez votre formule\u00a0:\n\t\t\t<\/p>\n<p>\t\t\t\tFermer<\/p>\n","protected":false},"excerpt":{"rendered":"\u00ab\u00a0Nous cultivons bien plus que des l\u00e9gumes. Nous tentons de cultiver des liens.\u00a0\u00bb La communication des Jardins de&hellip;\n","protected":false},"author":2,"featured_media":692047,"comment_status":"","ping_status":"","sticky":false,"template":"","format":"standard","meta":{"footnotes":""},"categories":[2820],"tags":[1111,11,327,21276,4077,29937,1777,674,1011,27,775,78821,12,25,104,11665,640],"class_list":{"0":"post-692046","1":"post","2":"type-post","3":"status-publish","4":"format-standard","5":"has-post-thumbnail","7":"category-strasbourg","8":"tag-actu","9":"tag-actualites","10":"tag-agriculture","11":"tag-agriculture-urbaine","12":"tag-association","13":"tag-conditions-de-travail","14":"tag-eu","15":"tag-europe","16":"tag-fr","17":"tag-france","18":"tag-grand-est","19":"tag-jardins-de-la-montagne-verte","20":"tag-news","21":"tag-republique-francaise","22":"tag-societe","23":"tag-solidaires","24":"tag-strasbourg"},"share_on_mastodon":{"url":"https:\/\/pubeurope.com\/@fr\/115965607597204088","error":""},"_links":{"self":[{"href":"https:\/\/www.europesays.com\/fr\/wp-json\/wp\/v2\/posts\/692046","targetHints":{"allow":["GET"]}}],"collection":[{"href":"https:\/\/www.europesays.com\/fr\/wp-json\/wp\/v2\/posts"}],"about":[{"href":"https:\/\/www.europesays.com\/fr\/wp-json\/wp\/v2\/types\/post"}],"author":[{"embeddable":true,"href":"https:\/\/www.europesays.com\/fr\/wp-json\/wp\/v2\/users\/2"}],"replies":[{"embeddable":true,"href":"https:\/\/www.europesays.com\/fr\/wp-json\/wp\/v2\/comments?post=692046"}],"version-history":[{"count":0,"href":"https:\/\/www.europesays.com\/fr\/wp-json\/wp\/v2\/posts\/692046\/revisions"}],"wp:featuredmedia":[{"embeddable":true,"href":"https:\/\/www.europesays.com\/fr\/wp-json\/wp\/v2\/media\/692047"}],"wp:attachment":[{"href":"https:\/\/www.europesays.com\/fr\/wp-json\/wp\/v2\/media?parent=692046"}],"wp:term":[{"taxonomy":"category","embeddable":true,"href":"https:\/\/www.europesays.com\/fr\/wp-json\/wp\/v2\/categories?post=692046"},{"taxonomy":"post_tag","embeddable":true,"href":"https:\/\/www.europesays.com\/fr\/wp-json\/wp\/v2\/tags?post=692046"}],"curies":[{"name":"wp","href":"https:\/\/api.w.org\/{rel}","templated":true}]}}