{"id":692065,"date":"2026-01-27T06:30:12","date_gmt":"2026-01-27T06:30:12","guid":{"rendered":"https:\/\/www.europesays.com\/fr\/692065\/"},"modified":"2026-01-27T06:30:12","modified_gmt":"2026-01-27T06:30:12","slug":"des-dizaines-de-taxis-sont-deja-deployes-devant-lhotel-de-ville-a-marseille","status":"publish","type":"post","link":"https:\/\/www.europesays.com\/fr\/692065\/","title":{"rendered":"Des dizaines de taxis sont d\u00e9j\u00e0 d\u00e9ploy\u00e9s devant l&rsquo;H\u00f4tel de ville \u00e0 Marseille"},"content":{"rendered":"<p><a href=\"https:\/\/www.laprovence.com\/article\/societe\/59814777431638\/operation-escargot-des-taxis-marseillais-ce-mardi-27-janvier-au-matin-contre-la-gestion-municipale\" target=\"_blank\" rel=\"noopener\">L&rsquo;intersyndicale n&rsquo;attend pas moins de \u00ab\u00a0400 \u00e0 500 chauffeurs\u00a0\u00bb <\/a>ce mardi matin dans le centre-ville de Marseille. Pour rappel : trois syndicats de professionnels appellent \u00e0 une op\u00e9ration escargot ce 27 janvier, \u00e0 partir de 7h, entre l&rsquo;H\u00f4tel de ville et la pr\u00e9fecture. Ils d\u00e9noncent un \u00ab\u00a0abus de pouvoir\u00a0\u00bb dans la gestion de leur licence, dont la municipalit\u00e9 a la charge.<\/p>\n<p>Pour l&rsquo;heure, 70 taxis sont stationn\u00e9s devant la mairie. Ils attendent leurs coll\u00e8gues pour \u00e9ventuellement lancer une op\u00e9ration escargot dans la cit\u00e9 phoc\u00e9enne. Mais ils ne sont pas encore s\u00fbrs ce qu&rsquo;ils vont faire pour protester et monter clairement qu&rsquo;ils sont m\u00e9contents.<\/p>\n","protected":false},"excerpt":{"rendered":"L&rsquo;intersyndicale n&rsquo;attend pas moins de \u00ab\u00a0400 \u00e0 500 chauffeurs\u00a0\u00bb ce mardi matin dans le centre-ville de Marseille. Pour&hellip;\n","protected":false},"author":2,"featured_media":692066,"comment_status":"","ping_status":"","sticky":false,"template":"","format":"standard","meta":{"footnotes":""},"categories":[2814],"tags":[5734,1111,11,1442,78822,154,13413,4656,1777,674,1011,27,884,12,882,16,25,3333,9548],"class_list":{"0":"post-692065","1":"post","2":"type-post","3":"status-publish","4":"format-standard","5":"has-post-thumbnail","7":"category-marseille","8":"tag-5734","9":"tag-actu","10":"tag-actualites","11":"tag-deja","12":"tag-deployes","13":"tag-des","14":"tag-devant","15":"tag-dizaines","16":"tag-eu","17":"tag-europe","18":"tag-fr","19":"tag-france","20":"tag-marseille","21":"tag-news","22":"tag-provence-alpes-cote-dazur","23":"tag-region","24":"tag-republique-francaise","25":"tag-sont","26":"tag-taxis"},"share_on_mastodon":{"url":"https:\/\/pubeurope.com\/@fr\/115965658646134027","error":""},"_links":{"self":[{"href":"https:\/\/www.europesays.com\/fr\/wp-json\/wp\/v2\/posts\/692065","targetHints":{"allow":["GET"]}}],"collection":[{"href":"https:\/\/www.europesays.com\/fr\/wp-json\/wp\/v2\/posts"}],"about":[{"href":"https:\/\/www.europesays.com\/fr\/wp-json\/wp\/v2\/types\/post"}],"author":[{"embeddable":true,"href":"https:\/\/www.europesays.com\/fr\/wp-json\/wp\/v2\/users\/2"}],"replies":[{"embeddable":true,"href":"https:\/\/www.europesays.com\/fr\/wp-json\/wp\/v2\/comments?post=692065"}],"version-history":[{"count":0,"href":"https:\/\/www.europesays.com\/fr\/wp-json\/wp\/v2\/posts\/692065\/revisions"}],"wp:featuredmedia":[{"embeddable":true,"href":"https:\/\/www.europesays.com\/fr\/wp-json\/wp\/v2\/media\/692066"}],"wp:attachment":[{"href":"https:\/\/www.europesays.com\/fr\/wp-json\/wp\/v2\/media?parent=692065"}],"wp:term":[{"taxonomy":"category","embeddable":true,"href":"https:\/\/www.europesays.com\/fr\/wp-json\/wp\/v2\/categories?post=692065"},{"taxonomy":"post_tag","embeddable":true,"href":"https:\/\/www.europesays.com\/fr\/wp-json\/wp\/v2\/tags?post=692065"}],"curies":[{"name":"wp","href":"https:\/\/api.w.org\/{rel}","templated":true}]}}