{"id":692072,"date":"2026-01-27T06:35:11","date_gmt":"2026-01-27T06:35:11","guid":{"rendered":"https:\/\/www.europesays.com\/fr\/692072\/"},"modified":"2026-01-27T06:35:11","modified_gmt":"2026-01-27T06:35:11","slug":"les-valeurs-a-suivre-a-paris-et-en-europe-27-01-2026-a-0722","status":"publish","type":"post","link":"https:\/\/www.europesays.com\/fr\/692072\/","title":{"rendered":"Les valeurs \u00e0 suivre \u00e0 Paris et en Europe &#8211; 27\/01\/2026 \u00e0 07:22"},"content":{"rendered":"<p>\n *\n<\/p>\n<p>\n Variation des futures sur indice CAC 40  0#FCE:\n<\/p>\n<p>\n *\n<\/p>\n<p>\n Variation des futures sur indice Stoxx 600  0#FXXP:\n<\/p>\n<p>\n *\n<\/p>\n<p>\n Valeurs qui se traitent ex-dividende  .EX.PA\n<\/p>\n<p>\n *\n<\/p>\n<p>\n Le point sur les march\u00e9s europ\u00e9ens  .EUFR\n<\/p>\n<p>\n Les valeurs \u00e0 suivre mardi<br \/>\n\u00e0 la Bourse de Paris et en Europe :\n<\/p>\n<p>\n * PUMA<br \/>\n <a href=\"https:\/\/www.boursorama.com\/cours\/1zPUM\/\" target=\"_blank\" rel=\"noopener\"><br \/>\n  PUMG.DE<br \/>\n <\/a><br \/>\n &#8211; La soci\u00e9t\u00e9 chinoise Anta Sports Products\n<\/p>\n<p>\n 2020.HK  a annonc\u00e9 mardi qu&rsquo;elle allait racheter 29,06% des<br \/>\nparts du groupe allemand \u00e0 la famille Pinault pour 1,5 milliard<br \/>\nd&rsquo;euros, devenant ainsi le principal actionnaire du fabricant de<br \/>\nv\u00eatements de sport.\n<\/p>\n<p>\n * SECTEUR AUTOMOBILE<br \/>\n <a href=\"https:\/\/www.boursorama.com\/cours\/2cSXAP\/\" target=\"_blank\" rel=\"noopener\"><br \/>\n  .SXAP<br \/>\n <\/a><br \/>\n &#8211; Les ventes de v\u00e9hicules<br \/>\n\u00e9lectriques ont pour la premi\u00e8re fois en d\u00e9cembre d\u00e9pass\u00e9 les<br \/>\nventes de v\u00e9hicules \u00e0 essence dans l&rsquo;Union europ\u00e9enne, montre un<br \/>\nrapport publi\u00e9 mardi par l&rsquo;Association des constructeurs<br \/>\neurop\u00e9ens d&rsquo;automobiles (ACEA), alors m\u00eame que des d\u00e9cideurs ont<br \/>\npropos\u00e9 d&rsquo;assouplir les r\u00e9glementations \u00ab\u00a0vertes\u00a0\u00bb.\n<\/p>\n<p>\n * AIRBUS<br \/>\n <a href=\"https:\/\/www.boursorama.com\/cours\/1rPAIR\/\" target=\"_blank\" rel=\"noopener\"><br \/>\n  AIR.PA<br \/>\n <\/a><br \/>\n &#8211; La filiale Airbus Helicopters a fait<br \/>\n\u00e9tat lundi de 544 commandes brutes en 2025.\n<\/p>\n<p>\n * ID LOGISTICS<br \/>\n <a href=\"https:\/\/www.boursorama.com\/cours\/1rPIDL\/\" target=\"_blank\" rel=\"noopener\"><br \/>\n  IDLA.PA<br \/>\n <\/a><br \/>\n a annonc\u00e9 lundi un chiffre<br \/>\nd\u2019affaires de 3,737 milliards d\u2019euros pour 2025, en hausse de<br \/>\n14,2% par rapport \u00e0 2024, tout en restant \u00ab\u00a0attentif\u00a0\u00bb \u00e0 la mont\u00e9e<br \/>\nen productivit\u00e9 des sites r\u00e9cemment ouverts et en confirmant son<br \/>\nengagement \u00e0 saisir les opportunit\u00e9s de croissance externe.\n<\/p>\n<p>\n * SANOFI<br \/>\n <a href=\"https:\/\/www.boursorama.com\/cours\/1rPSAN\/\" target=\"_blank\" rel=\"noopener\"><br \/>\n  SASY.PA<br \/>\n <\/a><br \/>\n &#8211; Citigroup entame le suivi de la valeur<br \/>\navec une recommandation \u00e0 \u00ab\u00a0neutre\u00a0\u00bb et un objectif de cours \u00e0 85<br \/>\neuros.\n<\/p>\n<p>\n L&rsquo;AGENDA FRANCE &amp; INTERNATIONAL \u00c0 7 JOURS:<br \/>\n nL8N3YO0N2\n<\/p>\n<p>\n (R\u00e9dig\u00e9 par Blandine H\u00e9nault)<\/p>\n","protected":false},"excerpt":{"rendered":"* Variation des futures sur indice CAC 40 0#FCE: * Variation des futures sur indice Stoxx 600 0#FXXP:&hellip;\n","protected":false},"author":2,"featured_media":607076,"comment_status":"","ping_status":"","sticky":false,"template":"","format":"standard","meta":{"footnotes":""},"categories":[1888],"tags":[400,1111,1928,11,1927,398,408,405,1777,674,1011,27,403,402,399,404,12,1926,626,1925,25,401,406,407],"class_list":{"0":"post-692072","1":"post","2":"type-post","3":"status-publish","4":"format-standard","5":"has-post-thumbnail","7":"category-paris","8":"tag-action-cac-40","9":"tag-actu","10":"tag-actu-paris","11":"tag-actualites","12":"tag-actualites-paris","13":"tag-bourse-de-paris","14":"tag-boursorama","15":"tag-cotations","16":"tag-eu","17":"tag-europe","18":"tag-fr","19":"tag-france","20":"tag-indices-devises","21":"tag-investir","22":"tag-investissement","23":"tag-marche-boursier","24":"tag-news","25":"tag-news-paris","26":"tag-paris","27":"tag-paris-news","28":"tag-republique-francaise","29":"tag-sicav","30":"tag-trackers","31":"tag-warrants"},"share_on_mastodon":{"url":"https:\/\/pubeurope.com\/@fr\/115965678294003761","error":""},"_links":{"self":[{"href":"https:\/\/www.europesays.com\/fr\/wp-json\/wp\/v2\/posts\/692072","targetHints":{"allow":["GET"]}}],"collection":[{"href":"https:\/\/www.europesays.com\/fr\/wp-json\/wp\/v2\/posts"}],"about":[{"href":"https:\/\/www.europesays.com\/fr\/wp-json\/wp\/v2\/types\/post"}],"author":[{"embeddable":true,"href":"https:\/\/www.europesays.com\/fr\/wp-json\/wp\/v2\/users\/2"}],"replies":[{"embeddable":true,"href":"https:\/\/www.europesays.com\/fr\/wp-json\/wp\/v2\/comments?post=692072"}],"version-history":[{"count":0,"href":"https:\/\/www.europesays.com\/fr\/wp-json\/wp\/v2\/posts\/692072\/revisions"}],"wp:featuredmedia":[{"embeddable":true,"href":"https:\/\/www.europesays.com\/fr\/wp-json\/wp\/v2\/media\/607076"}],"wp:attachment":[{"href":"https:\/\/www.europesays.com\/fr\/wp-json\/wp\/v2\/media?parent=692072"}],"wp:term":[{"taxonomy":"category","embeddable":true,"href":"https:\/\/www.europesays.com\/fr\/wp-json\/wp\/v2\/categories?post=692072"},{"taxonomy":"post_tag","embeddable":true,"href":"https:\/\/www.europesays.com\/fr\/wp-json\/wp\/v2\/tags?post=692072"}],"curies":[{"name":"wp","href":"https:\/\/api.w.org\/{rel}","templated":true}]}}