{"id":692085,"date":"2026-01-27T06:43:14","date_gmt":"2026-01-27T06:43:14","guid":{"rendered":"https:\/\/www.europesays.com\/fr\/692085\/"},"modified":"2026-01-27T06:43:14","modified_gmt":"2026-01-27T06:43:14","slug":"adecco-akkodis-rachete-synergeticon-en-allemagne","status":"publish","type":"post","link":"https:\/\/www.europesays.com\/fr\/692085\/","title":{"rendered":"Adecco: Akkodis rach\u00e8te Synergeticon en Allemagne"},"content":{"rendered":"<p style=\"margin-top:5px\">Gen\u00e8ve (awp) &#8211; Akkodis, filiale du groupe Addeco, a annonc\u00e9 mardi l&rsquo;acquisition de la soci\u00e9t\u00e9 allemande sp\u00e9cialis\u00e9e dans les solutions d&rsquo;intelligence artificielle et d&rsquo;automatisation pour l&rsquo;a\u00e9ronautique Synergeticon. Les contours financiers n&rsquo;ont pas \u00e9t\u00e9 pr\u00e9cis\u00e9s.<\/p>\n<p>Cette op\u00e9ration permet \u00e0 Akkodis d&rsquo;\u00e9tendre sa pr\u00e9sence sur le march\u00e9 allemand et aupr\u00e8s des fournisseurs du secteur a\u00e9rospatial \u00e0 l&rsquo;international, indique un communiqu\u00e9. \u00ab\u00a0Le rapprochement des deux organisations favorise l&rsquo;interaction avec les utilisateurs et acc\u00e9l\u00e8re le d\u00e9veloppement de nouvelles applications d&rsquo;IA, avec pour objectif d&rsquo;offrir une valeur ajout\u00e9e aux clients.\u00a0\u00bb<\/p>\n<p>Les fondateurs, Daniel Erdelmeier et David K\u00fcstner, resteront au sein de l&rsquo;entreprise.<\/p>\n<p>ib\/lf<\/p>\n","protected":false},"excerpt":{"rendered":"Gen\u00e8ve (awp) &#8211; Akkodis, filiale du groupe Addeco, a annonc\u00e9 mardi l&rsquo;acquisition de la soci\u00e9t\u00e9 allemande sp\u00e9cialis\u00e9e dans&hellip;\n","protected":false},"author":2,"featured_media":692086,"comment_status":"","ping_status":"","sticky":false,"template":"","format":"standard","meta":{"footnotes":""},"categories":[1587],"tags":[11,672,340,1804,1805,1803,1777,674,1801,12,1802],"class_list":{"0":"post-692085","1":"post","2":"type-post","3":"status-publish","4":"format-standard","5":"has-post-thumbnail","7":"category-allemagne","8":"tag-actualites","9":"tag-allemagne","10":"tag-bourse","11":"tag-bundesrepublik-deutschland","12":"tag-de","13":"tag-deutschland","14":"tag-eu","15":"tag-europe","16":"tag-germany","17":"tag-news","18":"tag-republique-federale-dallemagne"},"share_on_mastodon":{"url":"https:\/\/pubeurope.com\/@fr\/115965709790854148","error":""},"_links":{"self":[{"href":"https:\/\/www.europesays.com\/fr\/wp-json\/wp\/v2\/posts\/692085","targetHints":{"allow":["GET"]}}],"collection":[{"href":"https:\/\/www.europesays.com\/fr\/wp-json\/wp\/v2\/posts"}],"about":[{"href":"https:\/\/www.europesays.com\/fr\/wp-json\/wp\/v2\/types\/post"}],"author":[{"embeddable":true,"href":"https:\/\/www.europesays.com\/fr\/wp-json\/wp\/v2\/users\/2"}],"replies":[{"embeddable":true,"href":"https:\/\/www.europesays.com\/fr\/wp-json\/wp\/v2\/comments?post=692085"}],"version-history":[{"count":0,"href":"https:\/\/www.europesays.com\/fr\/wp-json\/wp\/v2\/posts\/692085\/revisions"}],"wp:featuredmedia":[{"embeddable":true,"href":"https:\/\/www.europesays.com\/fr\/wp-json\/wp\/v2\/media\/692086"}],"wp:attachment":[{"href":"https:\/\/www.europesays.com\/fr\/wp-json\/wp\/v2\/media?parent=692085"}],"wp:term":[{"taxonomy":"category","embeddable":true,"href":"https:\/\/www.europesays.com\/fr\/wp-json\/wp\/v2\/categories?post=692085"},{"taxonomy":"post_tag","embeddable":true,"href":"https:\/\/www.europesays.com\/fr\/wp-json\/wp\/v2\/tags?post=692085"}],"curies":[{"name":"wp","href":"https:\/\/api.w.org\/{rel}","templated":true}]}}