{"id":6921,"date":"2025-04-07T03:49:09","date_gmt":"2025-04-07T03:49:09","guid":{"rendered":"https:\/\/www.europesays.com\/fr\/6921\/"},"modified":"2025-04-07T03:49:09","modified_gmt":"2025-04-07T03:49:09","slug":"une-erreur-dans-une-fiche-contact-diphone-a-lorigine-de-la-bourde-de-mike-waltz-liberation","status":"publish","type":"post","link":"https:\/\/www.europesays.com\/fr\/6921\/","title":{"rendered":"une erreur dans une fiche contact d\u2019Iphone \u00e0 l\u2019origine de la bourde de Mike Waltz \u2013 Lib\u00e9ration"},"content":{"rendered":"<p class=\"sc-cPiKLX AiZTS text-element\">Selon trois sources interrog\u00e9es par le journal britannique, Mike Waltz avait fait cette premi\u00e8re erreur \u00abil y a des mois\u00bb, pensant, apr\u00e8s un concours de circonstances, enregistrer le nouveau num\u00e9ro de Brian Hughes, charg\u00e9 de communication \u00e0 la s\u00e9curit\u00e9 nationale, et non pas celui de Goldberg, journaliste. D\u2019apr\u00e8s la Maison Blanche, Waltz aurait fait cette manipulation apr\u00e8s avoir re\u00e7u une suggestion de son Iphone l\u2019invitant \u00e0 mettre \u00e0 jour la fiche de contact de Brian Hughes avec le mauvais num\u00e9ro. L\u2019erreur est ensuite pass\u00e9e inaper\u00e7ue jusqu\u2019au 15\u00a0mars, moment o\u00f9 le conseiller a cr\u00e9\u00e9 le groupe \u00abHouthi PC small group\u00bb, pour discuter des plans d\u2019attaque de l\u2019arm\u00e9e am\u00e9ricaine au Y\u00e9men. L\u2019affaire avait alors pris de gigantesques proportions, embarrassant l\u2019administration Trump et mettant <a href=\"https:\/\/www.liberation.fr\/international\/amerique\/apres-les-fuites-dun-plan-dattaque-sur-signal-le-pentagone-va-enqueter-sur-le-ministre-de-la-defense-americain-20250403_NF7I23F4IRDBZDDN5EUULT7IKE\/\" target=\"_blank\" rel=\"noopener\">sur la sellette le secr\u00e9taire \u00e0 la D\u00e9fense des Etats-Unis, Pete Hegseth.<\/a><\/p>\n<p class=\"sc-cPiKLX AiZTS text-element\">D\u2019apr\u00e8s le Guardian, Donald Trump a un temps envisag\u00e9 de se s\u00e9parer de Waltz. Mais pas pour cette faille de s\u00e9curit\u00e9 flagrante\u00a0: le pr\u00e9sident r\u00e9publicain \u00e9tait plus \u00e9nerv\u00e9 par le fait que son conseiller \u00e9tait en possession du num\u00e9ro de t\u00e9l\u00e9phone d\u2019un journaliste travaillant pour un m\u00e9dia consid\u00e9r\u00e9 comme ennemi. D\u2019apr\u00e8s le journal britannique, Trump s\u2019est ensuite ravis\u00e9 pour ne pas donner satisfaction \u00e0 ses opposants. Il aurait aussi \u00e9t\u00e9 \u00abapais\u00e9\u00bb par les explications ayant men\u00e9 \u00e0 cette erreur.<\/p>\n<p class=\"sc-cPiKLX AiZTS text-element\">Pourtant, la bourde \u00e9tait majeure. The Atlantic avait notamment pu reproduire des captures d\u2019\u00e9cran de messages du ministre de la D\u00e9fense avec les horaires pr\u00e9cis des frappes pr\u00e9vues contre les rebelles Houthis et les armements employ\u00e9s, le tout envoy\u00e9 deux heures avant que celles-ci n\u2019aient eu lieu sur une messagerie grand public, loin des standards de s\u00e9curit\u00e9 militaire.<\/p>\n","protected":false},"excerpt":{"rendered":"Selon trois sources interrog\u00e9es par le journal britannique, Mike Waltz avait fait cette premi\u00e8re erreur \u00abil y a&hellip;\n","protected":false},"author":2,"featured_media":6922,"comment_status":"","ping_status":"","sticky":false,"template":"","format":"standard","meta":{"footnotes":""},"categories":[1589],"tags":[11,75,73,1866,12,1864,1865,1863,308,3885],"class_list":{"0":"post-6921","1":"post","2":"type-post","3":"status-publish","4":"format-standard","5":"has-post-thumbnail","7":"category-etats-unis","8":"tag-actualites","9":"tag-donald-trump","10":"tag-etats-unis","11":"tag-etats-unis-damerique","12":"tag-news","13":"tag-united-states","14":"tag-united-states-of-america","15":"tag-us","16":"tag-usa","17":"tag-yemen"},"share_on_mastodon":{"url":"https:\/\/pubeurope.com\/@fr\/114294644024712557","error":""},"_links":{"self":[{"href":"https:\/\/www.europesays.com\/fr\/wp-json\/wp\/v2\/posts\/6921","targetHints":{"allow":["GET"]}}],"collection":[{"href":"https:\/\/www.europesays.com\/fr\/wp-json\/wp\/v2\/posts"}],"about":[{"href":"https:\/\/www.europesays.com\/fr\/wp-json\/wp\/v2\/types\/post"}],"author":[{"embeddable":true,"href":"https:\/\/www.europesays.com\/fr\/wp-json\/wp\/v2\/users\/2"}],"replies":[{"embeddable":true,"href":"https:\/\/www.europesays.com\/fr\/wp-json\/wp\/v2\/comments?post=6921"}],"version-history":[{"count":0,"href":"https:\/\/www.europesays.com\/fr\/wp-json\/wp\/v2\/posts\/6921\/revisions"}],"wp:featuredmedia":[{"embeddable":true,"href":"https:\/\/www.europesays.com\/fr\/wp-json\/wp\/v2\/media\/6922"}],"wp:attachment":[{"href":"https:\/\/www.europesays.com\/fr\/wp-json\/wp\/v2\/media?parent=6921"}],"wp:term":[{"taxonomy":"category","embeddable":true,"href":"https:\/\/www.europesays.com\/fr\/wp-json\/wp\/v2\/categories?post=6921"},{"taxonomy":"post_tag","embeddable":true,"href":"https:\/\/www.europesays.com\/fr\/wp-json\/wp\/v2\/tags?post=6921"}],"curies":[{"name":"wp","href":"https:\/\/api.w.org\/{rel}","templated":true}]}}