{"id":692109,"date":"2026-01-27T07:01:10","date_gmt":"2026-01-27T07:01:10","guid":{"rendered":"https:\/\/www.europesays.com\/fr\/692109\/"},"modified":"2026-01-27T07:01:10","modified_gmt":"2026-01-27T07:01:10","slug":"tu-te-calmes-ou-autrement-cyprien-ta","status":"publish","type":"post","link":"https:\/\/www.europesays.com\/fr\/692109\/","title":{"rendered":"\u00ab\u00a0Tu te calmes ou autrement&#8230;\u00a0\u00bb, Cyprien ta &#8230;"},"content":{"rendered":"<p>EN BREF<\/p>\n<ul class=\"bloc_resume_post_list\">\n<li>Les 12 coups de midi, diffus\u00e9 sur TF1 depuis 2010, a vu<br \/>\ndes participants marquants comme Paul El-Kharrat et Emilien, ce<br \/>\ndernier ayant d\u00e9but\u00e9 son r\u00e8gne le 25 septembre 2023.<\/li>\n<li>Emilien, le plus grand champion, a encha\u00een\u00e9 646 victoires<br \/>\net d\u00e9couvert 23 \u00e9toiles myst\u00e9rieuses avant d\u00a0\u00bb\u00eatre \u00e9limin\u00e9 le 6<br \/>\njuillet 2025.<\/li>\n<li>Cyprien, nouveau Ma\u00eetre de midi depuis le 19 septembre<br \/>\n2025, continue d&rsquo;impressionner avec ses victoires et ses conseils<br \/>\nsurprenants.<\/li>\n<\/ul>\n<p>Diffus\u00e9 pour la premi\u00e8re fois sur TF1 en 2010. Le jeu intitul\u00e9<br \/>\nLes 12 coups de midi est devenu l&rsquo;<strong>un des programmes<br \/>\nembl\u00e9matiques de la premi\u00e8re cha\u00eene<\/strong>. Au fil des ann\u00e9es,<br \/>\ncertains participants ont marqu\u00e9 l&rsquo;histoire de l&rsquo;\u00e9mission gr\u00e2ce \u00e0<br \/>\nleurs incroyables parcours. Ce fut notamment le cas de <a href=\"https:\/\/www.closermag.fr\/people\/exclu-je-morfle-terriblement-paul-el-kharrat-donne-de-ses-nouvelles-et-elles-sont-pour-le-moins-bouleversantes-3360412#item=1\" data-mrf-link=\"https:\/\/www.closermag.fr\/people\/exclu-je-morfle-terriblement-paul-el-kharrat-donne-de-ses-nouvelles-et-elles-sont-pour-le-moins-bouleversantes-3360412#item=1\" target=\"_blank\" rel=\"noopener\"><br \/>\nPaul El-Kharrat<\/a>, qui fait d\u00e9sormais partie des Grosses T\u00eates de<br \/>\nLaurent Ruquier sur RTL.<\/p>\n<p>Malheureusement pour lui. Les exploits de l&rsquo;ancien Ma\u00eetre de<br \/>\nmidi ont \u00e9t\u00e9 \u00e9clips\u00e9s par\u00a0<a href=\"https:\/\/www.telestar.fr\/actu_tv\/billet-les-12-coups-de-midi-pourquoi-le-regne-demilien-na-que-trop-dure-1695855\" data-mrf-link=\"https:\/\/www.telestar.fr\/actu_tv\/billet-les-12-coups-de-midi-pourquoi-le-regne-demilien-na-que-trop-dure-1695855\" target=\"_blank\" rel=\"noopener\">le<br \/>\nplus grand champion de l&rsquo;histoire<\/a> des 12 coups de midi,<br \/>\nEmilien. Pour rappel, le jeune \u00e9tudiant de 22 ans avait d\u00e9croch\u00e9<br \/>\nson premier succ\u00e8s sur TF1 le lundi 25 septembre 2023. Par la<br \/>\nsuite, <strong>il a enchain\u00e9 646 victoires cons\u00e9cutives<\/strong>.<br \/>\nTout en <a href=\"https:\/\/www.telestar.fr\/actu_tv\/les-12-coups-de-midi-emilien-ne-sarrete-plus-il-decouvre-sa-23e-etoile-mysterieuse-malgre-22-cases-encore-cachees-1728004\" target=\"_blank\" rel=\"noopener\"><br \/>\nd\u00e9couvrant\u00a023 \u00e9toiles myst\u00e9rieuses<\/a>. Finalement, le plus<br \/>\ngrand champion de l&rsquo;histoire des jeux t\u00e9l\u00e9vis\u00e9s fran\u00e7ais a \u00e9t\u00e9<br \/>\n\u00e9limin\u00e9 le dimanche 6 juillet 2025.<\/p>\n<p>Les 12 coups de midi : Cyprien est le nouveau Ma\u00eetre de midi<br \/>\ndepuis le vendredi 19 septembre 2025<\/p>\n<p>Depuis, <strong>les Ma\u00eetres de midi se sont succ\u00e9d\u00e9s<\/strong><br \/>\nsur le plateau du jeu pr\u00e9sent\u00e9 par Jean-Luc Reichmann. Finalement,<br \/>\nc&rsquo;est un jeune \u00e9tudiant en musique pr\u00e9nomm\u00e9 Cyprien qui est devenu<br \/>\nle nouveau champion des 12 coups de midi le vendredi 19 septembre<br \/>\n2025. Depuis, celui qui se destine \u00e0 devenir un jour chef<br \/>\nd&rsquo;orchestre a battu tous les concurrents qui se sont dress\u00e9s contre<br \/>\nlui.<\/p>\n<p>Lundi 26 janvier 2026, Cyprien \u00e9tait oppos\u00e9 \u00e0 trois nouveaux<br \/>\nadversaires sur le plateau des 12 coups de midi. Comme depuis le<br \/>\nd\u00e9but de son parcours au sein du jeu quotidien de TF1. Le nouveau<br \/>\nMa\u00eetre de midi est parvenu surpasser tous ses concurrents ce<br \/>\njour-l\u00e0. <strong>Lui permettant ainsi d&rsquo;arrondir un peu plus sa<br \/>\ncagnotte<\/strong>.<\/p>\n<p>Cyprien a remport\u00e9 une 129e victoire<br \/>\ndans l&rsquo;\u00e9mission de TF1 le lundi 26 janvier 2026<\/p>\n<p>Durant la derni\u00e8re manche du jeu. Cyprien a donn\u00e9 un conseil \u00e0<br \/>\nson adversaire pour contenir sa nervosit\u00e9. \u00ab\u00a0Quand l&rsquo;autre<br \/>\nr\u00e9pond, on inspire par le nez ou on respire par la bouche. \u00c7a<br \/>\ncalme\u00a0\u00bb, a-t-il ainsi d\u00e9clar\u00e9. Avant que Jean-Luc Reichmann ne<br \/>\nlance, m\u00e9dus\u00e9 : \u00ab\u00a0<strong>Mais qu&rsquo;est-ce qu&rsquo;il raconte<br \/>\n!<\/strong>\u00ab\u00a0. Par la suite, le Ma\u00eetre de midi s&rsquo;est montr\u00e9 un<br \/>\npeu taquin avec le pr\u00e9sentateur embl\u00e9matique des 12 coups de<br \/>\nmidi.<\/p>\n<p>Alors que Jean-Luc Reichmann s&rsquo;\u00e9tait lanc\u00e9 dans une petite<br \/>\nimprovisation d&rsquo;imitation en plateau. Cyprien a l\u00e2ch\u00e9 : \u00ab\u00a0C&rsquo;est<br \/>\nFran\u00e7ois Hollande !\u00a0\u00bb. L&rsquo;animateur a imm\u00e9diatement r\u00e9pliqu\u00e9 :<br \/>\n<strong>\u00ab\u00a0Je fais ce que je veux. Tu te calmes, autrement je<br \/>\nreprends ta cagnotte compl\u00e8te<\/strong>\u00ab\u00a0. Un petit coup de<br \/>\npression qui a bien fait rire le Ma\u00eetre de midi. Ce dernier n&rsquo;a<br \/>\nmalheureusement pas r\u00e9alis\u00e9 de nouveau Coup de Ma\u00eetre ce<br \/>\njour-l\u00e0.<\/p>\n","protected":false},"excerpt":{"rendered":"EN BREF Les 12 coups de midi, diffus\u00e9 sur TF1 depuis 2010, a vu des participants marquants comme&hellip;\n","protected":false},"author":2,"featured_media":692110,"comment_status":"","ping_status":"","sticky":false,"template":"","format":"standard","meta":{"footnotes":""},"categories":[1356],"tags":[548,58,59,1011,27,252,199,1364],"class_list":{"0":"post-692109","1":"post","2":"type-post","3":"status-publish","4":"format-standard","5":"has-post-thumbnail","7":"category-television","8":"tag-article-simple","9":"tag-divertissement","10":"tag-entertainment","11":"tag-fr","12":"tag-france","13":"tag-television","14":"tag-tf1","15":"tag-tv"},"share_on_mastodon":{"url":"https:\/\/pubeurope.com\/@fr\/115965780605833917","error":""},"_links":{"self":[{"href":"https:\/\/www.europesays.com\/fr\/wp-json\/wp\/v2\/posts\/692109","targetHints":{"allow":["GET"]}}],"collection":[{"href":"https:\/\/www.europesays.com\/fr\/wp-json\/wp\/v2\/posts"}],"about":[{"href":"https:\/\/www.europesays.com\/fr\/wp-json\/wp\/v2\/types\/post"}],"author":[{"embeddable":true,"href":"https:\/\/www.europesays.com\/fr\/wp-json\/wp\/v2\/users\/2"}],"replies":[{"embeddable":true,"href":"https:\/\/www.europesays.com\/fr\/wp-json\/wp\/v2\/comments?post=692109"}],"version-history":[{"count":0,"href":"https:\/\/www.europesays.com\/fr\/wp-json\/wp\/v2\/posts\/692109\/revisions"}],"wp:featuredmedia":[{"embeddable":true,"href":"https:\/\/www.europesays.com\/fr\/wp-json\/wp\/v2\/media\/692110"}],"wp:attachment":[{"href":"https:\/\/www.europesays.com\/fr\/wp-json\/wp\/v2\/media?parent=692109"}],"wp:term":[{"taxonomy":"category","embeddable":true,"href":"https:\/\/www.europesays.com\/fr\/wp-json\/wp\/v2\/categories?post=692109"},{"taxonomy":"post_tag","embeddable":true,"href":"https:\/\/www.europesays.com\/fr\/wp-json\/wp\/v2\/tags?post=692109"}],"curies":[{"name":"wp","href":"https:\/\/api.w.org\/{rel}","templated":true}]}}