{"id":692160,"date":"2026-01-27T07:28:08","date_gmt":"2026-01-27T07:28:08","guid":{"rendered":"https:\/\/www.europesays.com\/fr\/692160\/"},"modified":"2026-01-27T07:28:08","modified_gmt":"2026-01-27T07:28:08","slug":"alerte-meteo-a-nice-de-fortes-pluies-prevues-dans-les-alpes-maritimes-voici-jusqua-quand","status":"publish","type":"post","link":"https:\/\/www.europesays.com\/fr\/692160\/","title":{"rendered":"Alerte m\u00e9t\u00e9o \u00e0 Nice. De fortes pluies pr\u00e9vues dans les Alpes-Maritimes : voici jusqu&rsquo;\u00e0 quand"},"content":{"rendered":"<p>                    Par<br \/>\n        <strong><br \/>\n            <a href=\"https:\/\/actu.fr\/auteur\/arthur-frand\" title=\"Consulter tous les articles de Arthur Frand\" target=\"_blank\" rel=\"noopener\">Arthur Frand<\/a><br \/>\n                    <\/strong><\/p>\n<p>        Publi\u00e9 le<\/p>\n<p>            27 janv. 2026 \u00e0 6h10        <\/p>\n<p>Encore des gouttes \u00e0<a href=\"https:\/\/actu.fr\/nice\/\" target=\"_blank\" rel=\"noopener\"> Nice<\/a>.\u00a0Et pas qu\u2019un peu. Ce mardi 27\u00a0janvier 2026, le d\u00e9partement des <a href=\"https:\/\/actu.fr\/provence-alpes-cote-d-azur\/alpes-maritimes_06\" target=\"_blank\" rel=\"noopener\">Alpes-Maritimes<\/a> va conna\u00eetre un <strong>\u00e9pisode pluvieux tr\u00e8s intense<\/strong>. M\u00e9t\u00e9o France a plac\u00e9 le d\u00e9partement en vigilance jaune \u00ab\u2009pluies-inondations\u2009\u00bb.<\/p>\n<p class=\" wall-content\">Alors que la France est touch\u00e9e par une<a href=\"https:\/\/actu.fr\/meteo\/avec-la-tempete-chandra-une-nouvelle-bombe-meteo-frappe-l-europe-ce-mardi-quelles-consequences-en-france_63748353.html\" target=\"_blank\" rel=\"noopener\"> nouvelle bombe m\u00e9t\u00e9o<\/a>, des pluies vont tomber en continu durant plusieurs heures dans les Alpes-Maritimes. 50 \u00e0 90\u00a0mm de pluie sont attendues par endroits. La pr\u00e9fecture <strong>appelle \u00e0 la prudence<\/strong>. Voici les pr\u00e9visions.<\/p>\n<p>\u00ab\u2009Un \u00e9pisode de pr\u00e9cipitations notables\u2009\u00bb<\/p>\n<p class=\" wall-content\">Les Ni\u00e7ois et Maralpins ont d\u00e9j\u00e0 connu un week-end humide mais ils n\u2019en ont pas termin\u00e9 avec la pluie. En cette derni\u00e8re semaine de janvier, la m\u00e9t\u00e9o sera<strong> encore tr\u00e8s capricieuse<\/strong> sur territoire.<\/p>\n<p class=\" wall-content\">\n<p class=\" wall-content\">M\u00e9t\u00e9o France a plac\u00e9 le d\u00e9partement des Alpes-Maritimes en vigilance jaune \u00ab\u2009pluies-inondations\u2009\u00bb ce mardi 26\u00a0janvier \u00e0 partir de 16h. La pluie devrait<strong> tomber en contin<\/strong>u. \u00ab\u2009Un \u00e9pisode de pr\u00e9cipitations notables va concerner l\u2019ensemble du d\u00e9partement\u2009\u00bb, alerte la pr\u00e9fecture des Alpes-Maritimes.<\/p>\n<p>50\u00a0mm sur la majeure partie du d\u00e9partement, 90\u00a0mm par endroits<\/p>\n<p class=\" wall-content\">Une quantit\u00e9 de pluie tr\u00e8s importante va s\u2019abattre \u00e0 Nice durant une grosse douzaine d\u2019heures. Form\u00e9es dans le sud du Var, les pr\u00e9cipitations vont se g\u00e9n\u00e9raliser \u00e0 tout le d\u00e9partement d\u00e8s la fin d\u2019apr\u00e8s-midi et <strong>se poursuivront dans la nuit<\/strong> de mardi \u00e0 mercredi.<\/p>\n<p class=\" wall-content\">\u00ab\u2009Les intensit\u00e9s sont mod\u00e9r\u00e9es, de l\u2019ordre de 5 \u00e0 10\u00a0mm\/h, ponctuellement 15\u00a0mm\/h, mais continues et durables. Les cumuls sur l\u2019\u00e9pisode seront de l\u2019ordre de <strong>30 \u00e0 50\u00a0mm<\/strong> sur une large partie du d\u00e9partement, localement<strong> 60 \u00e0 70\u00a0mm sur le littoral<\/strong> et <strong>70 \u00e0 90\u00a0mm<\/strong> sur le proche int\u00e9rieur et Mercantour, secteur Roya notamment\u2009\u00bb pr\u00e9cise la pr\u00e9fecture des Alpes-Maritimes.<\/p>\n<p>Votre r\u00e9gion, votre actu !<\/p>\n<p>Recevez chaque jour les infos qui comptent pour vous.<\/p>\n<p>\t<a href=\"https:\/\/actu.fr\/newsletter\" class=\"ac-btn ac-btn--corner ac-btn--medium ac-btn--blue800\" target=\"_blank\" rel=\"noopener\">S&rsquo;incrire<\/a><\/p>\n<p class=\" wall-content\">M\u00e9t\u00e9o France envisage la fin de l\u2019\u00e9pisode vers 06h du matin ce mercredi 28\u00a0janvier 2026.<\/p>\n<p class=\" wall-content\">Personnalisez votre actualit\u00e9 en ajoutant vos villes et m\u00e9dias en favori avec <a href=\"https:\/\/moncompte.actu.fr\" title=\"D\u00e9couvez Mon Actu\" rel=\"nofollow noopener\" data-trk=\"{&quot;cta&quot;:{&quot;action&quot;:&quot;https:\\\/\\\/moncompte.actu.fr&quot;,&quot;category&quot;:&quot;mon compte&quot;,&quot;from&quot;:&quot;article footer&quot;,&quot;name&quot;:&quot;Mon actu&quot;,&quot;type&quot;:&quot;cta&quot;}}\" target=\"_blank\">Mon Actu<\/a>.<\/p>\n","protected":false},"excerpt":{"rendered":"Par Arthur Frand Publi\u00e9 le 27 janv. 2026 \u00e0 6h10 Encore des gouttes \u00e0 Nice.\u00a0Et pas qu\u2019un peu.&hellip;\n","protected":false},"author":2,"featured_media":692161,"comment_status":"","ping_status":"","sticky":false,"template":"","format":"standard","meta":{"footnotes":""},"categories":[2819],"tags":[1111,11,1777,674,1011,27,2839,2357,12,2401,4459,882,25,104],"class_list":{"0":"post-692160","1":"post","2":"type-post","3":"status-publish","4":"format-standard","5":"has-post-thumbnail","7":"category-nice","8":"tag-actu","9":"tag-actualites","10":"tag-eu","11":"tag-europe","12":"tag-fr","13":"tag-france","14":"tag-inondations","15":"tag-meteo-france","16":"tag-news","17":"tag-nice","18":"tag-pluie","19":"tag-provence-alpes-cote-dazur","20":"tag-republique-francaise","21":"tag-societe"},"share_on_mastodon":{"url":"https:\/\/pubeurope.com\/@fr\/115965886716281848","error":""},"_links":{"self":[{"href":"https:\/\/www.europesays.com\/fr\/wp-json\/wp\/v2\/posts\/692160","targetHints":{"allow":["GET"]}}],"collection":[{"href":"https:\/\/www.europesays.com\/fr\/wp-json\/wp\/v2\/posts"}],"about":[{"href":"https:\/\/www.europesays.com\/fr\/wp-json\/wp\/v2\/types\/post"}],"author":[{"embeddable":true,"href":"https:\/\/www.europesays.com\/fr\/wp-json\/wp\/v2\/users\/2"}],"replies":[{"embeddable":true,"href":"https:\/\/www.europesays.com\/fr\/wp-json\/wp\/v2\/comments?post=692160"}],"version-history":[{"count":0,"href":"https:\/\/www.europesays.com\/fr\/wp-json\/wp\/v2\/posts\/692160\/revisions"}],"wp:featuredmedia":[{"embeddable":true,"href":"https:\/\/www.europesays.com\/fr\/wp-json\/wp\/v2\/media\/692161"}],"wp:attachment":[{"href":"https:\/\/www.europesays.com\/fr\/wp-json\/wp\/v2\/media?parent=692160"}],"wp:term":[{"taxonomy":"category","embeddable":true,"href":"https:\/\/www.europesays.com\/fr\/wp-json\/wp\/v2\/categories?post=692160"},{"taxonomy":"post_tag","embeddable":true,"href":"https:\/\/www.europesays.com\/fr\/wp-json\/wp\/v2\/tags?post=692160"}],"curies":[{"name":"wp","href":"https:\/\/api.w.org\/{rel}","templated":true}]}}