{"id":692246,"date":"2026-01-27T08:19:09","date_gmt":"2026-01-27T08:19:09","guid":{"rendered":"https:\/\/www.europesays.com\/fr\/692246\/"},"modified":"2026-01-27T08:19:09","modified_gmt":"2026-01-27T08:19:09","slug":"un-porte-avions-americain-est-arrive-dans-le-golfe-liran-met-en-garde-contre-toute-intervention","status":"publish","type":"post","link":"https:\/\/www.europesays.com\/fr\/692246\/","title":{"rendered":"Un porte-avions am\u00e9ricain est arriv\u00e9 dans le Golfe, l&rsquo;Iran met en garde contre toute intervention"},"content":{"rendered":"<p>L&rsquo;Iran a mis en garde lundi contre une intervention am\u00e9ricaine apr\u00e8s le r\u00e9cent mouvement de contestation r\u00e9prim\u00e9 dans le sang, au moment o\u00f9 les Etats-Unis renforcent leur pr\u00e9sence dans la r\u00e9gion, o\u00f9 <a href=\"https:\/\/www.laprovence.com\/article\/france-monde\/22986764643647\/face-a-larmada-americaine-liran-met-en-garde-contre-une-intervention\" target=\"_blank\" rel=\"noopener\">un porte-avions est arriv\u00e9<\/a>. Le porte-avions Abraham Lincoln et son escorte sont arriv\u00e9s au Moyen-Orient, \u00ab\u00a0pour promouvoir la s\u00e9curit\u00e9 et la stabilit\u00e9 r\u00e9gionales\u00a0\u00bb, a annonc\u00e9 lundi le\u00a0Commandement militaire am\u00e9ricain pour le Moyen-Orient (Centcom).<\/p>\n<p>\u00ab\u00a0Nous avons une grande armada pr\u00e8s de l&rsquo;Iran. Plus grande qu&rsquo;au Venezuela\u00a0\u00bb, a d\u00e9clar\u00e9 le pr\u00e9sident am\u00e9ricain Donald Trump au site Axios, dans une allusion \u00e0 la capture du chef d&rsquo;Etat v\u00e9n\u00e9zu\u00e9lien Nicolas Maduro d\u00e9but janvier. Donald Trump avait annonc\u00e9 d\u00e8s la semaine derni\u00e8re l&rsquo;envoi dans le Golfe d&rsquo;une telle \u00ab\u00a0armada\u00a0\u00bb, maintenant la pression sur T\u00e9h\u00e9ran qu&rsquo;il a plusieurs fois menac\u00e9 de frapper. Mais <a href=\"https:\/\/www.laprovence.com\/article\/france-monde\/20389510349411\/liran-dit-avoir-le-doigt-sur-la-gachette-trump-estime-que-teheran-veut-dialoguer\" target=\"_blank\" rel=\"noopener\">l&rsquo;Iran <\/a><a href=\"https:\/\/www.laprovence.com\/article\/france-monde\/20389510349411\/liran-dit-avoir-le-doigt-sur-la-gachette-trump-estime-que-teheran-veut-dialoguer\" target=\"_blank\" rel=\"noopener\">\u00ab\u00a0ne permettra pas qu&rsquo;une menace \u00e0 la s\u00e9curit\u00e9 nationale<\/a> (&#8230;), m\u00eame \u00e0 ses pr\u00e9mices, atteigne le stade de l&rsquo;action\u00a0\u00bb, a martel\u00e9 lundi un haut responsable militaire iranien cit\u00e9 par la t\u00e9l\u00e9vision d&rsquo;Etat.<\/p>\n<p>\u00ab\u00a0L&rsquo;arriv\u00e9e d&rsquo;un tel navire de guerre ne va pas affecter la d\u00e9termination de l&rsquo;Iran\u00a0\u00bb face \u00e0 la contestation, a lui aussi r\u00e9agi le porte-parole du minist\u00e8re des Affaires \u00e9trang\u00e8res, Esma\u00efl Bagha\u00ef. Plut\u00f4t qu&rsquo;agir comme \u00ab\u00a0un moyen de dissuasion\u00a0\u00bb, la \u00ab\u00a0concentration et l&rsquo;accumulation de forces\u00a0\u00bb \u00e9trang\u00e8res \u00ab\u00a0accro\u00eetraient plut\u00f4t leur vuln\u00e9rabilit\u00e9 et en feraient des cibles faciles d\u2019acc\u00e8s\u00a0\u00bb, a-t-il averti.<\/p>\n<p>Alors que le pays reste coup\u00e9 d&rsquo;internet depuis plus de 18 jours, le travail de d\u00e9compte des morts se poursuit. Une organisation de d\u00e9fense des droits humains a fait \u00e9tat d&rsquo;un nouveau bilan de pr\u00e8s de 6 000 morts, et dit enqu\u00eater sur des milliers d&rsquo;autres possibles d\u00e9c\u00e8s.<\/p>\n<p>Symbole des tensions, les autorit\u00e9s iraniennes ont d\u00e9ploy\u00e9 dans le centre de T\u00e9h\u00e9ran un immense panneau anti-am\u00e9ricain montrant un porte-avions cibl\u00e9 par des frappes a\u00e9riennes.\u00a0 \u00ab\u00a0Qui s\u00e8me le vent r\u00e9colte la temp\u00eate\u00a0\u00bb, affirme le slogan traduit en anglais. \u00ab\u00a0La puissance navale de l&rsquo;Iran n&rsquo;est pas seulement d\u00e9fensive\u00a0\u00bb, a aussi mis en garde le commandant de la marine iranienne, Shahram Irani, cit\u00e9 par l&rsquo;agence de presse officielle Irna.\u00a0<\/p>\n<p>Sorti affaibli de la guerre de juin 2025 avec Isra\u00ebl et les Etats-Unis<\/p>\n<p>Au Liban, le Hezbollah pro-iranien a organis\u00e9 lundi un rassemblement en soutien \u00e0 la R\u00e9publique islamique, son dirigeant, Na\u00efm Qassem, estimant qu'\u00a0\u00bbune guerre contre l&rsquo;Iran embraserait la r\u00e9gion\u00a0\u00bb.\u00a0 De leur c\u00f4t\u00e9, les Emirats arabes unis, qui accueillent une base a\u00e9rienne am\u00e9ricaine dans le voisinage de l&rsquo;Iran, ont d\u00e9clar\u00e9 qu&rsquo;ils n&rsquo;autoriseraient pas l&rsquo;usage de leur territoire pour des attaques contre T\u00e9h\u00e9ran.<\/p>\n<p>Sorti affaibli de la guerre de juin 2025 avec Isra\u00ebl et les Etats-Unis, le pouvoir iranien a \u00e9touff\u00e9 par une violente r\u00e9pression les r\u00e9centes manifestations. Initi\u00e9 fin d\u00e9cembre par des commer\u00e7ants contre le marasme \u00e9conomique, le mouvement avait pris le 8 janvier une vaste ampleur, posant \u00e0 la R\u00e9publique islamique son plus grand d\u00e9fi depuis sa cr\u00e9ation en 1979.\u00a0<\/p>\n<p>Apr\u00e8s <a href=\"https:\/\/www.laprovence.com\/article\/france-monde\/81779263857169\/en-iran-la-coupure-generale-dinternet-dure-et-empeche-de-travailler\" target=\"_blank\" rel=\"noopener\">le blocage ce jour-l\u00e0 de l&rsquo;acc\u00e8s \u00e0 internet<\/a>, le pays reste aujourd&rsquo;hui largement coup\u00e9 du monde, a soulign\u00e9 lundi l&rsquo;ONG de surveillance de la cybers\u00e9curit\u00e9 Netblocks, pour qui la mesure vise \u00e0 \u00ab\u00a0masquer l&rsquo;ampleur de la r\u00e9pression meurtri\u00e8re contre les civils\u00a0\u00bb.<\/p>\n<p>Hossein Rafieian, un responsable des services de la pr\u00e9sidence pour l&rsquo;\u00e9conomie num\u00e9rique, a dit lundi esp\u00e9rer un r\u00e9tablissement de l&rsquo;acc\u00e8s \u00e0 internet pour les entreprises dans les deux prochains jours, pr\u00e9cisant toutefois que la d\u00e9cision ne relevait pas de son \u00ab\u00a0autorit\u00e9 directe\u00a0\u00bb.\u00a0 Le guide supr\u00eame, Ali Khamenei, est apparu pour la derni\u00e8re fois en public le 17 janvier, avertissant que les autorit\u00e9s \u00ab\u00a0briseraient le dos des s\u00e9ditieux\u00a0\u00bb.<\/p>\n<p>L&rsquo;organisation examine 17 091 autres possibles d\u00e9c\u00e8s<\/p>\n<p>Selon Human Rights Activists News Agency (HRANA), 5 848 personnes ont \u00e9t\u00e9 tu\u00e9es pendant le mouvement de contestation, dont 5 520 manifestants, 77 mineurs, 209 membres des forces de s\u00e9curit\u00e9 et 42 passants. L&rsquo;organisation examine 17 091 autres possibles d\u00e9c\u00e8s, les d\u00e9fenseurs des droits humains mettant en garde contre un bilan qui pourrait \u00eatre bien plus \u00e9lev\u00e9 que celui d\u00e9j\u00e0 confirm\u00e9. HRANA a aussi fait \u00e9tat d&rsquo;au moins 41 283 arrestations.\u00a0<\/p>\n<p>Le minist\u00e8re iranien de la Sant\u00e9 a exhort\u00e9 lundi les personnes bless\u00e9es lors des manifestations \u00e0 se rendre \u00e0 l&rsquo;h\u00f4pital, alors que, selon les ONG, les forces de s\u00e9curit\u00e9 y ont proc\u00e9d\u00e9 \u00e0 de nombreuses arrestations. Dans le m\u00eame temps, la t\u00e9l\u00e9vision d&rsquo;Etat a diffus\u00e9 ces derni\u00e8res semaines au moins 240 pr\u00e9tendus \u00ab\u00a0aveux\u00a0\u00bb de contestataires, d&rsquo;apr\u00e8s HRANA, une pratique d\u00e9nonc\u00e9e notamment par Amnesty International et les Nations unies.\u00a0<\/p>\n<p>La semaine derni\u00e8re, les autorit\u00e9s iraniennes ont donn\u00e9 leur premier bilan total, de 3 117 morts, dont 2 427 sont selon elles des membres des forces de s\u00e9curit\u00e9 ou des passants.\u00a0 La cha\u00eene d&rsquo;opposition Iran International, bas\u00e9e \u00e0 l&rsquo;\u00e9tranger, recense pour sa part plus de 36 500 personnes tu\u00e9es, citant notamment des documents classifi\u00e9s et des sources s\u00e9curitaires.<\/p>\n","protected":false},"excerpt":{"rendered":"L&rsquo;Iran a mis en garde lundi contre une intervention am\u00e9ricaine apr\u00e8s le r\u00e9cent mouvement de contestation r\u00e9prim\u00e9 dans&hellip;\n","protected":false},"author":2,"featured_media":692247,"comment_status":"","ping_status":"","sticky":false,"template":"","format":"standard","meta":{"footnotes":""},"categories":[5],"tags":[5734,11,7204,15200,1446,932,1011,27,329,10623,14,26922,12,27936,28],"class_list":{"0":"post-692246","1":"post","2":"type-post","3":"status-publish","4":"format-standard","5":"has-post-thumbnail","7":"category-international","8":"tag-5734","9":"tag-actualites","10":"tag-americain","11":"tag-arrive","12":"tag-dans","13":"tag-est","14":"tag-fr","15":"tag-france","16":"tag-france-monde","17":"tag-golfe","18":"tag-international","19":"tag-liran","20":"tag-news","21":"tag-porte-avions","22":"tag-world"},"share_on_mastodon":{"url":"https:\/\/pubeurope.com\/@fr\/115966087285719655","error":""},"_links":{"self":[{"href":"https:\/\/www.europesays.com\/fr\/wp-json\/wp\/v2\/posts\/692246","targetHints":{"allow":["GET"]}}],"collection":[{"href":"https:\/\/www.europesays.com\/fr\/wp-json\/wp\/v2\/posts"}],"about":[{"href":"https:\/\/www.europesays.com\/fr\/wp-json\/wp\/v2\/types\/post"}],"author":[{"embeddable":true,"href":"https:\/\/www.europesays.com\/fr\/wp-json\/wp\/v2\/users\/2"}],"replies":[{"embeddable":true,"href":"https:\/\/www.europesays.com\/fr\/wp-json\/wp\/v2\/comments?post=692246"}],"version-history":[{"count":0,"href":"https:\/\/www.europesays.com\/fr\/wp-json\/wp\/v2\/posts\/692246\/revisions"}],"wp:featuredmedia":[{"embeddable":true,"href":"https:\/\/www.europesays.com\/fr\/wp-json\/wp\/v2\/media\/692247"}],"wp:attachment":[{"href":"https:\/\/www.europesays.com\/fr\/wp-json\/wp\/v2\/media?parent=692246"}],"wp:term":[{"taxonomy":"category","embeddable":true,"href":"https:\/\/www.europesays.com\/fr\/wp-json\/wp\/v2\/categories?post=692246"},{"taxonomy":"post_tag","embeddable":true,"href":"https:\/\/www.europesays.com\/fr\/wp-json\/wp\/v2\/tags?post=692246"}],"curies":[{"name":"wp","href":"https:\/\/api.w.org\/{rel}","templated":true}]}}