{"id":692251,"date":"2026-01-27T08:22:16","date_gmt":"2026-01-27T08:22:16","guid":{"rendered":"https:\/\/www.europesays.com\/fr\/692251\/"},"modified":"2026-01-27T08:22:16","modified_gmt":"2026-01-27T08:22:16","slug":"regis-juanico-propose-la-gratuite-de-la-stas-le-week-end","status":"publish","type":"post","link":"https:\/\/www.europesays.com\/fr\/692251\/","title":{"rendered":"R\u00e9gis Juanico propose la \u00ab\u00a0gratuit\u00e9 de la STAS le week-end\u00a0\u00bb"},"content":{"rendered":"<p>                    Par<br \/>\n        <strong><br \/>\n            <a href=\"https:\/\/actu.fr\/auteur\/mathias-souteyrat\" title=\"Consulter tous les articles de Mathias Souteyrat\" target=\"_blank\" rel=\"noopener\">Mathias Souteyrat<\/a><br \/>\n                    <\/strong><\/p>\n<p>        Publi\u00e9 le<\/p>\n<p>            26 janv. 2026 \u00e0 18h00        <\/p>\n<p>R\u00e9gis Juanico, candidat \u00e2g\u00e9 de 53 ans aux \u00e9lections municipales de mars 2026 pour \u00ab<a href=\"https:\/\/actu.fr\/saint-etienne\/\" target=\"_blank\" rel=\"noopener\">\u2009Saint-\u00c9tienne<\/a> demain\u2009\u00bb, rassemble les forces de gauche, \u00e9cologistes, humanistes et citoyennes (hors LFI).<br \/>Conseiller d\u00e9partemental de la <a href=\"https:\/\/actu.fr\/auvergne-rhone-alpes\/loire_42\" target=\"_blank\" rel=\"noopener\">Loire<\/a>, consultant (dans le priv\u00e9) sp\u00e9cialis\u00e9 dans les politiques publiques sportives et la lutte contre la s\u00e9dentarit\u00e9 a \u00e9t\u00e9 d\u00e9put\u00e9 de 2007 \u00e0 2022, affili\u00e9 au PS et \u00e0 G\u00e9n\u00e9ration.s.<br \/>Mobilit\u00e9, s\u00e9curit\u00e9, commerce\u2026 Voici ses principales annonces \u00e0 actu.fr.<\/p>\n<p>Gratuit\u00e9 des transports le week-end, refus de nouveaux centres commerciaux, relance du commerce de centre-ville<\/p>\n<p class=\"ac-article-content__question wall-content\"><strong class=\"color-primary\">Actu : <\/strong>Extension du tram vers Steel ou gratuit\u00e9 le week-end comme \u00e0 Clermont-Ferrand : quelles sont vos grandes propositions pour les transports en commun STAS \u00e0 Saint-Etienne ?<\/p>\n<p class=\" wall-content\"><strong class=\"color-primary\">R\u00e9gis Juanico : <\/strong>Nous ne proposons pas d&rsquo;extension du r\u00e9seau de tramways qui maille efficacement la ville. Il faut s&rsquo;atteler \u00e0 moderniser l&rsquo;existant, renouveler les rames de tram, en racheter pour augmenter les fr\u00e9quences de passage. Il faut augmenter la capacit\u00e9 de nos bus. Parce que certaines lignes, les plus fr\u00e9quent\u00e9s sont aujourd&rsquo;hui \u00e0 saturation.<br \/>La deuxi\u00e8me mesure phase, c&rsquo;est une gratuit\u00e9 des transports en commun pour tous le samedi, puis pourquoi pas tout le week-end. C&rsquo;est une mesure qui co\u00fbte 3 millions pour un jour et 5 millions pour l&rsquo;ensemble du week-end. <br \/>La gratuit\u00e9, nous souhaitons aussi l&rsquo;\u00e9tendre \u00e0 un certain nombre de cat\u00e9gories sociales. Les scolaires qui se d\u00e9placent avec les \u00e9coles dans les sorties p\u00e9dagogiques culturelles et sportives, les personnes b\u00e9n\u00e9ficiant des minima-sociaux ou en situation de handicap.<\/p>\n<p>    <img   decoding=\"async\" loading=\"lazy\" src=\"https:\/\/www.europesays.com\/fr\/wp-content\/uploads\/2026\/01\/20260122-133616-960x640.jpg\" alt=\"Le candidat de gauche veut renouveller les places du centre-ville durant les travaux importants qui auront lieu sur le r\u00e9seau STAS.\" width=\"960\" height=\"640\"\/><br \/>\n    Le candidat de gauche veut renouveler les places du centre-ville durant les travaux importants qui auront lieu sur le r\u00e9seau STAS. (\u00a9Mathias Souteyrat \/ actu.fr)<\/p>\n<p class=\"ac-article-content__question wall-content\">Boutiques ferm\u00e9es, d\u00e9parts de grandes enseignes&#8230; L&rsquo;\u00e9tat du commerce de centre-ville est d\u00e9sastreux : que faire pour le redynamiser ? <\/p>\n<p class=\" wall-content\"><strong class=\"color-primary\">RG : <\/strong>Du fait du d\u00e9part d&rsquo;un certain nombre de locomotives commerciales (Zara, etc.), on veut redynamiser le commerce de centre-ville. La gratuit\u00e9 des transports en commun le week-end peut \u00eatre une bonne premi\u00e8re solution.<br \/>Les chiffres montent que nous avons de moins en moins de personnes qui fr\u00e9quentent le centre-ville. Il faut faire en sorte aujourd&rsquo;hui que les commerces revivent de nouveau et faire (re)venir des gens en ville.<br \/>Nous voulons une politique d&rsquo;animation ambitieuse en s&rsquo;inspirant de la f\u00eate de la Sainte-Barbe qui est un vrai succ\u00e8s populaire.<br \/>Pour relancer la consommation, nous allons distribuer \u00e0 nos agents 3 500 municipaux des bons d&rsquo;achat valables dans les commerces de centre-ville.<br \/>Nous serons \u00e9galement contre tout nouveau centre commercial ou projet d&rsquo;extension de l&rsquo;existant (comprendre Steel).<\/p>\n<p class=\"ac-article-content__question wall-content\">Pour relancer le commerce, l&rsquo;actuelle municipalit\u00e9 a rendu le stationnement gratuit du vendredi midi \u00e0 lundi matin : p\u00e9rennisez-vous cette mesure ?\n<\/p>\n<p class=\" wall-content\"><strong class=\"color-primary\">RG : <\/strong>Non, le retour que l&rsquo;on a des commer\u00e7ants est que les gens stationnent gratuitement mais ne consomment pas forc\u00e9ment : c&rsquo;est ce qu&rsquo;on appelle les voitures ventouses. <br \/>Nous allons limiter le temps du stationnement gratuit en centre-ville \u00e0 3 heures le samedi pour favoriser la rotation des v\u00e9hicules et l&rsquo;acc\u00e8s aux magasins.<br \/>Il faut \u00e9galement maintenir la gratuit\u00e9 automatique des transports en commun pour les usagers des parkings relais qui se rendent en centre-ville. Avec un ticket STAS vous rentrez avec votre voiture dans le parking puis vous d\u00e9placez avec ce billet en bus ou tram.<\/p>\n<p>    <img   decoding=\"async\" loading=\"lazy\" src=\"https:\/\/www.europesays.com\/fr\/wp-content\/uploads\/2026\/01\/20260122-1117430-960x640.jpg\" alt=\"STAS - tram - saint-etienne\" width=\"960\" height=\"640\"\/><br \/>\n    R\u00e9gis Juanico devant la ligne de tramway STAS \u00e0 Saint-\u00c9tienne. (\u00a9Mathias Souteyrat \/ actu.fr)<\/p>\n<p class=\"ac-article-content__question wall-content\">Le parking de la gare de Chateaucreux est pris d&rsquo;assaut chaque matin, la ligne SNCF entre Saint-Etienne et Lyon \u00e9galement bond\u00e9e : que faut-il faire ?<\/p>\n<p class=\" wall-content\"><strong class=\"color-primary\">RG : <\/strong>Le r\u00e9seau ferr\u00e9 est une des grandes priorit\u00e9s en termes de transport. Il y a d\u00e9j\u00e0 des chantiers qui sont programm\u00e9s dans le cadre du SERM, le RER m\u00e9tropolitain avec la modernisation de la gare de Saint-Etienne Chateaucreux et de son parking. Il faut am\u00e9liorer le cadencement, la capacit\u00e9 et la fiabilit\u00e9 des trains via des travaux pour consolider la ligne.<br \/>Il va falloir \u00e9galement r\u00e9fl\u00e9chir pour mieux desservir avec le ferroviaire les habitants des communes de la Plaine (Andr\u00e9zieux-Bouth\u00e9on, etc.) qui viennent souvent en voiture avec un certain nombre de bouchons en arrivant \u00e0 Saint-\u00c9tienne. <br \/>Concernant la ligne de chemin de fer oubli\u00e9e entre Saint-\u00c9tienne et Clermont-Ferrand, ce n&rsquo;est pas normal qu&rsquo;il n&rsquo;y ait qu&rsquo;un bus pour desservir ces villes. Mais je ne maitrise pas les investissements et les priorit\u00e9s de l&rsquo;Etat et la R\u00e9gion (d\u00e9cisionnaires sur ces questions-l\u00e0).<\/p>\n<p>Votre r\u00e9gion, votre actu !<\/p>\n<p>Recevez chaque jour les infos qui comptent pour vous.<\/p>\n<p>\t<a href=\"https:\/\/actu.fr\/newsletter\" class=\"ac-btn ac-btn--corner ac-btn--medium ac-btn--blue800\" target=\"_blank\" rel=\"noopener\">S&rsquo;incrire<\/a><\/p>\n<p class=\"ac-article-content__question wall-content\">Saint-Etienne a donn\u00e9 naissance aux v\u00e9los. La ville est tr\u00e8s mal class\u00e9e dans le barom\u00e8tre des villes cyclables : que comptez-vous faire ?<\/p>\n<p class=\" wall-content\"><strong class=\"color-primary\">RG : <\/strong>On souhaite donner un coup d&rsquo;acc\u00e9l\u00e9rateur au plan v\u00e9lo et regarder comment on peut relier via des pistes cyclables nos grands complexes sportifs et parcs. Il faut mettre fin aux discontinuit\u00e9s cyclables et renforcer la flotte de V\u00e9liverts avec l&rsquo;achat de 500 v\u00e9los suppl\u00e9mentaires et am\u00e9liorer la s\u00e9curit\u00e9 des itin\u00e9raires.<\/p>\n<p>    <img   decoding=\"async\" loading=\"lazy\" src=\"https:\/\/www.europesays.com\/fr\/wp-content\/uploads\/2026\/01\/20260115-1129300-960x640.jpg\" alt=\"Les commerces du centre-ville ferm\u00e9s \u00e0 Saint-Etienne.\" width=\"960\" height=\"640\"\/><br \/>\n    Les commerces du centre-ville ferm\u00e9s \u00e0 Saint-\u00c9tienne. (\u00a9Mathias Souteyrat \/ actu.fr)Priorit\u00e9 sur les incivilit\u00e9s routi\u00e8res<\/p>\n<p class=\"ac-article-content__question wall-content\">Vous allez g\u00e9rer la police municipale : quelles annonces faites-vous ?<\/p>\n<p class=\" wall-content\"><strong class=\"color-primary\">RG : <\/strong>Les effectifs de policiers municipaux sont suffisants (environ 200 agents). Idem pour le r\u00e9seau de cam\u00e9ras de vid\u00e9oprotection (350 environ).<br \/>\u2060Il faut un renforcement de la pr\u00e9sence physique des policiers municipaux dans tous les quartiers, avec des antennes ou v\u00e9hicules mobiles avanc\u00e9s, dans les mairies de proximit\u00e9 par exemple.<br \/>Une de nos priorit\u00e9s sera la lutte contre les incivilit\u00e9s routi\u00e8res pour pacifier la ville et faire respecter le code de la route. <br \/>Nous sommes favorables \u00e0 la mise en place d&rsquo;une \u00e9quipe de m\u00e9diateurs en soutien de la police pour la pr\u00e9vention et le contact avec la population.<br \/>Nous sommes aussi pour une brigade de s\u00e9curit\u00e9 des transports en commun en mobilisant des r\u00e9servistes de l&rsquo;\u00c9tat.<\/p>\n<p class=\"ac-article-content__question wall-content\">Les \u00e9piceries de nuit ferment \u00e0 22h rue Durafour ou Jacquard \u00e0 cause de troubles \u00e0 l&rsquo;ordre public : que promettez-vous pour la s\u00e9curit\u00e9 des St\u00e9phanois ?<\/p>\n<p class=\" wall-content\"><strong class=\"color-primary\">RG : <\/strong>Il faut faire respecter les arr\u00eat\u00e9s pr\u00e9fectoraux et municipaux d\u00e9j\u00e0 en place. Pour r\u00e9guler la diversit\u00e9 commerciale, les maires n&rsquo;ont pas assez de moyens l\u00e9gaux pour le faire. On ne peut pas emp\u00eacher un priv\u00e9 de vendre \u00e0 un autre priv\u00e9. La ville peut pr\u00e9empter, mais cela a ses limites.<\/p>\n<p>Nouvelle patinoire, incin\u00e9rateur, acc\u00e8s aux d\u00e9chetteries\u2009: oui ou non\u2009?<\/p>\n<p class=\"ac-article-content__question wall-content\">Tiers payant \u00e9nerg\u00e9tique, rues des enfants, m\u00e9dicobus : quelles sont vos mesures principales pour l&rsquo;habitat, l&rsquo;\u00e9ducation et la sant\u00e9 ?<\/p>\n<p class=\" wall-content\"><strong class=\"color-primary\">RG : <\/strong>Priorit\u00e9 \u00e0 la r\u00e9novation de l&rsquo;habitat d\u00e9grad\u00e9, notamment dans les quartiers centraux comme Jacquard avec la mise en place d&rsquo;un tiers payant \u00e9nerg\u00e9tique municipal pour avancer les frais de travaux d&rsquo;isolation.<br \/>Exp\u00e9rimentation de la \u00ab\u00a0rue pacifi\u00e9e\u00a0\u00bb aux abords des \u00e9coles pour apaiser la circulation aux heures d&rsquo;entr\u00e9e et de sortie. Mise en place de repas \u00e0 0,50 euro dans les cantines pour les familles.<br \/>Mise en place rapide de permanences itin\u00e9rantes de &lsquo;m\u00e9dicobus&rsquo; dans les quartiers pour des consultations m\u00e9dicales. Il faut cibler des quartiers en difficult\u00e9 en termes de sant\u00e9, o\u00f9 l&rsquo;offre de soins est insuffisante.<\/p>\n<p>Candidat \u00e0 la pr\u00e9sidence de la M\u00e9tropole ?<\/p>\n<p>S&rsquo;il est \u00e9lu maire de Saint-Etienne, R\u00e9gis Juanico se portera candidat pour devenir pr\u00e9sident de la M\u00e9tropole de Saint-Etienne.<\/p>\n<p class=\"ac-article-content__question wall-content\">Nouvelle patinoire, incin\u00e9rateur XXL, acc\u00e8s aux d\u00e9chetteries : pour ou contre ces grands projets m\u00e9tropolitains ?<\/p>\n<p class=\" wall-content\"><strong class=\"color-primary\">RG : <\/strong>Non au projet de nouvelle patinoire, oui pour la r\u00e9novation de l&rsquo;actuelle.<br \/>Pour l&rsquo;incin\u00e9rateur, on souhaite que les alternatives \u00e0 la construction d&rsquo;un gros soient de nouveau discut\u00e9es. Il se peut que le projet actuellement pr\u00e9sent\u00e9 soit peut-\u00eatre choisi. Mais on veut avoir le choix.<br \/>Le QR Code en d\u00e9chetterie ? Il faut revoir le syst\u00e8me, le simplifier.<\/p>\n<p class=\" wall-content\"><strong>Propos recueillis le jeudi 22\u00a0janvier au QG de campagne du candidat.<\/strong><\/p>\n<p class=\" wall-content\">Personnalisez votre actualit\u00e9 en ajoutant vos villes et m\u00e9dias en favori avec <a href=\"https:\/\/moncompte.actu.fr\" title=\"D\u00e9couvez Mon Actu\" rel=\"nofollow noopener\" data-trk=\"{&quot;cta&quot;:{&quot;action&quot;:&quot;https:\\\/\\\/moncompte.actu.fr&quot;,&quot;category&quot;:&quot;mon compte&quot;,&quot;from&quot;:&quot;article footer&quot;,&quot;name&quot;:&quot;Mon actu&quot;,&quot;type&quot;:&quot;cta&quot;}}\" target=\"_blank\">Mon Actu<\/a>.<\/p>\n","protected":false},"excerpt":{"rendered":"Par Mathias Souteyrat Publi\u00e9 le 26 janv. 2026 \u00e0 18h00 R\u00e9gis Juanico, candidat \u00e2g\u00e9 de 53 ans aux&hellip;\n","protected":false},"author":2,"featured_media":692252,"comment_status":"","ping_status":"","sticky":false,"template":"","format":"standard","meta":{"footnotes":""},"categories":[9653],"tags":[1111,11,2430,215,4188,1777,674,1011,27,3434,12,316,25,4001,25515],"class_list":{"0":"post-692251","1":"post","2":"type-post","3":"status-publish","4":"format-standard","5":"has-post-thumbnail","7":"category-saint-etienne","8":"tag-actu","9":"tag-actualites","10":"tag-auvergne-rhone-alpes","11":"tag-commerce","12":"tag-elections-municipales","13":"tag-eu","14":"tag-europe","15":"tag-fr","16":"tag-france","17":"tag-municipales-2026","18":"tag-news","19":"tag-politique","20":"tag-republique-francaise","21":"tag-saint-etienne","22":"tag-societe-de-transport-de-lagglomeration-stephanoise-stas"},"share_on_mastodon":{"url":"https:\/\/pubeurope.com\/@fr\/115966099273992016","error":""},"_links":{"self":[{"href":"https:\/\/www.europesays.com\/fr\/wp-json\/wp\/v2\/posts\/692251","targetHints":{"allow":["GET"]}}],"collection":[{"href":"https:\/\/www.europesays.com\/fr\/wp-json\/wp\/v2\/posts"}],"about":[{"href":"https:\/\/www.europesays.com\/fr\/wp-json\/wp\/v2\/types\/post"}],"author":[{"embeddable":true,"href":"https:\/\/www.europesays.com\/fr\/wp-json\/wp\/v2\/users\/2"}],"replies":[{"embeddable":true,"href":"https:\/\/www.europesays.com\/fr\/wp-json\/wp\/v2\/comments?post=692251"}],"version-history":[{"count":0,"href":"https:\/\/www.europesays.com\/fr\/wp-json\/wp\/v2\/posts\/692251\/revisions"}],"wp:featuredmedia":[{"embeddable":true,"href":"https:\/\/www.europesays.com\/fr\/wp-json\/wp\/v2\/media\/692252"}],"wp:attachment":[{"href":"https:\/\/www.europesays.com\/fr\/wp-json\/wp\/v2\/media?parent=692251"}],"wp:term":[{"taxonomy":"category","embeddable":true,"href":"https:\/\/www.europesays.com\/fr\/wp-json\/wp\/v2\/categories?post=692251"},{"taxonomy":"post_tag","embeddable":true,"href":"https:\/\/www.europesays.com\/fr\/wp-json\/wp\/v2\/tags?post=692251"}],"curies":[{"name":"wp","href":"https:\/\/api.w.org\/{rel}","templated":true}]}}