{"id":692261,"date":"2026-01-27T08:27:24","date_gmt":"2026-01-27T08:27:24","guid":{"rendered":"https:\/\/www.europesays.com\/fr\/692261\/"},"modified":"2026-01-27T08:27:24","modified_gmt":"2026-01-27T08:27:24","slug":"top-14-theatre-stade-francais-bonus-defensif-caudullo-raconte-le-deplacement-mouvemente-a-toulon","status":"publish","type":"post","link":"https:\/\/www.europesays.com\/fr\/692261\/","title":{"rendered":"Top 14. Th\u00e9\u00e2tre, Stade fran\u00e7ais, bonus d\u00e9fensif&#8230; Caudullo raconte le d\u00e9placement mouvement\u00e9 \u00e0 Toulon"},"content":{"rendered":"<p>\n                Le manager de Montpellier Joan Caudullo revient sur le s\u00e9jour varois, plus long que pr\u00e9vu. Un s\u00e9jour qui va \u00e9galement modifier la semaine d\u2019entra\u00eenement.\n            <\/p>\n<p>\u00ab\u00a0Directement, je me suis dit qu\u2019on aurait un jour de moins pour pr\u00e9parer le Stade fran\u00e7ais. C\u2019est l\u2019\u00e9quipe en forme du championnat avec Toulouse. On va d\u00e9caler toute la semaine, avec seulement six jours pour aborder ce match. Sinon, apr\u00e8s l\u2019annonce, on a fait du cin\u00e9ma et du th\u00e9\u00e2tre (sourire). Plus s\u00e9rieusement, on a eu des activit\u00e9s assez facultatives, avec de la salle de sport. Avant 16 heures, nous sommes aussi sortis de l\u2019h\u00f4tel. Et finalement, il n\u2019y a pas eu de foudre. Le Monsieur M\u00e9t\u00e9o de Toulon s\u2019est un peu tromp\u00e9. Le matin, on avait d\u00e9j\u00e0 fait la clart\u00e9 suppl\u00e9mentaire. Nous avions pris le bus et nous \u00e9tions partis en centre-ville. Il a fallu essayer de faire bouger les mecs. On a boss\u00e9, le soir, un peu sur la strat\u00e9gie avec les nouvelles conditions. Vous savez, on dit que nous sommes une \u00e9quipe difficile \u00e0 jouer, qui fait d\u00e9jouer l\u2019adversaire. \u00c0 Pau, comme ici, avec du soleil, on a failli gagner. J\u2019esp\u00e8re qu\u2019on va commencer \u00e0 nous respecter sur le fait qu\u2019on sait faire autre chose que des petits tas. On a su bien jouer face \u00e0 Toulon, avec un peu de pluie notamment en seconde p\u00e9riode. Maintenant, voil\u00e0, on a pass\u00e9 trois jours \u00e0 Toulon (du vendredi au dimanche) pour un point, c\u2019est frustrant. Je suis tr\u00e8s frustr\u00e9 car on a eu les moyens de le gagner. Il y a beaucoup de d\u00e9ception suite \u00e0 ce d\u00e9placement car nous sommes dans un Top 14 tr\u00e8s dur. \u00c0 Toulon, m\u00eame s\u2019il y a peu d\u2019\u00e9quipes qui ont \u00e9t\u00e9 en capacit\u00e9 de prendre un point, je suis frustr\u00e9. Si on regarde le journal, c\u2019est une performance. Si on regarde le contenu, il y avait mieux \u00e0 faire. Ce qui ressort, c\u2019est cette frustration de ne pas gagner ici, m\u00eame si la performance est belle.\u00a0\u00bb<\/p>\n","protected":false},"excerpt":{"rendered":"Le manager de Montpellier Joan Caudullo revient sur le s\u00e9jour varois, plus long que pr\u00e9vu. Un s\u00e9jour qui&hellip;\n","protected":false},"author":2,"featured_media":692262,"comment_status":"","ping_status":"","sticky":false,"template":"","format":"standard","meta":{"footnotes":""},"categories":[9619],"tags":[1111,11,1777,674,1011,27,12,882,25,68796,478,2310],"class_list":{"0":"post-692261","1":"post","2":"type-post","3":"status-publish","4":"format-standard","5":"has-post-thumbnail","7":"category-toulon","8":"tag-actu","9":"tag-actualites","10":"tag-eu","11":"tag-europe","12":"tag-fr","13":"tag-france","14":"tag-news","15":"tag-provence-alpes-cote-dazur","16":"tag-republique-francaise","17":"tag-rugby-u00e0-xv","18":"tag-top-14","19":"tag-toulon"},"share_on_mastodon":{"url":"https:\/\/pubeurope.com\/@fr\/115966118715698356","error":""},"_links":{"self":[{"href":"https:\/\/www.europesays.com\/fr\/wp-json\/wp\/v2\/posts\/692261","targetHints":{"allow":["GET"]}}],"collection":[{"href":"https:\/\/www.europesays.com\/fr\/wp-json\/wp\/v2\/posts"}],"about":[{"href":"https:\/\/www.europesays.com\/fr\/wp-json\/wp\/v2\/types\/post"}],"author":[{"embeddable":true,"href":"https:\/\/www.europesays.com\/fr\/wp-json\/wp\/v2\/users\/2"}],"replies":[{"embeddable":true,"href":"https:\/\/www.europesays.com\/fr\/wp-json\/wp\/v2\/comments?post=692261"}],"version-history":[{"count":0,"href":"https:\/\/www.europesays.com\/fr\/wp-json\/wp\/v2\/posts\/692261\/revisions"}],"wp:featuredmedia":[{"embeddable":true,"href":"https:\/\/www.europesays.com\/fr\/wp-json\/wp\/v2\/media\/692262"}],"wp:attachment":[{"href":"https:\/\/www.europesays.com\/fr\/wp-json\/wp\/v2\/media?parent=692261"}],"wp:term":[{"taxonomy":"category","embeddable":true,"href":"https:\/\/www.europesays.com\/fr\/wp-json\/wp\/v2\/categories?post=692261"},{"taxonomy":"post_tag","embeddable":true,"href":"https:\/\/www.europesays.com\/fr\/wp-json\/wp\/v2\/tags?post=692261"}],"curies":[{"name":"wp","href":"https:\/\/api.w.org\/{rel}","templated":true}]}}