{"id":692275,"date":"2026-01-27T08:35:09","date_gmt":"2026-01-27T08:35:09","guid":{"rendered":"https:\/\/www.europesays.com\/fr\/692275\/"},"modified":"2026-01-27T08:35:09","modified_gmt":"2026-01-27T08:35:09","slug":"rennes-metropole-fait-de-la-pluie-une-ressource-a-part-entiere","status":"publish","type":"post","link":"https:\/\/www.europesays.com\/fr\/692275\/","title":{"rendered":"Rennes M\u00e9tropole fait de la pluie une ressource \u00e0 part enti\u00e8re"},"content":{"rendered":"<p>La question de la rar\u00e9faction de l&rsquo;eau, souvent assortie de la probl\u00e9matique de la modernisation des r\u00e9seaux de distribution et d&rsquo;assainissement, est devenue un enjeu pour de nombreuses communes de France.<\/p>\n<p>Au-del\u00e0 des tarifications sp\u00e9cifiques, saisonni\u00e8re ou \u00e9co-solidaire pour moduler les prix en fonction de la consommation et des revenus, qu\u2019ont pu mettre en place des villes comme Dunkerque ou Toulouse, des collectivit\u00e9s se penchent sur la consommation d\u2019eau potable.<\/p>\n<p>Lors du Carrefour des gestions locales de l\u2019eau qui s\u2019est tenu \u00e0 Rennes les 21 et 22 janvier, le syndicat professionnel Acteurs du Traitement des Eaux de la Parcelle (ATEP), a d\u00e9voil\u00e9 une \u00e9tude selon laquelle 43 % des collectivit\u00e9s ont d\u00e9j\u00e0 engag\u00e9 des actions de gestion de l\u2019eau \u00e0 la parcelle et 46 % ont mis en place des d\u00e9marches de valorisation des eaux de pluie. Parmi les actions concr\u00e8tes \u00e9voqu\u00e9es, celle de Rennes M\u00e9tropole est consid\u00e9r\u00e9e comme particuli\u00e8rement pro-active.<\/p>\n<p>La m\u00e9tropole rennaise souhaite en effet r\u00e9duire la consommation d\u2019eau potable de 17 % \u00e0 l\u2019horizon 2030. Depuis juin dernier, date de la modification de son Plan local d\u2019urbanisme intercommunal (PLUi), ex\u00e9cutoire depuis septembre, elle a act\u00e9 des \u00e9volutions dans quatre domaines en particulier : le logement, la sobri\u00e9t\u00e9 fonci\u00e8re, les mobilit\u00e9s et l&rsquo;adaptation au changement climatique. Son PLUi int\u00e8gre d\u00e9sormais l\u2019eau de pluie comme ressource.<\/p>\n<p>\u00ab La\u00a0gestion de la ressource en eau et la pr\u00e9servation du cycle naturel de l&rsquo;eau sont devenus cruciaux \u00bb, arguait Rennes M\u00e9tropole en juin, pour encadrer plus fortement la construction des piscines individuelles et exiger la \u00ab\u2009r\u00e9cup\u00e9ration des eaux pluviales sur les toitures en vue de la r\u00e9utiliser pour des usages ext\u00e9rieurs (arrosage\u2026) et \/ ou sanitaires (WC, lave-linge)\u2009\u00bb.<\/p>\n<p>La mise en place d\u2019unit\u00e9s de r\u00e9cup\u00e9ration pour des usages int\u00e9rieurs fait figure d&rsquo;un des \u00e9l\u00e9ments distinctifs de la politique de valorisation men\u00e9e par la collectivit\u00e9.<\/p>\n","protected":false},"excerpt":{"rendered":"La question de la rar\u00e9faction de l&rsquo;eau, souvent assortie de la probl\u00e9matique de la modernisation des r\u00e9seaux de&hellip;\n","protected":false},"author":2,"featured_media":692276,"comment_status":"","ping_status":"","sticky":false,"template":"","format":"standard","meta":{"footnotes":""},"categories":[2821],"tags":[5734,1111,11,829,61049,1777,674,1011,27,2861,21443,2800,12,15178,4459,1306,584,25,4856],"class_list":{"0":"post-692275","1":"post","2":"type-post","3":"status-publish","4":"format-standard","5":"has-post-thumbnail","7":"category-rennes","8":"tag-5734","9":"tag-actu","10":"tag-actualites","11":"tag-bretagne","12":"tag-entiere","13":"tag-eu","14":"tag-europe","15":"tag-fr","16":"tag-france","17":"tag-gestion","18":"tag-leau","19":"tag-metropole","20":"tag-news","21":"tag-part","22":"tag-pluie","23":"tag-regions","24":"tag-rennes","25":"tag-republique-francaise","26":"tag-ressource"},"share_on_mastodon":{"url":"https:\/\/pubeurope.com\/@fr\/115966150249511109","error":""},"_links":{"self":[{"href":"https:\/\/www.europesays.com\/fr\/wp-json\/wp\/v2\/posts\/692275","targetHints":{"allow":["GET"]}}],"collection":[{"href":"https:\/\/www.europesays.com\/fr\/wp-json\/wp\/v2\/posts"}],"about":[{"href":"https:\/\/www.europesays.com\/fr\/wp-json\/wp\/v2\/types\/post"}],"author":[{"embeddable":true,"href":"https:\/\/www.europesays.com\/fr\/wp-json\/wp\/v2\/users\/2"}],"replies":[{"embeddable":true,"href":"https:\/\/www.europesays.com\/fr\/wp-json\/wp\/v2\/comments?post=692275"}],"version-history":[{"count":0,"href":"https:\/\/www.europesays.com\/fr\/wp-json\/wp\/v2\/posts\/692275\/revisions"}],"wp:featuredmedia":[{"embeddable":true,"href":"https:\/\/www.europesays.com\/fr\/wp-json\/wp\/v2\/media\/692276"}],"wp:attachment":[{"href":"https:\/\/www.europesays.com\/fr\/wp-json\/wp\/v2\/media?parent=692275"}],"wp:term":[{"taxonomy":"category","embeddable":true,"href":"https:\/\/www.europesays.com\/fr\/wp-json\/wp\/v2\/categories?post=692275"},{"taxonomy":"post_tag","embeddable":true,"href":"https:\/\/www.europesays.com\/fr\/wp-json\/wp\/v2\/tags?post=692275"}],"curies":[{"name":"wp","href":"https:\/\/api.w.org\/{rel}","templated":true}]}}