{"id":692300,"date":"2026-01-27T08:48:12","date_gmt":"2026-01-27T08:48:12","guid":{"rendered":"https:\/\/www.europesays.com\/fr\/692300\/"},"modified":"2026-01-27T08:48:12","modified_gmt":"2026-01-27T08:48:12","slug":"les-marseillais-en-tiendront-compte-au-moment-de-voter","status":"publish","type":"post","link":"https:\/\/www.europesays.com\/fr\/692300\/","title":{"rendered":"les Marseillais en tiendront compte au moment de voter"},"content":{"rendered":"<p>L\u2019annonce du maire (DVG) de Marseille, Beno\u00eet Payan, de <a href=\"https:\/\/www.laprovence.com\/article\/politique\/1455139143823914\/municipales-2026-a-marseille-benoit-payan-veut-mettre-fin-aux-trottinettes-en-libre-service\" target=\"_blank\" rel=\"noopener\">supprimer les trottinettes \u00e9lectriques en libre-service dans deux ans<\/a>, divise. Ces deux-roues arriv\u00e9s en\u00a02019 sortent d\u00e9sormais du clivage g\u00e9n\u00e9rationnel\u00a0: Marie-Th\u00e9r\u00e8se, 66\u00a0ans, comme Tania, quarante printemps de moins, ou Hosni et ses 38 bougies, se rejoignent\u00a0: \u00ab\u00a0Ces trottinettes sont dangereuses.\u00a0\u00bb<\/p>\n<p>\u00ab\u00a0Elles polluent la ville, estime l\u2019a\u00een\u00e9e, habitante du 6e arrondissement. Le probl\u00e8me, c\u2019est qu\u2019<a href=\"https:\/\/www.laprovence.com\/article\/region\/4511407669922214\/les-trottinettes-electriques-rempilent-pour-deux-ans-a-marseille\" target=\"_blank\" rel=\"noopener\">elles sont mal utilis\u00e9es<\/a>\u00a0: elles roulent trop vite, sont gar\u00e9es n\u2019importe o\u00f9\u2026 J\u2019ai plusieurs fois failli me faire renverser alors que j\u2019\u00e9tais sur le trottoir. Maintenant, je suis stress\u00e9e quand je marche dans les rues.\u00a0\u00bb<\/p>\n<p>Tania ne les utilise pas, repouss\u00e9e par le \u00ab\u00a0manque de stabilit\u00e9\u00a0\u00bb\u00a0: \u00ab\u00a0Dessus, on est plus vuln\u00e9rable.\u00a0\u00bb Celle qui vit dans le 12e arrondissement a m\u00eame \u00ab\u00a0peur pour ceux qui les conduisent\u00a0\u00bb lorsqu\u2019elle prend sa voiture.<\/p>\n<p>C\u2019est toutefois un sujet qu\u2019elle observe \u00e0 distance, se sentant peu concern\u00e9e, \u00e0 l\u2019inverse de Marie-Th\u00e9r\u00e8se et Hosni qui ont un autre point commun\u00a0: \u00ab\u00a0C\u2019est bien de les interdire et c\u2019est quelque chose qui comptera\u00a0\u00bb <a href=\"https:\/\/www.laprovence.com\/article\/elections\/2233716708154514\/municipales-2026-a-marseille-le-mode-demploi-d-un-double-scrutin-inedit\" target=\"_blank\" rel=\"noopener\">au moment d\u2019\u00e9lire le prochain maire de Marseille<\/a>.<\/p>\n<p>\u00ab\u00a0It\u2019s Marseille, baby !\u00a0\u00bb<\/p>\n<p>Maxime, 34\u00a0ans, en tiendra &#8230;<\/p>\n","protected":false},"excerpt":{"rendered":"L\u2019annonce du maire (DVG) de Marseille, Beno\u00eet Payan, de supprimer les trottinettes \u00e9lectriques en libre-service dans deux ans,&hellip;\n","protected":false},"author":2,"featured_media":692301,"comment_status":"","ping_status":"","sticky":false,"template":"","format":"standard","meta":{"footnotes":""},"categories":[2814],"tags":[5734,1111,11,154,1777,674,1011,27,151,32877,761,884,12,882,16,25,20569,78837,37328],"class_list":{"0":"post-692300","1":"post","2":"type-post","3":"status-publish","4":"format-standard","5":"has-post-thumbnail","7":"category-marseille","8":"tag-5734","9":"tag-actu","10":"tag-actualites","11":"tag-des","12":"tag-eu","13":"tag-europe","14":"tag-fr","15":"tag-france","16":"tag-les","17":"tag-libre-service","18":"tag-marseillais","19":"tag-marseille","20":"tag-news","21":"tag-provence-alpes-cote-dazur","22":"tag-region","23":"tag-republique-francaise","24":"tag-suppression","25":"tag-tiendront","26":"tag-trottinettes"},"share_on_mastodon":{"url":"https:\/\/pubeurope.com\/@fr\/115966201316302633","error":""},"_links":{"self":[{"href":"https:\/\/www.europesays.com\/fr\/wp-json\/wp\/v2\/posts\/692300","targetHints":{"allow":["GET"]}}],"collection":[{"href":"https:\/\/www.europesays.com\/fr\/wp-json\/wp\/v2\/posts"}],"about":[{"href":"https:\/\/www.europesays.com\/fr\/wp-json\/wp\/v2\/types\/post"}],"author":[{"embeddable":true,"href":"https:\/\/www.europesays.com\/fr\/wp-json\/wp\/v2\/users\/2"}],"replies":[{"embeddable":true,"href":"https:\/\/www.europesays.com\/fr\/wp-json\/wp\/v2\/comments?post=692300"}],"version-history":[{"count":0,"href":"https:\/\/www.europesays.com\/fr\/wp-json\/wp\/v2\/posts\/692300\/revisions"}],"wp:featuredmedia":[{"embeddable":true,"href":"https:\/\/www.europesays.com\/fr\/wp-json\/wp\/v2\/media\/692301"}],"wp:attachment":[{"href":"https:\/\/www.europesays.com\/fr\/wp-json\/wp\/v2\/media?parent=692300"}],"wp:term":[{"taxonomy":"category","embeddable":true,"href":"https:\/\/www.europesays.com\/fr\/wp-json\/wp\/v2\/categories?post=692300"},{"taxonomy":"post_tag","embeddable":true,"href":"https:\/\/www.europesays.com\/fr\/wp-json\/wp\/v2\/tags?post=692300"}],"curies":[{"name":"wp","href":"https:\/\/api.w.org\/{rel}","templated":true}]}}