{"id":692304,"date":"2026-01-27T08:50:09","date_gmt":"2026-01-27T08:50:09","guid":{"rendered":"https:\/\/www.europesays.com\/fr\/692304\/"},"modified":"2026-01-27T08:50:09","modified_gmt":"2026-01-27T08:50:09","slug":"une-ecole-confinee-en-urgence-apres-lutilisation-de-gaz-lacrymogene","status":"publish","type":"post","link":"https:\/\/www.europesays.com\/fr\/692304\/","title":{"rendered":"une \u00e9cole confin\u00e9e en urgence apr\u00e8s\u00a0l&rsquo;utilisation de gaz\u00a0lacrymog\u00e8ne"},"content":{"rendered":"<p itemprop=\"description\"><strong>La r\u00e9cr\u00e9ation a \u00e9t\u00e9 brutalement interrompue.<\/strong><\/p>\n<p>Un \u00e9pisode de tension s\u2019est produit ce vendredi 23 janvier, peu avant 10h30, aux abords de l\u2019\u00e9cole Saint-Exup\u00e9ry, dans le quartier de la Darnaise aux Minguettes, \u00e0 V\u00e9nissieux.\u00a0<\/p>\n<p>En cause : une intervention de police ayant conduit \u00e0 l\u2019usage de gaz lacrymog\u00e8ne \u00e0 proximit\u00e9 imm\u00e9diate de l\u2019\u00e9tablissement scolaire. Selon les \u00e9l\u00e9ments communiqu\u00e9s, des enseignants ont aper\u00e7u un nuage de gaz provenant du boulevard L\u00e9nine, le long des rails du tramway T4 qui borde le groupe scolaire accueillant environ 200 \u00e9l\u00e8ves. Plusieurs enfants se trouvaient alors dans la cour de r\u00e9cr\u00e9ation. Les \u00e9quipes \u00e9ducatives ont imm\u00e9diatement fait rentrer les \u00e9l\u00e8ves \u00e0 l\u2019int\u00e9rieur des b\u00e2timents.<\/p>\n<p>Le directeur de l\u2019\u00e9cole indique \u00e0 nos confr\u00e8res du Progr\u00e8s qu\u2019aucun enfant n\u2019aurait, \u00e0 sa connaissance, inhal\u00e9 de gaz. Le rectorat confirme qu\u2019aucun souci de sant\u00e9 n\u2019a \u00e9t\u00e9 signal\u00e9 \u00e0 la suite de cet \u00e9pisode.<\/p>\n<p>Cette version est toutefois contest\u00e9e par des parents d\u2019\u00e9l\u00e8ves. Plusieurs d\u2019entre eux d\u00e9noncent une intervention survenue en pleine r\u00e9cr\u00e9ation et assurent que des enfants se sont plaints aupr\u00e8s de leurs familles d\u2019avoir touss\u00e9 ou pleur\u00e9 \u00e0 ce moment-l\u00e0.<\/p>\n<p>Les forces de l\u2019ordre intervenaient ce matin-l\u00e0 pour s\u00e9curiser un secteur connu pour abriter un point de deal. Les policiers auraient \u00e9t\u00e9 pris \u00e0 partie par un groupe, provoquant la formation d\u2019un attroupement. Pour disperser le rassemblement, les policiers ont fait usage de moyens lacrymog\u00e8nes.<\/p>\n<p>Un individu a \u00e9t\u00e9 interpell\u00e9 et plac\u00e9 en garde \u00e0 vue pour outrage et menaces de mort r\u00e9it\u00e9r\u00e9es. Les policiers ont d\u00e9pos\u00e9 plainte. \u00c0 l\u2019issue de sa garde \u00e0 vue, l\u2019homme a \u00e9t\u00e9 remis en libert\u00e9 le lendemain et devra r\u00e9pondre des faits devant le tribunal judiciaire.<\/p>\n","protected":false},"excerpt":{"rendered":"La r\u00e9cr\u00e9ation a \u00e9t\u00e9 brutalement interrompue. Un \u00e9pisode de tension s\u2019est produit ce vendredi 23 janvier, peu avant&hellip;\n","protected":false},"author":2,"featured_media":692305,"comment_status":"","ping_status":"","sticky":false,"template":"","format":"standard","meta":{"footnotes":""},"categories":[1889],"tags":[1111,11,2813,2190,2430,1109,251,1112,2811,1777,674,118,1011,27,1922,1110,1114,2428,2810,12,241,316,25,2812,517,800],"class_list":{"0":"post-692304","1":"post","2":"type-post","3":"status-publish","4":"format-standard","5":"has-post-thumbnail","7":"category-lyon","8":"tag-actu","9":"tag-actualites","10":"tag-article","11":"tag-asvel","12":"tag-auvergne-rhone-alpes","13":"tag-breves","14":"tag-culture","15":"tag-depeches","16":"tag-economique","17":"tag-eu","18":"tag-europe","19":"tag-faits-divers","20":"tag-fr","21":"tag-france","22":"tag-info","23":"tag-informations","24":"tag-infos","25":"tag-lyon","26":"tag-lyonmag","27":"tag-news","28":"tag-ol","29":"tag-politique","30":"tag-republique-francaise","31":"tag-sociale","32":"tag-sport","33":"tag-transports"},"share_on_mastodon":{"url":"https:\/\/pubeurope.com\/@fr\/115966209277896041","error":""},"_links":{"self":[{"href":"https:\/\/www.europesays.com\/fr\/wp-json\/wp\/v2\/posts\/692304","targetHints":{"allow":["GET"]}}],"collection":[{"href":"https:\/\/www.europesays.com\/fr\/wp-json\/wp\/v2\/posts"}],"about":[{"href":"https:\/\/www.europesays.com\/fr\/wp-json\/wp\/v2\/types\/post"}],"author":[{"embeddable":true,"href":"https:\/\/www.europesays.com\/fr\/wp-json\/wp\/v2\/users\/2"}],"replies":[{"embeddable":true,"href":"https:\/\/www.europesays.com\/fr\/wp-json\/wp\/v2\/comments?post=692304"}],"version-history":[{"count":0,"href":"https:\/\/www.europesays.com\/fr\/wp-json\/wp\/v2\/posts\/692304\/revisions"}],"wp:featuredmedia":[{"embeddable":true,"href":"https:\/\/www.europesays.com\/fr\/wp-json\/wp\/v2\/media\/692305"}],"wp:attachment":[{"href":"https:\/\/www.europesays.com\/fr\/wp-json\/wp\/v2\/media?parent=692304"}],"wp:term":[{"taxonomy":"category","embeddable":true,"href":"https:\/\/www.europesays.com\/fr\/wp-json\/wp\/v2\/categories?post=692304"},{"taxonomy":"post_tag","embeddable":true,"href":"https:\/\/www.europesays.com\/fr\/wp-json\/wp\/v2\/tags?post=692304"}],"curies":[{"name":"wp","href":"https:\/\/api.w.org\/{rel}","templated":true}]}}