{"id":692326,"date":"2026-01-27T09:03:13","date_gmt":"2026-01-27T09:03:13","guid":{"rendered":"https:\/\/www.europesays.com\/fr\/692326\/"},"modified":"2026-01-27T09:03:13","modified_gmt":"2026-01-27T09:03:13","slug":"leurope-ouvre-en-legere-hausse-semaine-chargee-avec-les-resultats-27-01-2026-a-0953","status":"publish","type":"post","link":"https:\/\/www.europesays.com\/fr\/692326\/","title":{"rendered":"L&rsquo;Europe ouvre en l\u00e9g\u00e8re hausse, semaine charg\u00e9e avec les r\u00e9sultats &#8211; 27\/01\/2026 \u00e0 09:53"},"content":{"rendered":"<p>        <img decoding=\"async\" src=\"https:\/\/www.europesays.com\/fr\/wp-content\/uploads\/2026\/01\/46e423dafc26fc46a8c9d350e7a9fd83-760x534.jpg\" alt=\"Le graphique de l'indice allemand des prix des actions DAX \u00e0 la bourse de Francfort\" loading=\"eager\" fetchpriority=\"high\" width=\"760\" height=\"534\" style=\"max-width: 100%!important; height: auto;\"\/><\/p>\n<p class=\"c-image-news__legend\">Le graphique de l&rsquo;indice allemand des prix des actions DAX \u00e0 la bourse de Francfort<\/p>\n<p>\n Les principales Bourses europ\u00e9ennes \u00e9voluent en l\u00e9g\u00e8re hausse mardi en d\u00e9but de s\u00e9ance, les investisseurs se pr\u00e9parant \u00e0 une avalanche de \u200dr\u00e9sultats financiers et \u00e0 la d\u00e9cision de politique mon\u00e9taire de la R\u00e9serve f\u00e9d\u00e9rale (Fed) dans les jours \u00e0 venir.\n<\/p>\n<p>\n \u00c0 Paris, le CAC 40 gagne 0,06% \u00e0 8.136,08 points vers 08h22 GMT. \u00c0 \u200cFrancfort, le Dax avance de 0,15% et \u00e0 Londres, le FTSE 100 prend 0,27%.\n<\/p>\n<p>\n L&rsquo;indice EuroStoxx 50 est en hausse de 0,20%, le FTSEurofirst 300 de 0,26% et \u200ble Stoxx 600 de 0,23%.\n<\/p>\n<p>\n Plusieurs grandes entreprises publieront leurs r\u00e9sultats annuels cette semaine, \u00e0 \u2060commencer par le g\u00e9ant fran\u00e7ais du luxe LVMH ce mardi apr\u00e8s la cl\u00f4ture de la Bourse.    Les investisseurs attendent \u00e9galement la premi\u00e8re r\u00e9union de l&rsquo;ann\u00e9e \u2060de la Fed, qui d\u00e9bute \u200dmardi dans un contexte d&rsquo;inqui\u00e9tudes quant \u00e0 l&rsquo;ind\u00e9pendance de l&rsquo;institution sous \u2060le mandat du pr\u00e9sident am\u00e9ricain Donald Trump. La d\u00e9cision sur les taux d&rsquo;int\u00e9r\u00eat ne suscite gu\u00e8re de doutes, la banque centrale devant maintenir le statu quo, compte tenu de l&rsquo;inflation toujours \u200b\u00e9lev\u00e9e et de la r\u00e9sistance de l&rsquo;\u00e9conomie.\n<\/p>\n<p>\n Les inqui\u00e9tudes commerciales sont en outre \u00e0 surveiller, le locataire de la Maison blanche ayant dit lundi vouloir relever \u00e0 25% les droits de \u2060douane impos\u00e9s sur les importations en provenance de Cor\u00e9e du Sud, dont \u200bles secteurs automobile et pharmaceutique, reprochant \u00e0 S\u00e9oul sa lenteur dans \u200bla mise en oeuvre \u200bde l&rsquo;accord commercial bilat\u00e9ral scell\u00e9 l&rsquo;an dernier.\n<\/p>\n<p>\n L&rsquo;Inde et l&rsquo;Union europ\u00e9enne (UE) ont par ailleurs finalis\u00e9 un \u200baccord commercial historique, a annonc\u00e9 mardi le Premier \u2060ministre indien Narendra Modi, alors que les deux camps cherchent \u00e0 se pr\u00e9munir de relations plus d\u00e9licates avec les Etats-Unis.\n<\/p>\n<p>\n Aux valeurs, \u00e0 Paris, Kering prend 1,2% alors que la holding familiale Artemis, dirig\u00e9 par Fran\u00e7ois-Henri Pinault, pr\u00e9sident du groupe de luxe, a annonc\u00e9 un accord de cession \u200cavec Anta Sports de sa participation dans Puma.\n<\/p>\n<p>\n Le titre de l&rsquo;\u00e9quipementier sportif s&rsquo;envole de 9%, apr\u00e8s s&rsquo;\u00eatre envol\u00e9 de plus de 20% lors des premiers \u00e9changes.\n<\/p>\n<p>\n ID Logistics gagne 2,49% apr\u00e8s la publication de ses r\u00e9sultats annuels lundi soir.\n<\/p>\n<p>\n Ailleurs en Europe, Dr Martens abandonne 6,15% apr\u00e8s que le fabricant britannique de bottes a annonc\u00e9 ses perspectives pour l&rsquo;exercice 2026.\n<\/p>\n<p>\n (R\u00e9dig\u00e9 par Diana \u200cMandi\u00e1, \u00e9dit\u00e9 par Blandine H\u00e9nault)<\/p>\n","protected":false},"excerpt":{"rendered":"Le graphique de l&rsquo;indice allemand des prix des actions DAX \u00e0 la bourse de Francfort Les principales Bourses&hellip;\n","protected":false},"author":2,"featured_media":692327,"comment_status":"","ping_status":"","sticky":false,"template":"","format":"standard","meta":{"footnotes":""},"categories":[1586],"tags":[400,11,398,408,405,1777,674,1011,27,403,402,399,404,12,25,401,406,407],"class_list":{"0":"post-692326","1":"post","2":"type-post","3":"status-publish","4":"format-standard","5":"has-post-thumbnail","7":"category-europe","8":"tag-action-cac-40","9":"tag-actualites","10":"tag-bourse-de-paris","11":"tag-boursorama","12":"tag-cotations","13":"tag-eu","14":"tag-europe","15":"tag-fr","16":"tag-france","17":"tag-indices-devises","18":"tag-investir","19":"tag-investissement","20":"tag-marche-boursier","21":"tag-news","22":"tag-republique-francaise","23":"tag-sicav","24":"tag-trackers","25":"tag-warrants"},"share_on_mastodon":{"url":"https:\/\/pubeurope.com\/@fr\/115966260403195773","error":""},"_links":{"self":[{"href":"https:\/\/www.europesays.com\/fr\/wp-json\/wp\/v2\/posts\/692326","targetHints":{"allow":["GET"]}}],"collection":[{"href":"https:\/\/www.europesays.com\/fr\/wp-json\/wp\/v2\/posts"}],"about":[{"href":"https:\/\/www.europesays.com\/fr\/wp-json\/wp\/v2\/types\/post"}],"author":[{"embeddable":true,"href":"https:\/\/www.europesays.com\/fr\/wp-json\/wp\/v2\/users\/2"}],"replies":[{"embeddable":true,"href":"https:\/\/www.europesays.com\/fr\/wp-json\/wp\/v2\/comments?post=692326"}],"version-history":[{"count":0,"href":"https:\/\/www.europesays.com\/fr\/wp-json\/wp\/v2\/posts\/692326\/revisions"}],"wp:featuredmedia":[{"embeddable":true,"href":"https:\/\/www.europesays.com\/fr\/wp-json\/wp\/v2\/media\/692327"}],"wp:attachment":[{"href":"https:\/\/www.europesays.com\/fr\/wp-json\/wp\/v2\/media?parent=692326"}],"wp:term":[{"taxonomy":"category","embeddable":true,"href":"https:\/\/www.europesays.com\/fr\/wp-json\/wp\/v2\/categories?post=692326"},{"taxonomy":"post_tag","embeddable":true,"href":"https:\/\/www.europesays.com\/fr\/wp-json\/wp\/v2\/tags?post=692326"}],"curies":[{"name":"wp","href":"https:\/\/api.w.org\/{rel}","templated":true}]}}