{"id":692338,"date":"2026-01-27T09:09:10","date_gmt":"2026-01-27T09:09:10","guid":{"rendered":"https:\/\/www.europesays.com\/fr\/692338\/"},"modified":"2026-01-27T09:09:10","modified_gmt":"2026-01-27T09:09:10","slug":"volley-ball-les-hornets-tiennent-leur-match-reference","status":"publish","type":"post","link":"https:\/\/www.europesays.com\/fr\/692338\/","title":{"rendered":"Volley-ball\u00a0: les Hornets tiennent leur match r\u00e9f\u00e9rence"},"content":{"rendered":"<p>\n                                                                    l&rsquo;essentiel<br \/>\n                                                                En s\u2019imposant sur le parquet du\u00a0Cannet, les Castraises du Castres-Massaguel Volley-Ball qui \u00e9voluent en Nationale 2 se sont relanc\u00e9es dans la course au podium. Il faudra cependant confirmer contre Mandelieu d\u00e8s samedi.\n                            <\/p>\n<p>Depuis le d\u00e9but de la saison, les Hornets cherchent la bonne carburation et semblent \u00e9voluer un peu sur courant alternatif. Pour entrer d\u00e9finitivement dans leur championnat et pouvoir se projeter sur des objectifs de haut de tableau, les prot\u00e9g\u00e9es de Gr\u00e9gory Verscheure avaient rapidement besoin d\u2019un match r\u00e9f\u00e9rence. Dans cette optique, le coach castrais comptait utiliser le d\u00e9placement au\u00a0Cannet, premier match de la phase retour, pour impulser un d\u00e9clic dans les rangs des Hornets.<\/p>\n<p>Etre propre partout<\/p>\n<p>\u00ab\u00a0On a demand\u00e9 aux filles d\u2019\u00eatre propres dans chaque action, chaque geste. On savait que ce serait ce qui pourrait faire la diff\u00e9rence\u00a0\u00bb r\u00e9sume le technicien CMVBiste pour expliquer comment il a abord\u00e9 ce rendez-vous important avec ses troupes. De la constance, de l\u2019application et de la volont\u00e9, les Castraises en ont finalement fait preuve tout au long de la rencontre face \u00e0 une formation qui constitue la r\u00e9serve d\u2019un club professionnel. Gr\u00e2ce \u00e0 une grosse efficacit\u00e9 au service et une r\u00e9ception bien en place, les co\u00e9quipi\u00e8res de Laure Salvage se sont facilit\u00e9 le travail pour finir les points dans de bonnes conditions. Touchant par ailleurs beaucoup de ballons dans le domaine du bloc, les Tarnaises ont su contrarier les plans de leurs adversaires et s\u2019octroyer les deux premi\u00e8res manches sur des scores qui ne souffrent aucune contestation (18-25, 16-25).<\/p>\n<p>Au mental<\/p>\n<p>Accroch\u00e9es dans le troisi\u00e8me acte, les Hornets auraient pu s\u2019agacer, retomber dans leur travers et voir le b\u00e9n\u00e9fice de leur travail leur \u00e9chapper. Elles ont au contraire su faire preuve de s\u00e9r\u00e9nit\u00e9 et de mental pour ne pas plonger et finir ce match en trois sets (24-26). \u00ab\u00a0On est tr\u00e8s satisfait du r\u00e9sultat, surtout de la r\u00e9ponse donn\u00e9e par l\u2019\u00e9quipe apr\u00e8s le revers \u00e0 B\u00e9ziers. Tout le monde a pris du plaisir \u00e0 participer \u00e0 cette superbe victoire\u00a0\u00bb l\u00e2chait Gr\u00e9gory Verscheure au lendemain de ce succ\u00e8s pour r\u00e9sumer l\u2019\u00e9tat d\u2019esprit g\u00e9n\u00e9ral. Un \u00e9tat d\u2019esprit qu\u2019il faudra conserver lors des neuf rencontres restants inscrites au calendrier. Apr\u00e8s tout, le podium n\u2019est qu\u2019\u00e0 sept longueurs\u00a0!<\/p>\n","protected":false},"excerpt":{"rendered":"l&rsquo;essentiel En s\u2019imposant sur le parquet du\u00a0Cannet, les Castraises du Castres-Massaguel Volley-Ball qui \u00e9voluent en Nationale 2 se&hellip;\n","protected":false},"author":2,"featured_media":692339,"comment_status":"","ping_status":"","sticky":false,"template":"","format":"standard","meta":{"footnotes":""},"categories":[1417],"tags":[8173,1011,27,517,60,8412,1470,1632,1469],"class_list":{"0":"post-692338","1":"post","2":"type-post","3":"status-publish","4":"format-standard","5":"has-post-thumbnail","7":"category-volley","8":"tag-castres","9":"tag-fr","10":"tag-france","11":"tag-sport","12":"tag-sports","13":"tag-tarn","14":"tag-volley","15":"tag-volley-ball","16":"tag-volleyball"},"share_on_mastodon":{"url":"https:\/\/pubeurope.com\/@fr\/115966283905238098","error":""},"_links":{"self":[{"href":"https:\/\/www.europesays.com\/fr\/wp-json\/wp\/v2\/posts\/692338","targetHints":{"allow":["GET"]}}],"collection":[{"href":"https:\/\/www.europesays.com\/fr\/wp-json\/wp\/v2\/posts"}],"about":[{"href":"https:\/\/www.europesays.com\/fr\/wp-json\/wp\/v2\/types\/post"}],"author":[{"embeddable":true,"href":"https:\/\/www.europesays.com\/fr\/wp-json\/wp\/v2\/users\/2"}],"replies":[{"embeddable":true,"href":"https:\/\/www.europesays.com\/fr\/wp-json\/wp\/v2\/comments?post=692338"}],"version-history":[{"count":0,"href":"https:\/\/www.europesays.com\/fr\/wp-json\/wp\/v2\/posts\/692338\/revisions"}],"wp:featuredmedia":[{"embeddable":true,"href":"https:\/\/www.europesays.com\/fr\/wp-json\/wp\/v2\/media\/692339"}],"wp:attachment":[{"href":"https:\/\/www.europesays.com\/fr\/wp-json\/wp\/v2\/media?parent=692338"}],"wp:term":[{"taxonomy":"category","embeddable":true,"href":"https:\/\/www.europesays.com\/fr\/wp-json\/wp\/v2\/categories?post=692338"},{"taxonomy":"post_tag","embeddable":true,"href":"https:\/\/www.europesays.com\/fr\/wp-json\/wp\/v2\/tags?post=692338"}],"curies":[{"name":"wp","href":"https:\/\/api.w.org\/{rel}","templated":true}]}}