{"id":692348,"date":"2026-01-27T09:17:10","date_gmt":"2026-01-27T09:17:10","guid":{"rendered":"https:\/\/www.europesays.com\/fr\/692348\/"},"modified":"2026-01-27T09:17:10","modified_gmt":"2026-01-27T09:17:10","slug":"catherine-laborde-dangereuse-dans-ses-derniers-instants-son-veuf-raconte","status":"publish","type":"post","link":"https:\/\/www.europesays.com\/fr\/692348\/","title":{"rendered":"Catherine Laborde dangereuse dans ses derniers instants ? Son veuf raconte"},"content":{"rendered":"<p data-start=\"0\" data-end=\"570\">C\u2019\u00e9tait il y a presque un an\u2026 Le<br \/>\n28 janvier 2025, l\u2019une des voix les plus embl\u00e9matiques du PAF<br \/>\ns\u2019\u00e9teignait. <strong>Catherine Laborde est d\u00e9c\u00e9d\u00e9e \u00e0 73 ans apr\u00e8s<br \/>\navoir lutt\u00e9 contre la maladie \u00e0 corps de Lewy<\/strong>. \u00c0<br \/>\nl\u2019approche de cet anniversaire douloureux, ses proches se pr\u00e9parent<br \/>\n\u00e0 lui rendre hommage. Mais l\u2019ex-mari de la pr\u00e9sentatrice a choisi<br \/>\nun autre chemin : publier un livre. Le 22 janvier dernier, Thomas<br \/>\nStern a pr\u00e9sent\u00e9 Y a-t-il une vie apr\u00e8s ta mort ? chez<br \/>\nRobert Laffont, un ouvrage qui, depuis sa sortie, provoque<br \/>\nl\u2019indignation au sein de l\u2019entourage de Catherine.<\/p>\n<p data-start=\"572\" data-end=\"1043\">Dans cet ouvrage, Thomas Stern<br \/>\n\u201craconte l\u2019affrontement de la maladie \u00e0 deux, l\u2019extr\u00eame<br \/>\nr\u00e9silience qu\u2019aider exige, la tendresse, in\u00e9branlable, qui permet<br \/>\nde tenir, mais aussi leurs solitudes qui cohabitent, <strong>sa<br \/>\nd\u00e9tresse, la rage qui parfois le submerge<\/strong>\u201d, selon la<br \/>\npr\u00e9sentation de l\u2019\u00e9diteur. Mais pour <a href=\"https:\/\/www.closermag.fr\/people\/francoise-laborde-la-consternation-le-chagrin-le-degout-elle-sort-la-sulfateuse-contre-le-mari-de-sa-defunte-soeur-catherine-3613900\" target=\"_blank\" rel=\"noopener\"><br \/>\nFran\u00e7oise<\/a>, la s\u0153ur de Catherine, et les proches de la<br \/>\njournaliste, la version est loin de correspondre \u00e0 la r\u00e9alit\u00e9. Ils<br \/>\njugent ce livre \u201cd\u00e9plac\u00e9\u201d, \u201cvulgaire\u201d,<br \/>\n\u201cmensonger\u201d.<\/p>\n<p>Un deuil \u201cdiff\u00e9rent\u201d mais tout<br \/>\naussi violent<\/p>\n<p data-start=\"83\" data-end=\"412\">Invit\u00e9 de <a href=\"https:\/\/www.closermag.fr\/people\/brigitte-bardot-cest-les-regrets-de-ma-vie-les-derniers-mots-de-lactrice-reveles-dans-tbt9-3613416\" target=\"_blank\" rel=\"noopener\"><br \/>\nTBT9<\/a> le 26 janvier, Thomas Stern refuse de minimiser ce qu\u2019il a<br \/>\nv\u00e9cu apr\u00e8s le d\u00e9part de Catherine Laborde. Il explique que certains<br \/>\npsychologues \u00e9voquent parfois le \u201c<strong>deuil<br \/>\nblanc<\/strong>\u201d, une expression qu\u2019il accepte \u201c\u00e0 condition<br \/>\nd\u2019en discuter\u201d, car elle ne lui convient pas : \u201cc\u2019est un<br \/>\nc\u00f4t\u00e9 lave plus blanc qui me va pas\u201d.<\/p>\n<p data-start=\"163\" data-end=\"882\">Pour lui, accompagner quelqu\u2019un<br \/>\npendant \u201c7-8 ans\u201d dans une maladie sans issue n\u2019a rien \u00e0<br \/>\nvoir avec un choc soudain, comme un accident. \u201c<strong>On ne<br \/>\nre\u00e7oit pas le m\u00eame genre de choc ni de traumatisme<\/strong>\u201d,<br \/>\ninsiste-t-il, ajoutant que le traumatisme est \u201cdilu\u00e9\u201d et<br \/>\nqu\u2019il faut apprendre \u00e0 lutter \u201ccontinuellement,<br \/>\ncontinuellement\u201d. Il d\u00e9crit une douleur qui s\u2019installe<br \/>\nprogressivement, et qui demande une force quotidienne pour ne pas<br \/>\nsombrer.<\/p>\n<p>Catherine Laborde et Thomas Stern : une relation de tendresse et de<br \/>\nlucidit\u00e9<\/p>\n<p data-start=\"945\" data-end=\"1702\">Dans son livre, <a href=\"https:\/\/www.closermag.fr\/people\/catherine-laborde-son-veuf-thomas-stern-en-guerre-avec-sa-belle-famille-il-sexprime-enfin-3614315\" target=\"_blank\" rel=\"noopener\"><br \/>\nThomas Stern<\/a> insiste sur l\u2019aide que Catherine lui a apport\u00e9e<br \/>\ntout au long de la maladie : \u201cCatherine m\u2019a \u00e9norm\u00e9ment aid\u00e9 \u00e0<br \/>\nl\u2019aider.\u201d Il \u00e9voque une <strong>relation sans<br \/>\nconfrontation<\/strong>, marqu\u00e9e par la douceur de la pr\u00e9sentatrice<br \/>\n: \u201cElle \u00e9tait d\u2019une douceur que chacun connaissait, que chacun<br \/>\naimait, qui restait pr\u00e9sente tout le long de la maladie.\u201d<\/p>\n<p data-start=\"945\" data-end=\"1702\">Il confie aussi qu\u2019il a<br \/>\ndavantage eu peur pour elle que d\u2019elle. Et c\u2019est pr\u00e9cis\u00e9ment cette<br \/>\nlucidit\u00e9 partag\u00e9e qui leur a permis de continuer : \u201c<strong>je<br \/>\nn\u2019ai jamais eu peur d\u2019elle\u2026 et je pense qu\u2019une des derni\u00e8res choses<br \/>\nqu\u2019on s\u2019est dit\u2026 c\u2019est que j\u2019ai plus peur, moi non<br \/>\nplus.<\/strong>\u201d Une phrase forte, qui marque selon lui le<br \/>\nmoment o\u00f9 il a r\u00e9ussi \u00e0 \u201cfaire le boulot\u201d, en continuant \u00e0<br \/>\nl\u2019accompagner jusqu\u2019au bout.<\/p>\n","protected":false},"excerpt":{"rendered":"C\u2019\u00e9tait il y a presque un an\u2026 Le 28 janvier 2025, l\u2019une des voix les plus embl\u00e9matiques du&hellip;\n","protected":false},"author":2,"featured_media":692349,"comment_status":"","ping_status":"","sticky":false,"template":"","format":"standard","meta":{"footnotes":""},"categories":[1359],"tags":[21303,58,59,1011,27,70426,973,65861],"class_list":{"0":"post-692348","1":"post","2":"type-post","3":"status-publish","4":"format-standard","5":"has-post-thumbnail","7":"category-people","8":"tag-buzz_nonli","9":"tag-divertissement","10":"tag-entertainment","11":"tag-fr","12":"tag-france","13":"tag-marfeel_news","14":"tag-people","15":"tag-trend"},"share_on_mastodon":{"url":"https:\/\/pubeurope.com\/@fr\/115966315350381072","error":""},"_links":{"self":[{"href":"https:\/\/www.europesays.com\/fr\/wp-json\/wp\/v2\/posts\/692348","targetHints":{"allow":["GET"]}}],"collection":[{"href":"https:\/\/www.europesays.com\/fr\/wp-json\/wp\/v2\/posts"}],"about":[{"href":"https:\/\/www.europesays.com\/fr\/wp-json\/wp\/v2\/types\/post"}],"author":[{"embeddable":true,"href":"https:\/\/www.europesays.com\/fr\/wp-json\/wp\/v2\/users\/2"}],"replies":[{"embeddable":true,"href":"https:\/\/www.europesays.com\/fr\/wp-json\/wp\/v2\/comments?post=692348"}],"version-history":[{"count":0,"href":"https:\/\/www.europesays.com\/fr\/wp-json\/wp\/v2\/posts\/692348\/revisions"}],"wp:featuredmedia":[{"embeddable":true,"href":"https:\/\/www.europesays.com\/fr\/wp-json\/wp\/v2\/media\/692349"}],"wp:attachment":[{"href":"https:\/\/www.europesays.com\/fr\/wp-json\/wp\/v2\/media?parent=692348"}],"wp:term":[{"taxonomy":"category","embeddable":true,"href":"https:\/\/www.europesays.com\/fr\/wp-json\/wp\/v2\/categories?post=692348"},{"taxonomy":"post_tag","embeddable":true,"href":"https:\/\/www.europesays.com\/fr\/wp-json\/wp\/v2\/tags?post=692348"}],"curies":[{"name":"wp","href":"https:\/\/api.w.org\/{rel}","templated":true}]}}