{"id":692361,"date":"2026-01-27T09:25:10","date_gmt":"2026-01-27T09:25:10","guid":{"rendered":"https:\/\/www.europesays.com\/fr\/692361\/"},"modified":"2026-01-27T09:25:10","modified_gmt":"2026-01-27T09:25:10","slug":"un-declic-la-journaliste-totalem","status":"publish","type":"post","link":"https:\/\/www.europesays.com\/fr\/692361\/","title":{"rendered":"\u00ab\u00a0Un d\u00e9clic\u00a0\u00bb, la journaliste totalem &#8230;"},"content":{"rendered":"<p>EN BREF<\/p>\n<ul class=\"bloc_resume_post_list\">\n<li>Chaque matin, Apolline de Malherbe anime une interview<br \/>\npolitique sur BFMTV et lance l\u00a0\u00bb\u00e9mission &lsquo;Apolline chez<br \/>\nvous&rsquo;.<\/li>\n<li>La deuxi\u00e8me saison de l&rsquo;\u00e9mission voit la journaliste<br \/>\nrencontrer les Fran\u00e7ais chez eux, partageant des moments<br \/>\nsignificatifs.<\/li>\n<li>Un d\u00e9clic \u00e9motionnel et personnel transforme son<br \/>\napproche, influenc\u00e9e par son mari psychanalyste.<\/li>\n<\/ul>\n<p class=\"p1\">Chaque matin, plusieurs millions de Fran\u00e7ais suivent<br \/>\nfid\u00e8lement <a href=\"https:\/\/www.telestar.fr\/actu_tv\/jai-du-mal-avec-apolline-de-malherbe-mouche-son-invite-ce-mot-qui-la-fait-bondir-1730622\" target=\"_blank\" rel=\"noopener\"><br \/>\nl&rsquo;interview politique d&rsquo;Apolline de Malherbe<\/a> sur BFMTV. C&rsquo;est<br \/>\nd\u00e9sormais \u00e0 leur rencontre que part la journaliste gr\u00e2ce \u00e0<br \/>\n<strong>l&rsquo;\u00e9mission Apolline chez vous<\/strong>. \u00ab\u00a0J&rsquo;ai eu cette<br \/>\nid\u00e9e parce que je restais sur ma faim, les \u00e9changes \u00e9taient trop<br \/>\nbrefs ! J&rsquo;avais envie d&rsquo;\u00e9couter davantage ces auditeurs et de<br \/>\n<strong>donner la parole \u00e0 ceux qu&rsquo;on entend le<br \/>\nmoins<\/strong>\u00ab\u00a0, explique-t-elle dans une interview accord\u00e9e<br \/>\nen exclusivit\u00e9 au magazine T\u00e9l\u00e9 Star.<\/p>\n<p class=\"p1\">La matinali\u00e8re rempile pour une deuxi\u00e8me saison<br \/>\nquelque peu diff\u00e9rente. \u00ab\u00a0Je vais non seulement les voir l\u00e0 o\u00f9<br \/>\nils habitent, mais nous partageons aussi des moments dans des<br \/>\nendroits qui comptent pour eux.\u00a0\u00bb Un voyage qui l&rsquo;a<br \/>\ncompl\u00e8tement transform\u00e9e.<\/p>\n<p>Apolline de Malherbe : ce \u00ab\u00a0d\u00e9clic\u00a0\u00bb qui a tout<br \/>\nchang\u00e9<\/p>\n<p class=\"p1\">Dans cette deuxi\u00e8me saison, Apolline de Malherbe<br \/>\nsemble plus \u00e0 l&rsquo;aise. L&rsquo;\u00e9motion est au rendez-vous. \u00ab\u00a0<strong>Il<br \/>\ny a eu un d\u00e9clic par rapport \u00e0 la premi\u00e8re saison<\/strong>, o\u00f9<br \/>\nj&rsquo;\u00e9tais intimid\u00e9e par le fait qu&rsquo;ils m&rsquo;accueillent chez deux, moi<br \/>\nla &lsquo;dame de la t\u00e9l\u00e9'\u00a0\u00bb, \u00e9claire la journaliste. Elle poursuit :<br \/>\n\u00ab\u00a0<strong>Aujourd&rsquo;hui, on se tutoie tr\u00e8s vite et leur \u00e9motion<br \/>\nest la mienne<\/strong>\u00ab\u00a0. Et d&rsquo;illustrer : \u00ab\u00a0Quand<br \/>\nSt\u00e9phanie, qui encha\u00eene les semaines de 70 heures au c\u00f4t\u00e9 de son<br \/>\nmari boucher-charcutier, me prend dans ses bras en me disant<br \/>\n&lsquo;Parle de nous&rsquo;, \u00e7a me bouleverse.\u00a0\u00bb<\/p>\n<p class=\"p1\">Ce changement, Apolline de Malherbe le doit aussi \u00e0<br \/>\n<a href=\"https:\/\/www.telestar.fr\/people\/apolline-de-malherbe-qui-est-harold-hauzy-son-compagnon-1689516\" target=\"_blank\" rel=\"noopener\"><br \/>\nson conjoint, Harold Hauzy<\/a>. \u00ab\u00a0J&rsquo;ai la chance d&rsquo;avoir appris<br \/>\nl&rsquo;importance de la parole aupr\u00e8s d&rsquo;un mari psychanalyste\u00a0\u00bb,<br \/>\ncompl\u00e8te la matinali\u00e8re de BFMTV, ajoutant : \u00ab\u00a0\u00c7a peut changer<br \/>\nla vie d&rsquo;oser parler\u00a0\u00bb.<\/p>\n<p>Apolline de Malherbe : ces<br \/>\ncontraintes avec lesquelles elle doit composer<\/p>\n<p class=\"p1\">Incarner la matinale d&rsquo;une cha\u00eene d&rsquo;info en continu<br \/>\nne va pas sans contrainte. D&rsquo;autant plus quand on pr\u00e9sente une<br \/>\n\u00e9mission suppl\u00e9mentaire. Apolline de Malherbe, elle, a choisi la<br \/>\ncarte de la \u00ab\u00a0d\u00e9brouille\u00a0\u00bb. <strong>\u00ab\u00a0Je saute souvent<br \/>\ndans un train \u00e0 la sortie de la matinale, \u00e0 10 heures, et je<br \/>\nreviens chez moi tard le soir.\u00a0\u00bb<\/strong> Un emploi du temps<br \/>\nqui lui permet de s&rsquo;adresser aux Fran\u00e7ois puis de passer la journ\u00e9e<br \/>\navec eux. Mais pas que.<\/p>\n<p class=\"p1\">La journaliste retrouve aussi par la m\u00eame occasion<br \/>\n\u00ab\u00a0la camaraderie sur les routes avec une \u00e9quipe\u00a0\u00bb comme<br \/>\nlorsqu&rsquo;elle \u00e9tait reporter. Une fois de retour au domicile<br \/>\nfamilial, elle change de casquette et redevient <a href=\"https:\/\/www.telestar.fr\/people\/apolline-de-malherbe-ses-rares-confidences-sur-ses-enfants-533517\" target=\"_blank\" rel=\"noopener\"><br \/>\nm\u00e8re de famille \u00e0 la t\u00eate d&rsquo;une fratrie de quatre enfants<\/a>.<\/p>\n<p class=\"p1\">Propos recueillis par Sylvia De<br \/>\nAbreu<\/p>\n<p class=\"p1\">Interview \u00e0 retrouver en int\u00e9gralit\u00e9 dans votre<br \/>\nmagazine T\u00e9l\u00e9 Star en kiosque et en version num\u00e9rique ce lundi 26<br \/>\njanvier 2026<\/p>\n","protected":false},"excerpt":{"rendered":"EN BREF Chaque matin, Apolline de Malherbe anime une interview politique sur BFMTV et lance l\u00a0\u00bb\u00e9mission &lsquo;Apolline chez&hellip;\n","protected":false},"author":2,"featured_media":692362,"comment_status":"","ping_status":"","sticky":false,"template":"","format":"standard","meta":{"footnotes":""},"categories":[8],"tags":[10848,548,58,59,8644,1011,27],"class_list":{"0":"post-692361","1":"post","2":"type-post","3":"status-publish","4":"format-standard","5":"has-post-thumbnail","7":"category-divertissement","8":"tag-apolline-de-malherbe","9":"tag-article-simple","10":"tag-divertissement","11":"tag-entertainment","12":"tag-exclu","13":"tag-fr","14":"tag-france"},"share_on_mastodon":{"url":"https:\/\/pubeurope.com\/@fr\/115966346836380919","error":""},"_links":{"self":[{"href":"https:\/\/www.europesays.com\/fr\/wp-json\/wp\/v2\/posts\/692361","targetHints":{"allow":["GET"]}}],"collection":[{"href":"https:\/\/www.europesays.com\/fr\/wp-json\/wp\/v2\/posts"}],"about":[{"href":"https:\/\/www.europesays.com\/fr\/wp-json\/wp\/v2\/types\/post"}],"author":[{"embeddable":true,"href":"https:\/\/www.europesays.com\/fr\/wp-json\/wp\/v2\/users\/2"}],"replies":[{"embeddable":true,"href":"https:\/\/www.europesays.com\/fr\/wp-json\/wp\/v2\/comments?post=692361"}],"version-history":[{"count":0,"href":"https:\/\/www.europesays.com\/fr\/wp-json\/wp\/v2\/posts\/692361\/revisions"}],"wp:featuredmedia":[{"embeddable":true,"href":"https:\/\/www.europesays.com\/fr\/wp-json\/wp\/v2\/media\/692362"}],"wp:attachment":[{"href":"https:\/\/www.europesays.com\/fr\/wp-json\/wp\/v2\/media?parent=692361"}],"wp:term":[{"taxonomy":"category","embeddable":true,"href":"https:\/\/www.europesays.com\/fr\/wp-json\/wp\/v2\/categories?post=692361"},{"taxonomy":"post_tag","embeddable":true,"href":"https:\/\/www.europesays.com\/fr\/wp-json\/wp\/v2\/tags?post=692361"}],"curies":[{"name":"wp","href":"https:\/\/api.w.org\/{rel}","templated":true}]}}