{"id":692365,"date":"2026-01-27T09:27:11","date_gmt":"2026-01-27T09:27:11","guid":{"rendered":"https:\/\/www.europesays.com\/fr\/692365\/"},"modified":"2026-01-27T09:27:11","modified_gmt":"2026-01-27T09:27:11","slug":"leclerc-carrefour-et-intermarche-sont-a-la-traine-et-mal-classes-en-europe","status":"publish","type":"post","link":"https:\/\/www.europesays.com\/fr\/692365\/","title":{"rendered":"Leclerc, Carrefour et Intermarch\u00e9 sont \u00ab\u00a0\u00e0 la tra\u00eene\u00a0\u00bb et mal class\u00e9s en Europe"},"content":{"rendered":"<p>Les mauvais \u00e9l\u00e8ves. Selon un classement publi\u00e9 mardi par le centre de r\u00e9flexion Questionmark, les principaux <a href=\"https:\/\/www.20minutes.fr\/dossier\/supermarche\" class=\"c-link c-link--is-underlined\" target=\"_blank\" rel=\"noopener\">supermarch\u00e9s<\/a> fran\u00e7ais \u00ab\u00a0sont \u00e0 la tra\u00eene\u00a0\u00bb sur le <a href=\"https:\/\/www.20minutes.fr\/dossier\/changement_climatique\" class=\"c-link c-link--is-underlined\" target=\"_blank\" rel=\"noopener\">changement climatique <\/a>et la transition vers une alimentation plus durable et v\u00e9g\u00e9tale compar\u00e9s \u00e0 leurs homologues europ\u00e9ens. Aucun des trois Fran\u00e7ais \u00e9tudi\u00e9s n\u2019int\u00e8gre le top 10\u00a0: <a href=\"https:\/\/www.20minutes.fr\/economie\/carrefour\/\" class=\"c-link c-link--is-underlined\" target=\"_blank\" rel=\"noopener\">Carrefour<\/a> se classe 12e et <a href=\"https:\/\/www.20minutes.fr\/dossier\/intermarche\" class=\"c-link c-link--is-underlined\" target=\"_blank\" rel=\"noopener\">Intermarch\u00e9<\/a> 20e, tandis qu\u2019<a href=\"https:\/\/www.20minutes.fr\/dossier\/leclerc\" class=\"c-link c-link--is-underlined\" target=\"_blank\" rel=\"noopener\">E.Leclerc<\/a>, premier distributeur de France en parts de march\u00e9, arrive dernier (27e) selon l\u2019\u00e9tude du centre n\u00e9erlandais, soutenu par le R\u00e9seau action climat (RAC).<\/p>\n<p>Deux axes \u00e9taient retenus pour \u00e9valuer 27 enseignes au sein de l\u2019\u00e9tude\u00a0: les actions engag\u00e9es pour r\u00e9duire les <a href=\"https:\/\/www.20minutes.fr\/planete\/co2\/\" class=\"c-link c-link--is-underlined\" target=\"_blank\" rel=\"noopener\">\u00e9missions de CO2 <\/a>conform\u00e9ment \u00e0 <a href=\"https:\/\/www.20minutes.fr\/dossier\/accord-paris\" class=\"c-link c-link--is-underlined\" target=\"_blank\" rel=\"noopener\">l\u2019Accord de Paris<\/a> sur le climat de\u00a02015, et celles visant \u00e0 r\u00e9\u00e9quilibrer les ventes de prot\u00e9ines vers davantage d\u2019aliments d\u2019origine v\u00e9g\u00e9tale plut\u00f4t qu\u2019animale.<\/p>\n<\/p>\n<p>Des plans peu concrets<\/p>\n<p>Carrefour est la seule \u00ab\u00a0\u00e0 avoir publi\u00e9 une feuille de route pour atteindre ses objectifs \u00e0 court terme\u00a0\u00bb, tandis que \u00ab\u00a0les plans climat de E.Leclerc et d\u2019Intermarch\u00e9 ne sont pas encore concrets\u00a0\u00bb, estiment les auteurs de l\u2019\u00e9tude. \u00ab\u00a0Les \u00e9missions totales de <a href=\"https:\/\/www.20minutes.fr\/dossier\/gaz_a_effet_de_serre\" class=\"c-link c-link--is-underlined\" target=\"_blank\" rel=\"noopener\">gaz \u00e0 effet de serre<\/a> de Carrefour France et Intermarch\u00e9 ont augment\u00e9 depuis qu\u2019ils les publient\u00a0\u00bb, et \u00ab\u00a0les progr\u00e8s de E.Leclerc sont inconnus\u00a0\u00bb, seules les \u00e9missions de\u00a02023 ayant \u00e9t\u00e9 publi\u00e9es, ajoutent-ils.<\/p>\n<p>Concernant la \u00ab\u00a0transition prot\u00e9inique\u00a0\u00bb, Carrefour, plus qu\u2019avant et que ses concurrents, \u00ab\u00a0met le paquet pour\u00a0\u00bb vendre \u00ab\u00a0plus de l\u00e9gumineuses\u00a0\u00bb ou de \u00ab\u00a0produits c\u00e9r\u00e9aliers complets\u00a0\u00bb, mais le groupe fran\u00e7ais \u00ab\u00a0continue \u00e0 avoir des pratiques (promotions, publicit\u00e9s,\u00a0etc.) qui incitent \u00e0 la consommation, voire \u00e0 la <a href=\"https:\/\/www.20minutes.fr\/societe\/4144055-20250318-pourquoi-majorite-francais-diminue-consommation-viande\" class=\"c-link c-link--is-underlined\" target=\"_blank\" rel=\"noopener\">surconsommation de viande<\/a>\u00a0\u00bb, a d\u00e9clar\u00e9 \u00e0 Beno\u00eet Granier, responsable alimentation du RAC.<\/p>\n<p>Dans ce contexte, le R\u00e9seau action climat \u00ab\u00a0exhorte le gouvernement\u00a0\u00bb fran\u00e7ais \u00ab\u00a0\u00e0 renforcer l\u2019encadrement du secteur de la grande distribution et \u00e0 publier enfin la Strat\u00e9gie nationale pour l\u2019alimentation, la nutrition et le climat (SNANC)\u00a0\u00bb, attendue depuis plus de deux ans.<\/p>\n<p>Bons \u00e9l\u00e8ves<\/p>\n<p>Les <a href=\"https:\/\/www.20minutes.fr\/monde\/pays-bas\/\" class=\"c-link c-link--is-underlined\" target=\"_blank\" rel=\"noopener\">Pays-Bas<\/a> s\u2019illustrent en haut du tableau, avec la branche n\u00e9erlandaise de <a href=\"https:\/\/www.20minutes.fr\/economie\/lidl\/\" class=\"c-link c-link--is-underlined\" target=\"_blank\" rel=\"noopener\">Lidl<\/a> (1er), puis les distributeurs Albert Heijn (3e) et Jumbo (4e), selon l\u2019\u00e9tude \u00e0 laquelle ont \u00e9galement particip\u00e9 les associations Madre Brava, ProVeg International et WWF Pays-Bas.<\/p>\n<p>Chez les bons \u00e9l\u00e8ves se trouvent aussi les enseignes de Lidl en Pologne (2e), Allemagne (5e) et Espagne (6e), suivies des supermarch\u00e9s allemands Rewe (7e) et Aldi S\u00fcd (8e). Les Suisses Denner et Migros se classent respectivement 9e et 10e, devant le britannique <a href=\"https:\/\/www.20minutes.fr\/dossier\/tesco\" class=\"c-link c-link--is-underlined\" target=\"_blank\" rel=\"noopener\">Tesco<\/a> (11e) et le su\u00e9dois ICA (14e).<\/p>\n","protected":false},"excerpt":{"rendered":"Les mauvais \u00e9l\u00e8ves. Selon un classement publi\u00e9 mardi par le centre de r\u00e9flexion Questionmark, les principaux supermarch\u00e9s fran\u00e7ais&hellip;\n","protected":false},"author":2,"featured_media":692366,"comment_status":"","ping_status":"","sticky":false,"template":"","format":"standard","meta":{"footnotes":""},"categories":[6],"tags":[14686,47,5825,258,35,4304,4734,21947,33,34,436,674,1011,27,6908,2529,7755,18542,934,52,397,78844],"class_list":{"0":"post-692365","1":"post","2":"type-post","3":"status-publish","4":"format-standard","5":"has-post-thumbnail","7":"category-economie","8":"tag-accord-de-paris","9":"tag-actualite","10":"tag-agroalimentaire","11":"tag-alimentation","12":"tag-business","13":"tag-carrefour","14":"tag-changement-climatique","15":"tag-co2","16":"tag-economie","17":"tag-economy","18":"tag-environnement","19":"tag-europe","20":"tag-fr","21":"tag-france","22":"tag-grande-distribution","23":"tag-intermarche","24":"tag-leclerc","25":"tag-lidl","26":"tag-pays-bas","27":"tag-planete","28":"tag-supermarche","29":"tag-tesco"},"share_on_mastodon":{"url":"https:\/\/pubeurope.com\/@fr\/115966354625548404","error":""},"_links":{"self":[{"href":"https:\/\/www.europesays.com\/fr\/wp-json\/wp\/v2\/posts\/692365","targetHints":{"allow":["GET"]}}],"collection":[{"href":"https:\/\/www.europesays.com\/fr\/wp-json\/wp\/v2\/posts"}],"about":[{"href":"https:\/\/www.europesays.com\/fr\/wp-json\/wp\/v2\/types\/post"}],"author":[{"embeddable":true,"href":"https:\/\/www.europesays.com\/fr\/wp-json\/wp\/v2\/users\/2"}],"replies":[{"embeddable":true,"href":"https:\/\/www.europesays.com\/fr\/wp-json\/wp\/v2\/comments?post=692365"}],"version-history":[{"count":0,"href":"https:\/\/www.europesays.com\/fr\/wp-json\/wp\/v2\/posts\/692365\/revisions"}],"wp:featuredmedia":[{"embeddable":true,"href":"https:\/\/www.europesays.com\/fr\/wp-json\/wp\/v2\/media\/692366"}],"wp:attachment":[{"href":"https:\/\/www.europesays.com\/fr\/wp-json\/wp\/v2\/media?parent=692365"}],"wp:term":[{"taxonomy":"category","embeddable":true,"href":"https:\/\/www.europesays.com\/fr\/wp-json\/wp\/v2\/categories?post=692365"},{"taxonomy":"post_tag","embeddable":true,"href":"https:\/\/www.europesays.com\/fr\/wp-json\/wp\/v2\/tags?post=692365"}],"curies":[{"name":"wp","href":"https:\/\/api.w.org\/{rel}","templated":true}]}}