{"id":692412,"date":"2026-01-27T09:54:12","date_gmt":"2026-01-27T09:54:12","guid":{"rendered":"https:\/\/www.europesays.com\/fr\/692412\/"},"modified":"2026-01-27T09:54:12","modified_gmt":"2026-01-27T09:54:12","slug":"le-petit-coup-de-gueule-dun-maire-a-propos-dun-chemin-de-randonnee-pres-de-toulouse","status":"publish","type":"post","link":"https:\/\/www.europesays.com\/fr\/692412\/","title":{"rendered":"le petit coup de gueule d\u2019un maire \u00e0 propos d\u2019un chemin de randonn\u00e9e pr\u00e8s de Toulouse"},"content":{"rendered":"<p>                    Par<br \/>\n        <strong><br \/>\n            <a href=\"https:\/\/actu.fr\/auteur\/valentine-gaxieu-actu-fr\" title=\"Consulter tous les articles de Valentine Gaxieu\" target=\"_blank\" rel=\"noopener\">Valentine Gaxieu<\/a><br \/>\n                    <\/strong><\/p>\n<p>        Publi\u00e9 le<\/p>\n<p>            27 janv. 2026 \u00e0 7h40        <\/p>\n<p data-end=\"427\">Bien que le dernier conseil d\u2019agglom\u00e9ration du Sicoval ait \u00e9t\u00e9 l\u2019un des plus exp\u00e9ditifs du mandat \u2013 une quarantaine de minutes montre en main \u2013 il n\u2019a pas \u00e9chapp\u00e9 \u00e0 un <b>petit coup de gueule<\/b> sign\u00e9 <b>Laurent Forest<\/b>, vice pr\u00e9sident en charge des espaces naturels et des politiques fonci\u00e8res rurales. \u00c0 l\u2019ordre du jour figurait une d\u00e9lib\u00e9ration concernant l\u2019inscription d\u2019une portion du<b> GR 653<\/b> (sentier de grande randonn\u00e9e) au Plan d\u00e9partemental des itin\u00e9raires de promenade et de randonn\u00e9e (PDIPR). Un itin\u00e9raire qui d\u00e9marre \u00e0 Arles pour <b>s\u2019achever \u00e0 Toulouse<\/b>, et qui, contrairement \u00e0 la s\u00e9ance, <b>aura mis bien plus de temps \u00e0 cheminer dans les m\u00e9andres administratifs<\/b>. Apr\u00e8s avoir pr\u00e9sent\u00e9 bri\u00e8vement ce lieu de passage qui traverse certaines communes du <a href=\"https:\/\/actu.fr\/voix-du-midi-lauragais\/\" target=\"_blank\" rel=\"noopener\">Lauragais<\/a>, Laurent Forest n\u2019a pas manqu\u00e9 de <b>glisser une remarque <\/b>\u2013 sourire au coin des l\u00e8vres \u2013\u00a0sur <b>la lenteur du traitement du dossier<\/b>.<\/p>\n<p>Neuf communes travers\u00e9es<\/p>\n<p class=\" wall-content\">Le GR 653 est une portion de la <b>Voie d\u2019Arles<\/b>, un des quatre principaux <b>chemins de Compostelle<\/b> fran\u00e7ais. Sur les 465 kilom\u00e8tres que les randonneurs peuvent emprunter, <b>une trentaine de kilom\u00e8tres se r\u00e9pandent sur neuf communes<\/b> du territoire\u2009: <a href=\"https:\/\/actu.fr\/occitanie\/baziege_31048\" target=\"_blank\" rel=\"noopener\">Bazi\u00e8ge<\/a>, <a href=\"https:\/\/actu.fr\/occitanie\/montgiscard_31381\" target=\"_blank\" rel=\"noopener\">Montgiscard<\/a>, <a href=\"https:\/\/actu.fr\/occitanie\/montbrun-lauragais_31366\" target=\"_blank\" rel=\"noopener\">Montbrun-Lauragais<\/a>, <a href=\"https:\/\/actu.fr\/occitanie\/corronsac_31151\" target=\"_blank\" rel=\"noopener\">Corronsac<\/a>, <a href=\"https:\/\/actu.fr\/occitanie\/rebigue_31448\" target=\"_blank\" rel=\"noopener\">Rebigue<\/a>, <a href=\"https:\/\/actu.fr\/occitanie\/mervilla_31340\" target=\"_blank\" rel=\"noopener\">Mervilla<\/a>, <a href=\"https:\/\/actu.fr\/occitanie\/pechbusque_31411\" target=\"_blank\" rel=\"noopener\">Pechbusque<\/a>, <a href=\"https:\/\/actu.fr\/occitanie\/auzeville-tolosane_31035\" target=\"_blank\" rel=\"noopener\">Auzeville-Tolosane<\/a> et <a href=\"https:\/\/actu.fr\/occitanie\/ramonville-saint-agne_31446\" target=\"_blank\" rel=\"noopener\">Ramonville-Saint-Agne<\/a>. \u00ab\u2009Dans les ann\u00e9es 90, \u00e7a a \u00e9t\u00e9 <b>le premier GR \u00e0 traverser le Sicoval<\/b>\u2009\u00bb, rappelle Laurent Forest.<\/p>\n<p class=\" wall-content\">Au total, ce parcours comprend 16,5\u00a0km de chemin, 10\u00a0km de voie rev\u00eatue et 5,5\u00a0km de mode doux. Une inscription au PDIPR permettrait d\u2019acc\u00e9der \u00e0 des aides financi\u00e8res visant \u00e0 subventionner des <b>travaux d\u2019accessibilit\u00e9 et de s\u00e9curit\u00e9 des sentiers emprunt\u00e9s<\/b> (mise en place d\u2019un balisage directionnel, am\u00e9nagements sp\u00e9cifiques, accessibilit\u00e9 aux PMR\u2026). \u00abLe temps de solliciter le D\u00e9partement et les communes, cet itin\u00e9raire devrait \u00eatre inscrit dans deux ans\u2009\u00bb, inique le maire de Montgiscard.<\/p>\n<p>    <img   decoding=\"async\" loading=\"lazy\" class=\"size-large\" src=\"https:\/\/www.europesays.com\/fr\/wp-content\/uploads\/2026\/01\/472634e2e07964b2634e2e0792f263v-960x640.jpg\" alt=\"Le GR 653 traverse neuf commune du Sicoval.\" width=\"960\" height=\"640\"\/><br \/>\n    Le GR 653 traverse neuf commune du Sicoval. \u00a9Capture d\u2019\u00e9cran \u2013 Sicoval\u00ab\u2009On ne fait pas venir quatre bulldozers\u2009\u00bb<\/p>\n<p class=\" wall-content\">La m\u00eame d\u00e9marche avait \u00e9t\u00e9 \u00e9galement vot\u00e9e pour le chemin d\u2019Artagnan, qui passe \u00e9galement par plusieurs communes de la collectivit\u00e9. \u00ab\u2009Je trouve \u00e7a tr\u00e8s bien que l\u2019on fasse \u00e7a, c\u2019est utile, on s\u2019adosse au Conseil d\u00e9partemental, on est susceptible d\u2019avoir quelques aides pour des travaux, comme<b> refaire un pont<\/b>, <b>un passage et un morceau de chauss\u00e9e<\/b>\u2009\u00bb, d\u00e9clare Laurent Forest.<\/p>\n<p class=\" wall-content\">Mais derri\u00e8re cette satisfaction se cache une <b>petite exasp\u00e9ration<\/b> face aux d\u00e9lais n\u00e9cessaires pour faire aboutir ce type de projet.\u2009: \u00ab\u2009\u00c7a fait un mandat que je parle de \u00e7a, ce sont <b>deux itin\u00e9raires qui existent<\/b>, ils sont communaux, et il n\u2019y a que quelques chemins priv\u00e9s mis bout \u00e0 bout. Il faut six ans, et de fait 18\u00a0mois de plus pour y arriver. C\u2019est quand m\u00eame symptomatique de<b> notre lenteur de fonctionnement et de prise de d\u00e9cision<\/b>.\u2009\u00bb<\/p>\n<blockquote class=\"ac-article-quote wall-content\">\n<p>En plus, c\u2019est un projet simple, qui ne co\u00fbte pas grand-chose. Et puis la randonn\u00e9e p\u00e9destre est l\u2019activit\u00e9 la moins co\u00fbteuse pour les gens qui veulent se promener.<\/p>\n<p>Laurent Forest, vice-pr\u00e9sident du Sicoval<\/p><\/blockquote>\n<p>Votre r\u00e9gion, votre actu !<\/p>\n<p>Recevez chaque jour les infos qui comptent pour vous.<\/p>\n<p>\t<a href=\"https:\/\/actu.fr\/newsletter\" class=\"ac-btn ac-btn--corner ac-btn--medium ac-btn--blue800\" target=\"_blank\" rel=\"noopener\">S&rsquo;incrire<\/a><\/p>\n<p class=\" wall-content\">Un constat d\u2019autant plus aga\u00e7ant, selon lui, que l\u2019enjeu reste limit\u00e9\u2009: \u00ab\u2009Ce n\u2019est pas l\u2019A69, on ne fait pas venir quatre bulldozers et <b>on ne perce pas 30 bornes de piste de six m\u00e8tres de large<\/b>. C\u2019est juste un panneau, du fl\u00e9chage, ce n\u2019est pas grand-chose. Je pense que dans les v\u0153ux [de la nouvelle ann\u00e9e, NDLR], on pourrait souhaiter que l\u2019on all\u00e8ge [les proc\u00e9dures, NDLR] un peu. Car si c\u2019est compliqu\u00e9 pour un chemin de randonn\u00e9e, alors le reste\u2026\u2009\u00bb<\/p>\n<p class=\" wall-content\">Personnalisez votre actualit\u00e9 en ajoutant vos villes et m\u00e9dias en favori avec <a href=\"https:\/\/moncompte.actu.fr\" title=\"D\u00e9couvez Mon Actu\" rel=\"nofollow noopener\" data-trk=\"{&quot;cta&quot;:{&quot;action&quot;:&quot;https:\\\/\\\/moncompte.actu.fr&quot;,&quot;category&quot;:&quot;mon compte&quot;,&quot;from&quot;:&quot;article footer&quot;,&quot;name&quot;:&quot;Mon actu&quot;,&quot;type&quot;:&quot;cta&quot;}}\" target=\"_blank\">Mon Actu<\/a>.<\/p>\n","protected":false},"excerpt":{"rendered":"Par Valentine Gaxieu Publi\u00e9 le 27 janv. 2026 \u00e0 7h40 Bien que le dernier conseil d\u2019agglom\u00e9ration du Sicoval&hellip;\n","protected":false},"author":2,"featured_media":692413,"comment_status":"","ping_status":"","sticky":false,"template":"","format":"standard","meta":{"footnotes":""},"categories":[2816],"tags":[1111,11,436,1777,674,1011,27,12,2680,316,7553,25,2312],"class_list":{"0":"post-692412","1":"post","2":"type-post","3":"status-publish","4":"format-standard","5":"has-post-thumbnail","7":"category-toulouse","8":"tag-actu","9":"tag-actualites","10":"tag-environnement","11":"tag-eu","12":"tag-europe","13":"tag-fr","14":"tag-france","15":"tag-news","16":"tag-occitanie","17":"tag-politique","18":"tag-randonnee","19":"tag-republique-francaise","20":"tag-toulouse"},"share_on_mastodon":{"url":"https:\/\/pubeurope.com\/@fr\/115966460875297297","error":""},"_links":{"self":[{"href":"https:\/\/www.europesays.com\/fr\/wp-json\/wp\/v2\/posts\/692412","targetHints":{"allow":["GET"]}}],"collection":[{"href":"https:\/\/www.europesays.com\/fr\/wp-json\/wp\/v2\/posts"}],"about":[{"href":"https:\/\/www.europesays.com\/fr\/wp-json\/wp\/v2\/types\/post"}],"author":[{"embeddable":true,"href":"https:\/\/www.europesays.com\/fr\/wp-json\/wp\/v2\/users\/2"}],"replies":[{"embeddable":true,"href":"https:\/\/www.europesays.com\/fr\/wp-json\/wp\/v2\/comments?post=692412"}],"version-history":[{"count":0,"href":"https:\/\/www.europesays.com\/fr\/wp-json\/wp\/v2\/posts\/692412\/revisions"}],"wp:featuredmedia":[{"embeddable":true,"href":"https:\/\/www.europesays.com\/fr\/wp-json\/wp\/v2\/media\/692413"}],"wp:attachment":[{"href":"https:\/\/www.europesays.com\/fr\/wp-json\/wp\/v2\/media?parent=692412"}],"wp:term":[{"taxonomy":"category","embeddable":true,"href":"https:\/\/www.europesays.com\/fr\/wp-json\/wp\/v2\/categories?post=692412"},{"taxonomy":"post_tag","embeddable":true,"href":"https:\/\/www.europesays.com\/fr\/wp-json\/wp\/v2\/tags?post=692412"}],"curies":[{"name":"wp","href":"https:\/\/api.w.org\/{rel}","templated":true}]}}