{"id":692422,"date":"2026-01-27T10:00:16","date_gmt":"2026-01-27T10:00:16","guid":{"rendered":"https:\/\/www.europesays.com\/fr\/692422\/"},"modified":"2026-01-27T10:00:16","modified_gmt":"2026-01-27T10:00:16","slug":"toute-lactualite-de-ce-mardi-27-janvier-2026-a-lyon","status":"publish","type":"post","link":"https:\/\/www.europesays.com\/fr\/692422\/","title":{"rendered":"Toute l&rsquo;actualit\u00e9 de ce mardi 27 janvier 2026 \u00e0 Lyon"},"content":{"rendered":"<p>A la une de l\u2019info \u00e0 Lyon : les voeux du monde \u00e9conomique, les t\u00eates de liste Grand Coeur Lyonnais pour Lyon, controle de police \u00e0 la Croix-Rousse, un nouveau centre des Restos du Coeur \u00e0 Gerland, Anne Rubinstein visite l\u2019EPIDE de Meyzieu, Carrefour et les \u00e9levages de lapins en cages, le festival RHEVE\u2026<\/p>\n<p>ECOUTEZ LE 1\/4H LYONNAIS\u2026 Toute l\u2019actualit\u00e9 de ce mardi 27 janvier 2026<\/p>\n<p>LE 1\/4H LYONNAIS | mardi 27 janvier 2026<\/p>\n<p>3 000 <strong>chefs d\u2019entreprise, \u00e9lus et candidats aux municipales<\/strong>, r\u00e9unis hier soir \u00e0 la salle 3000 pour les <strong>v\u0153ux du monde \u00e9conomique<\/strong><\/p>\n<p><strong>Elections M\u00e9tropolitaines<\/strong> : <strong><a href=\"https:\/\/coeurlyonnais.fr\/\" type=\"link\" id=\"https:\/\/coeurlyonnais.fr\/\" target=\"_blank\" rel=\"noreferrer noopener\">Grand C\u0153ur Lyonnais<\/a><\/strong> a communiqu\u00e9 hier soir les t\u00eates de liste des six circonscriptions lyonnaises.<\/p>\n<p>4618 personnes contr\u00f4l\u00e9es par la police nationale la semaine derni\u00e8re dans le quartier de la Croix-Rousse \u00e0 Lyon. 43 individus ont \u00e9t\u00e9 interpell\u00e9s au cours de cette op\u00e9ration dans le cadre du<strong> plan d\u2019action d\u00e9partemental \u00ab\u00a0de restauration de la s\u00e9curit\u00e9 au quotidien\u00a0\u00bb<\/strong>\u00a0<\/p>\n<p>La <strong>M\u00e9tropole de Lyon<\/strong> va financer l\u2019installation d\u2019un <strong>nouveau centre des Restos du C\u0153ur<\/strong> \u00e0 <strong>Gerland<\/strong>. Un projet destin\u00e9 \u00e0 renforcer l\u2019<strong>aide alimentaire<\/strong> dans les 7e et 8e arrondissements, o\u00f9 les besoins ne cessent de cro\u00eetre. Le si\u00e8ge d\u00e9partemental de l\u2019association se retrouvera aussi sur ce <strong>nouveau site rue de Gerland<\/strong><\/p>\n<p><strong>Anne Rubinstein<\/strong>, d\u00e9l\u00e9gu\u00e9e interminist\u00e9rielle \u00e0 la <strong>Pr\u00e9vention<\/strong> et \u00e0 la <strong>Lutte contre la pauvret\u00e9<\/strong>, doit visiter ce mardi le <strong>centre EPIDE de Meyzieu<\/strong>.<\/p>\n<p>Ecoutez aussi : <a href=\"https:\/\/www.lyondemain.fr\/alexandre-dupalais-elections-municipales-lyon-2026\/\" type=\"link\" id=\"https:\/\/www.lyondemain.fr\/alexandre-dupalais-elections-municipales-lyon-2026\/\" target=\"_blank\" rel=\"noreferrer noopener\">Alexandre Dupalais \/ \u00e9cologie : \u00ab\u00a0un grand plan de climatisation\u00a0\u00bb<\/a><\/p>\n<p>Egalement dans l\u2019actualit\u00e9 de ce mardi 27 janvier<\/p>\n<p><strong>Carrefour<\/strong> affirme avoir pris connaissance, des images de <strong><a href=\"https:\/\/www.l214.com\/stop-intensif\/carrefour-soldes\" type=\"link\" id=\"https:\/\/www.l214.com\/stop-intensif\/carrefour-soldes\" target=\"_blank\" rel=\"noreferrer noopener\">L214<\/a><\/strong> relatives \u00e0 l<strong>\u2019\u00e9levage LapiMauges<\/strong>. Et suspend ses approvisionnements aupr\u00e8s de l\u2019\u00e9levage concern\u00e9.<\/p>\n<p>C\u2019est parti pour une semaine d\u2019un festival tr\u00e8s particulier et dont Lyon a le secret depuis maintenant 4 ans. Jusqu\u2019\u00e0 samedi, le <strong>festival Rheve<\/strong> propose une d\u00e9couverte\u00a0des <strong>m\u00e9tiers de l\u2019hotellerie et de la restauration<\/strong>\u2026 Au travers d\u2019<strong>animations ludiques<\/strong> et de <strong>mises en situation concr\u00e8tes<\/strong><\/p>\n<p>Nos invit\u00e9s : <strong>Hadgil<\/strong>, \u00e9l\u00e8ve au <strong>coll\u00e8ge Simone Veil de Saint-Priest<\/strong>, <strong>Nicolas Laurent<\/strong>, chef de cuisine au <strong>lyc\u00e9e Jehanne de France<\/strong>, <strong>Francis Mbianda<\/strong> directeur de ce lyc\u00e9e priv\u00e9 et <strong>Robert Revat<\/strong>, pr\u00e9sident d\u2019<strong>Onlylyon Tourisme et Congr\u00e8s<\/strong><\/p>\n<p>Ecoutez aussi : <a href=\"https:\/\/www.lyondemain.fr\/actualite-de-ce-lundi-26-janvier-lyon-info-alexandre-dupalais-municipales\/\" type=\"link\" id=\"https:\/\/www.lyondemain.fr\/actualite-de-ce-lundi-26-janvier-lyon-info-alexandre-dupalais-municipales\/\" target=\"_blank\" rel=\"noreferrer noopener\">Toute l\u2019actualit\u00e9 de ce lundi 26 janvier 2026 \u00e0 Lyon<\/a><\/p>\n<p><img fetchpriority=\"high\" decoding=\"async\" width=\"1200\" height=\"675\" src=\"https:\/\/www.europesays.com\/fr\/wp-content\/uploads\/2026\/01\/actualite-de-ce-mardi-27-janvier-2026.jpg\" alt=\"actualit\u00e9 de ce mardi 27 janvier   2026 info \u00e0 Lyon\" class=\"wp-image-253157\"  \/>Retrouvez aussi le Quart d\u2019Heure Lyonnais de Lyon Demain sur les antennes de Radio Pluriel (Lyon). Radio Salam (Lyon, Saint-Etienne et Bourg) et Radio Arm\u00e9nie (Lyon et Vienne)<\/p>\n<p>J\u2019aime \u00e7a\u00a0:<\/p>\n<p>J\u2019aime chargement\u2026<\/p>\n<p><a class=\"sd-link-color\"\/><\/p>\n<p>\n\tArticles similaires\n<\/p>\n<p>\t\t\t\t<img decoding=\"async\" src=\"https:\/\/www.europesays.com\/fr\/wp-content\/uploads\/2026\/01\/1769508016_182_7866158698e17e8ed633c05e8f8e7fe5d9e057ad78661c4dc34e413abb6b9f19.jpeg\" alt=\"G\u00e9rald Bouchon\"\/><\/p>\n<p>Pionnier des radios libres, passionn\u00e9 de radio, journaliste et dirigeant de m\u00e9dias \u00e9co-responsables..<\/p>\n","protected":false},"excerpt":{"rendered":"A la une de l\u2019info \u00e0 Lyon : les voeux du monde \u00e9conomique, les t\u00eates de liste Grand&hellip;\n","protected":false},"author":2,"featured_media":692423,"comment_status":"","ping_status":"","sticky":false,"template":"","format":"standard","meta":{"footnotes":""},"categories":[1889],"tags":[1111,11,78847,2430,4304,78848,10787,2838,36284,341,15271,78849,1777,674,849,1011,27,5303,69688,2519,78850,2428,12,78851,1072,25,2021,15710,78852,78853],"class_list":{"0":"post-692422","1":"post","2":"type-post","3":"status-publish","4":"format-standard","5":"has-post-thumbnail","7":"category-lyon","8":"tag-actu","9":"tag-actualites","10":"tag-anne-rubinstein","11":"tag-auvergne-rhone-alpes","12":"tag-carrefour","13":"tag-conditions-delevages","14":"tag-controles","15":"tag-croix-rousse","16":"tag-elections-metropolitaines","17":"tag-emploi","18":"tag-entrepreneurs","19":"tag-epide","20":"tag-eu","21":"tag-europe","22":"tag-festival","23":"tag-fr","24":"tag-france","25":"tag-gerland","26":"tag-grand-coeur-lyonnais","27":"tag-hotellerie","28":"tag-lapins-en-cages","29":"tag-lyon","30":"tag-news","31":"tag-only-lyon","32":"tag-police","33":"tag-republique-francaise","34":"tag-restauration","35":"tag-restos-du-coeur","36":"tag-rheve","37":"tag-robert-revat"},"share_on_mastodon":{"url":"https:\/\/pubeurope.com\/@fr\/115966484506704408","error":""},"_links":{"self":[{"href":"https:\/\/www.europesays.com\/fr\/wp-json\/wp\/v2\/posts\/692422","targetHints":{"allow":["GET"]}}],"collection":[{"href":"https:\/\/www.europesays.com\/fr\/wp-json\/wp\/v2\/posts"}],"about":[{"href":"https:\/\/www.europesays.com\/fr\/wp-json\/wp\/v2\/types\/post"}],"author":[{"embeddable":true,"href":"https:\/\/www.europesays.com\/fr\/wp-json\/wp\/v2\/users\/2"}],"replies":[{"embeddable":true,"href":"https:\/\/www.europesays.com\/fr\/wp-json\/wp\/v2\/comments?post=692422"}],"version-history":[{"count":0,"href":"https:\/\/www.europesays.com\/fr\/wp-json\/wp\/v2\/posts\/692422\/revisions"}],"wp:featuredmedia":[{"embeddable":true,"href":"https:\/\/www.europesays.com\/fr\/wp-json\/wp\/v2\/media\/692423"}],"wp:attachment":[{"href":"https:\/\/www.europesays.com\/fr\/wp-json\/wp\/v2\/media?parent=692422"}],"wp:term":[{"taxonomy":"category","embeddable":true,"href":"https:\/\/www.europesays.com\/fr\/wp-json\/wp\/v2\/categories?post=692422"},{"taxonomy":"post_tag","embeddable":true,"href":"https:\/\/www.europesays.com\/fr\/wp-json\/wp\/v2\/tags?post=692422"}],"curies":[{"name":"wp","href":"https:\/\/api.w.org\/{rel}","templated":true}]}}