{"id":692430,"date":"2026-01-27T10:05:14","date_gmt":"2026-01-27T10:05:14","guid":{"rendered":"https:\/\/www.europesays.com\/fr\/692430\/"},"modified":"2026-01-27T10:05:14","modified_gmt":"2026-01-27T10:05:14","slug":"dans-les-coulisses-des-defiles-de-la-fashion-week-haute-couture-printemps-ete-2026-a-paris","status":"publish","type":"post","link":"https:\/\/www.europesays.com\/fr\/692430\/","title":{"rendered":"Dans les coulisses des d\u00e9fil\u00e9s de la Fashion Week haute couture printemps-\u00e9t\u00e9 2026 \u00e0 Paris"},"content":{"rendered":"<p>Cette <a href=\"https:\/\/www.vogue.fr\/dossier\/fashion-week-haute-couture\" target=\"_blank\" rel=\"noopener\">Fashion Week haute couture printemps-\u00e9t\u00e9 2026<\/a> est plus qu&rsquo;attendue ! Depuis l&rsquo;annonce des arriv\u00e9es de <strong>Jonathan Anderson<\/strong> et <strong>Matthieu Blazy<\/strong> \u00e0 la t\u00eate de <a href=\"https:\/\/www.vogue.fr\/dossier\/dior\" isautogenerated=\"true\" target=\"_blank\" rel=\"noopener\"><strong>Dior<\/strong><\/a> et <a href=\"https:\/\/www.vogue.fr\/dossier\/chanel\" isautogenerated=\"true\" target=\"_blank\" rel=\"noopener\"><strong>Chanel<\/strong><\/a>, le milieu de la <a href=\"https:\/\/www.vogue.fr\/dossier\/mode\" isautogenerated=\"true\" target=\"_blank\" rel=\"noopener\">mode<\/a> retient son souffle, impatient de d\u00e9couvrir leurs premiers pas en haute couture. Aujourd&rsquo;hui, pour sa toute premi\u00e8re collection haute couture chez <strong>Dior<\/strong>, <strong>Jonathan Anderson<\/strong> pouvait compter sur le soutien symbolique de <a href=\"https:\/\/www.vogue.fr\/dossier\/john-galliano\" isautogenerated=\"true\" target=\"_blank\" rel=\"noopener\"><strong>John Galliano<\/strong><\/a>, pr\u00e9sent au premier rang. Au-del\u00e0 de ces d\u00e9buts tr\u00e8s scrut\u00e9s, la Fashion Week accueillera \u00e9galement les d\u00e9fil\u00e9s de <a href=\"https:\/\/www.vogue.fr\/dossier\/valentino\" isautogenerated=\"true\" target=\"_blank\" rel=\"noopener\"><strong>Valentino<\/strong><\/a>, <strong><a href=\"https:\/\/www.vogue.fr\/dossier\/armani\" isautogenerated=\"true\" target=\"_blank\" rel=\"noopener\">Armani<\/a> Priv\u00e9<\/strong> et bien d&rsquo;autres encore. Suivez la photographe <strong>Acielle Tanbetova<\/strong> tout au long de cette semaine et plongez dans les coulisses des d\u00e9fil\u00e9s haute couture printemps-\u00e9t\u00e9 2026 \u00e0 <a href=\"https:\/\/www.vogue.fr\/dossier\/paris\" isautogenerated=\"true\" target=\"_blank\" rel=\"noopener\">Paris<\/a>.<\/p>\n<p><a href=\"https:\/\/www.vogue.com\/slideshow\/the-best-backstage-photos-from-the-spring-2026-couture-shows-in-paris\" target=\"_blank\" rel=\"noopener\">Article publi\u00e9 initialement sur Vogue Runway<\/a><\/p>\n<p><strong>Plus de <a href=\"https:\/\/www.vogue.fr\/mode\" target=\"_blank\" rel=\"noopener\">mode<\/a> sur Vogue.fr :<\/strong><br \/><a href=\"https:\/\/www.vogue.fr\/article\/sophie-marceau-jacquemus-le-palmier-defile\" target=\"_blank\" rel=\"noopener\">Sophie Marceau donne une le\u00e7on de style \u00e0 la Fran\u00e7aise au d\u00e9fil\u00e9 Jacquemus<\/a><br \/><a href=\"https:\/\/www.vogue.fr\/article\/jacquemus-paloma-picasso-automne-hiver-2026-2027\" target=\"_blank\" rel=\"noopener\">Jacquemus ressuscite Paloma Picasso avec une robe tr\u00e8s\u2026 os\u00e9e<\/a><br \/><a href=\"https:\/\/www.vogue.fr\/article\/sophie-marceau-fille-juliette-lemley-front-row-defile-schiaparelli-haute-couture-printemps-ete-2026\" target=\"_blank\" rel=\"noopener\">16 ans apr\u00e8s leur derni\u00e8re apparition ensemble, Sophie Marceau et sa fille Juliette font sensation au d\u00e9fil\u00e9 Schiaparelli<\/a><\/p>\n<p><strong>Encore plus de Vogue <a href=\"https:\/\/www.vogue.fr\/dossier\/france\" isautogenerated=\"true\" target=\"_blank\" rel=\"noopener\">France<\/a> en vid\u00e9o :<\/strong><\/p>\n<p>IMAGES : les meilleures photos backstage captur\u00e9es \u00e0 la Fashion Week haute couture printemps-\u00e9t\u00e9 2026 :<\/p>\n","protected":false},"excerpt":{"rendered":"Cette Fashion Week haute couture printemps-\u00e9t\u00e9 2026 est plus qu&rsquo;attendue ! Depuis l&rsquo;annonce des arriv\u00e9es de Jonathan Anderson&hellip;\n","protected":false},"author":2,"featured_media":692431,"comment_status":"","ping_status":"","sticky":false,"template":"","format":"standard","meta":{"footnotes":""},"categories":[1888],"tags":[1111,1928,11,1927,1777,674,992,78854,34204,1011,27,985,12,1926,626,1925,25,18401],"class_list":{"0":"post-692430","1":"post","2":"type-post","3":"status-publish","4":"format-standard","5":"has-post-thumbnail","7":"category-paris","8":"tag-actu","9":"tag-actu-paris","10":"tag-actualites","11":"tag-actualites-paris","12":"tag-eu","13":"tag-europe","14":"tag-fashion-week","15":"tag-fashion-week-haute-couture","16":"tag-fashion-week-paris","17":"tag-fr","18":"tag-france","19":"tag-mode","20":"tag-news","21":"tag-news-paris","22":"tag-paris","23":"tag-paris-news","24":"tag-republique-francaise","25":"tag-vogue-digital"},"share_on_mastodon":{"url":"https:\/\/pubeurope.com\/@fr\/115966504007245304","error":""},"_links":{"self":[{"href":"https:\/\/www.europesays.com\/fr\/wp-json\/wp\/v2\/posts\/692430","targetHints":{"allow":["GET"]}}],"collection":[{"href":"https:\/\/www.europesays.com\/fr\/wp-json\/wp\/v2\/posts"}],"about":[{"href":"https:\/\/www.europesays.com\/fr\/wp-json\/wp\/v2\/types\/post"}],"author":[{"embeddable":true,"href":"https:\/\/www.europesays.com\/fr\/wp-json\/wp\/v2\/users\/2"}],"replies":[{"embeddable":true,"href":"https:\/\/www.europesays.com\/fr\/wp-json\/wp\/v2\/comments?post=692430"}],"version-history":[{"count":0,"href":"https:\/\/www.europesays.com\/fr\/wp-json\/wp\/v2\/posts\/692430\/revisions"}],"wp:featuredmedia":[{"embeddable":true,"href":"https:\/\/www.europesays.com\/fr\/wp-json\/wp\/v2\/media\/692431"}],"wp:attachment":[{"href":"https:\/\/www.europesays.com\/fr\/wp-json\/wp\/v2\/media?parent=692430"}],"wp:term":[{"taxonomy":"category","embeddable":true,"href":"https:\/\/www.europesays.com\/fr\/wp-json\/wp\/v2\/categories?post=692430"},{"taxonomy":"post_tag","embeddable":true,"href":"https:\/\/www.europesays.com\/fr\/wp-json\/wp\/v2\/tags?post=692430"}],"curies":[{"name":"wp","href":"https:\/\/api.w.org\/{rel}","templated":true}]}}