{"id":692448,"date":"2026-01-27T10:14:15","date_gmt":"2026-01-27T10:14:15","guid":{"rendered":"https:\/\/www.europesays.com\/fr\/692448\/"},"modified":"2026-01-27T10:14:15","modified_gmt":"2026-01-27T10:14:15","slug":"les-ventes-de-vehicules-electriques-depassent-pour-la-premiere-fois-celles-des-vehicules-a-essence-dans-lue-27-01-2026-a-1103","status":"publish","type":"post","link":"https:\/\/www.europesays.com\/fr\/692448\/","title":{"rendered":"Les ventes de v\u00e9hicules \u00e9lectriques d\u00e9passent pour la premi\u00e8re fois celles des v\u00e9hicules \u00e0 essence dans l&rsquo;UE &#8211; 27\/01\/2026 \u00e0 11:03"},"content":{"rendered":"<p>\n ((Traduction automatis\u00e9e par Reuters \u00e0 l&rsquo;aide de l&rsquo;apprentissage<br \/>\nautomatique et de l&rsquo;IA g\u00e9n\u00e9rative, veuillez vous r\u00e9f\u00e9rer \u00e0<br \/>\nl&rsquo;avertissement suivant: https:\/\/bit.ly\/rtrsauto))\n<\/p>\n<p>\n *\n<\/p>\n<p>\n Les ventes de v\u00e9hicules \u00e9lectriques \u00e0 batterie d\u00e9passent<br \/>\npour la<br \/>\npremi\u00e8re fois celles des v\u00e9hicules \u00e0 essence dans l&rsquo;UE -ACEA\n<\/p>\n<p>\n *\n<\/p>\n<p>\n Les marques chinoises intensifient la concurrence dans<br \/>\nl&rsquo;UE\n<\/p>\n<p>\n *\n<\/p>\n<p>\n Les voitures \u00e9lectrifi\u00e9es repr\u00e9sentent 67% des<br \/>\nimmatriculations<br \/>\ndans l&rsquo;UE\n<\/p>\n<p>\n (Ajout de puces, citations de E-Mobility Europe aux paragraphes<br \/>\n7-8, citations de Schmidt aux paragraphes 17-18, contexte dans<br \/>\nl&rsquo;ensemble, graphique)\n<\/p>\n<p>\n Les ventes de voitures enti\u00e8rement<br \/>\n\u00e9lectriques ont d\u00e9pass\u00e9 celles des v\u00e9hicules \u00e0 essence dans<br \/>\nl&rsquo;Union europ\u00e9enne pour la premi\u00e8re fois en d\u00e9cembre, m\u00eame si<br \/>\nles d\u00e9cideurs politiques ont propos\u00e9 d&rsquo;assouplir les<br \/>\nr\u00e9glementations en mati\u00e8re d&rsquo;\u00e9missions, selon les donn\u00e9es du<br \/>\ngroupe de l&rsquo;industrie automobile ACEA publi\u00e9es mardi.\n<\/p>\n<p>\n Les immatriculations de v\u00e9hicules \u00e9lectriques \u00e0 batterie,<br \/>\nqui repr\u00e9sentent les ventes, ont \u00e9galement d\u00e9pass\u00e9 celles des<br \/>\nv\u00e9hicules \u00e0 essence sur le march\u00e9 europ\u00e9en au sens large, qui<br \/>\ncomprend la Grande-Bretagne et la Norv\u00e8ge, alors que les ventes<br \/>\nde voitures sur le continent ont enregistr\u00e9 un sixi\u00e8me mois de<br \/>\ncroissance en glissement annuel.\n<\/p>\n<p>\n La concurrence des marques chinoises  telles que BYD\n<\/p>\n<p>\n 002594.SZ , Changan  000625.SZ  et Geely<br \/>\n <a href=\"https:\/\/www.boursorama.com\/cours\/1mTGRU\/\" target=\"_blank\" rel=\"noopener\"><br \/>\n  0175.HK<br \/>\n <\/a><br \/>\n intensifie<br \/>\nla course au march\u00e9 europ\u00e9en, m\u00eame si les constructeurs<br \/>\nautomobiles nationaux tels que Volkswagen<br \/>\n <a href=\"https:\/\/www.boursorama.com\/cours\/1zVOW\/\" target=\"_blank\" rel=\"noopener\"><br \/>\n  VOWG.DE<br \/>\n <\/a><br \/>\n et BMW\n<\/p>\n<p>\n <a href=\"https:\/\/www.boursorama.com\/cours\/1zBMW\/\" target=\"_blank\" rel=\"noopener\"><br \/>\n  BMWG.DE<br \/>\n <\/a><br \/>\n lancent de nouveaux mod\u00e8les de v\u00e9hicules \u00e9lectriques.\n<\/p>\n<p>\n En d\u00e9cembre, l&rsquo;UE a d\u00e9voil\u00e9 un plan visant \u00e0 abandonner<br \/>\n l&rsquo;interdiction effective des voitures \u00e0 moteur \u00e0<br \/>\ncombustion en 2035, c\u00e9dant ainsi \u00e0 la pression des constructeurs<br \/>\nautomobiles qui luttent contre les d\u00e9fis lanc\u00e9s par leurs rivaux<br \/>\nchinois, les droits de douane am\u00e9ricains  et les<br \/>\ndifficult\u00e9s \u00e0 vendre des VE de mani\u00e8re rentable.\n<\/p>\n<p>\n Les VE sont toujours en passe d&rsquo;augmenter leur part de<br \/>\nmarch\u00e9 en Europe\n<\/p>\n<p>\n Pourtant, les experts s&rsquo;attendent \u00e0 ce que les VE continuent<br \/>\nd&rsquo;augmenter leur part du march\u00e9 europ\u00e9en.\n<\/p>\n<p>\n Chris Heron, secr\u00e9taire g\u00e9n\u00e9ral de E-Mobility Europe, a<br \/>\nd\u00e9clar\u00e9 que les marques europ\u00e9ennes ont commenc\u00e9 \u00e0 s&rsquo;adapter en<br \/>\nintroduisant de nouveaux VE abordables, tandis que les<br \/>\ndiff\u00e9rents pays proposent de nouveaux programmes d&rsquo;incitation<br \/>\n.\n<\/p>\n<p>\n \u00ab\u00a0Nous constatons que les consommateurs adh\u00e8rent \u00e0 cette<br \/>\nd\u00e9marche\u00a0\u00bb, a d\u00e9clar\u00e9 Chris Heron. \u00ab\u00a0Nous sommes convaincus que<br \/>\nles ventes en Europe continueront \u00e0 augmenter en 2026\n<\/p>\n<p>\n Les immatriculations globales en Europe, en Grande-Bretagne<br \/>\net dans l&rsquo;Association europ\u00e9enne de libre-\u00e9change pour<br \/>\nVolkswagen et Stellantis<br \/>\n <a href=\"https:\/\/www.boursorama.com\/cours\/1gSTLAM\/\" target=\"_blank\" rel=\"noopener\"><br \/>\n  STLAM.MI<br \/>\n <\/a><br \/>\n ont augment\u00e9 respectivement<br \/>\nde 10,2 % et de 4,5 % en d\u00e9cembre, tandis qu&rsquo;elles ont baiss\u00e9 de<br \/>\n2,2 % chez Renault<br \/>\n <a href=\"https:\/\/www.boursorama.com\/cours\/1rPRNO\/\" target=\"_blank\" rel=\"noopener\"><br \/>\n  RENA.PA<br \/>\n <\/a><br \/>\n .\n<\/p>\n<p>\n Les immatriculations de Tesla<br \/>\n <a href=\"https:\/\/www.boursorama.com\/cours\/TSLA\/\" target=\"_blank\" rel=\"noopener\"><br \/>\n  TSLA.O<br \/>\n <\/a><br \/>\n ont chut\u00e9 de 20,2% au<br \/>\ncours du mois, tandis que celles de BYD ont bondi de 229,7%.\n<\/p>\n<p>\n LES VENTES TOTALES DE VOITURES DANS L&rsquo;UE ONT AUGMENT\u00c9 DE<br \/>\nPR\u00c8S DE 6 % EN D\u00c9CEMBRE\n<\/p>\n<p>\n Les ventes dans l&rsquo;UE, en Grande-Bretagne et dans<br \/>\nl&rsquo;Association europ\u00e9enne de libre-\u00e9change ont augment\u00e9 de 7,6 %<br \/>\npour atteindre 1,2 million de voitures en d\u00e9cembre et de 2,4 %<br \/>\npour atteindre 13,3 millions de voitures en 2025, atteignant<br \/>\nainsi leur volume le plus \u00e9lev\u00e9 depuis cinq ans, m\u00eame si elles<br \/>\nrestent bien en de\u00e7\u00e0 des niveaux d&rsquo;avant la pand\u00e9mie, selon les<br \/>\ndonn\u00e9es de l&rsquo;ACEA.\n<\/p>\n<p>\n Les ventes totales de voitures dans l&rsquo;UE ont augment\u00e9 de 5,8<br \/>\n% pour atteindre pr\u00e8s d&rsquo;un million de v\u00e9hicules en d\u00e9cembre, et<br \/>\nde 1,8 % pour atteindre 10,8 millions de v\u00e9hicules sur l&rsquo;ann\u00e9e.\n<\/p>\n<p>\n En d\u00e9cembre, les immatriculations de voitures \u00e9lectriques \u00e0<br \/>\nbatterie, hybrides rechargeables et hybrides ont augment\u00e9 de 51<br \/>\n%, 36,7 % et 5,8 %, respectivement, pour repr\u00e9senter<br \/>\ncollectivement 67 % des immatriculations de l&rsquo;Union.\n<\/p>\n<p>\n Matthias Schmidt, analyste automobile ind\u00e9pendant, a d\u00e9clar\u00e9<br \/>\nque la baisse des ventes de v\u00e9hicules \u00e0 essence s&rsquo;explique en<br \/>\npartie par la reclassification de certains v\u00e9hicules en<br \/>\n\u00ab\u00a0hybrides l\u00e9gers\u00a0\u00bb, qui ne contribuent que modestement \u00e0 la<br \/>\nr\u00e9duction des \u00e9missions.\n<\/p>\n<p>\n \u00ab\u00a0Il faudra encore une demi-d\u00e9cennie pour que les voitures<br \/>\n\u00e9lectriques d\u00e9passent v\u00e9ritablement les mod\u00e8les \u00e0 moteur \u00e0<br \/>\ncombustion dans la r\u00e9gion, mais il s&rsquo;agit n\u00e9anmoins d&rsquo;un d\u00e9but\u00a0\u00bb,<br \/>\na-t-il d\u00e9clar\u00e9.<\/p>\n","protected":false},"excerpt":{"rendered":"((Traduction automatis\u00e9e par Reuters \u00e0 l&rsquo;aide de l&rsquo;apprentissage automatique et de l&rsquo;IA g\u00e9n\u00e9rative, veuillez vous r\u00e9f\u00e9rer \u00e0 l&rsquo;avertissement&hellip;\n","protected":false},"author":2,"featured_media":17400,"comment_status":"","ping_status":"","sticky":false,"template":"","format":"standard","meta":{"footnotes":""},"categories":[1586],"tags":[400,11,398,408,405,1777,674,1779,1011,27,403,402,399,404,12,25,401,406,1778,364,407],"class_list":{"0":"post-692448","1":"post","2":"type-post","3":"status-publish","4":"format-standard","5":"has-post-thumbnail","7":"category-europe","8":"tag-action-cac-40","9":"tag-actualites","10":"tag-bourse-de-paris","11":"tag-boursorama","12":"tag-cotations","13":"tag-eu","14":"tag-europe","15":"tag-european-union","16":"tag-fr","17":"tag-france","18":"tag-indices-devises","19":"tag-investir","20":"tag-investissement","21":"tag-marche-boursier","22":"tag-news","23":"tag-republique-francaise","24":"tag-sicav","25":"tag-trackers","26":"tag-ue","27":"tag-union-europeenne","28":"tag-warrants"},"share_on_mastodon":{"url":"https:\/\/pubeurope.com\/@fr\/115966539477589403","error":""},"_links":{"self":[{"href":"https:\/\/www.europesays.com\/fr\/wp-json\/wp\/v2\/posts\/692448","targetHints":{"allow":["GET"]}}],"collection":[{"href":"https:\/\/www.europesays.com\/fr\/wp-json\/wp\/v2\/posts"}],"about":[{"href":"https:\/\/www.europesays.com\/fr\/wp-json\/wp\/v2\/types\/post"}],"author":[{"embeddable":true,"href":"https:\/\/www.europesays.com\/fr\/wp-json\/wp\/v2\/users\/2"}],"replies":[{"embeddable":true,"href":"https:\/\/www.europesays.com\/fr\/wp-json\/wp\/v2\/comments?post=692448"}],"version-history":[{"count":0,"href":"https:\/\/www.europesays.com\/fr\/wp-json\/wp\/v2\/posts\/692448\/revisions"}],"wp:featuredmedia":[{"embeddable":true,"href":"https:\/\/www.europesays.com\/fr\/wp-json\/wp\/v2\/media\/17400"}],"wp:attachment":[{"href":"https:\/\/www.europesays.com\/fr\/wp-json\/wp\/v2\/media?parent=692448"}],"wp:term":[{"taxonomy":"category","embeddable":true,"href":"https:\/\/www.europesays.com\/fr\/wp-json\/wp\/v2\/categories?post=692448"},{"taxonomy":"post_tag","embeddable":true,"href":"https:\/\/www.europesays.com\/fr\/wp-json\/wp\/v2\/tags?post=692448"}],"curies":[{"name":"wp","href":"https:\/\/api.w.org\/{rel}","templated":true}]}}