{"id":692459,"date":"2026-01-27T10:21:10","date_gmt":"2026-01-27T10:21:10","guid":{"rendered":"https:\/\/www.europesays.com\/fr\/692459\/"},"modified":"2026-01-27T10:21:10","modified_gmt":"2026-01-27T10:21:10","slug":"svitolina-ecrase-gauff-et-atteint-sa-premiere-demi-finale-a-melbourne","status":"publish","type":"post","link":"https:\/\/www.europesays.com\/fr\/692459\/","title":{"rendered":"Svitolina \u00e9crase Gauff et atteint sa premi\u00e8re demi-finale \u00e0 Melbourne"},"content":{"rendered":"<p>\n    En 59 minutes, l\u2019Ukrainienne a balay\u00e9 la star am\u00e9ricaine, pass\u00e9e compl\u00e8tement \u00e0 c\u00f4t\u00e9, ce mardi en quarts.<\/p>\n<p class=\"fig-paragraph\">On n\u2019arr\u00eate plus\u00a0<a href=\"http:\/\/www.lefigaro.fr\/flash-sport\/open-d-australie-elle-pense-que-tous-les-parents-sont-des-joueurs-de-tennis-pros-s-amuse-elina-svitolina-monfils-a-propos-de-sa-fille-de-trois-ans-20260127\" data-fig-type=\"NewsFlash\" data-gtm-custom-categorie=\"navigation\" data-gtm-custom-action=\"crossclick\" data-gtm-custom-label=\"Contextuel\" data-gtm-event=\"customEventSPE\" data-fig-domain=\"LEFIGARO\" target=\"_blank\" rel=\"noopener\">Elina Svitolina\u00a0<\/a>en 2026. Laur\u00e9ate \u00e0 Auckland juste avant l\u2019Open d\u2019Australie, la 12e joueuse mondiale a encha\u00een\u00e9 une neuvi\u00e8me victoire cons\u00e9cutive ce mardi. Sous les yeux de son mari Ga\u00ebl Monfils, impressionn\u00e9 par la prestation de sa femme. Il faut dire aussi que son adversaire, t\u00eate de s\u00e9rie 3, est pass\u00e9e compl\u00e8tement \u00e0 c\u00f4t\u00e9, \u00e9cras\u00e9e 6-1, 6-2. L\u2019Am\u00e9ricaine de 21 ans, laur\u00e9ate de l\u2019US Open 2023 et de Roland-Garros 2025, n\u2019a pas glan\u00e9 un seul de ses jeux de service dans le premier set et offert la manche sur une double faute. Elle n\u2019a gu\u00e8re fait mieux dans le deuxi\u00e8me acte, plomb\u00e9e par les fautes directes (26 au total). Apr\u00e8s avoir fait tomber Mirra Andreeva en 8es, Svitolina a, de son c\u00f4t\u00e9, confirm\u00e9 sa forme \u00e9tincelante.<\/p>\n<p class=\"fig-paragraph\">Apr\u00e8s quatre tentatives infructueuses, Svitolina est enfin en demi-finales \u00e0 Melbourne. la joueuse de 31 ans n\u2019a toujours pas perdu le moindre set dans le tournoi. Demi-finaliste \u00e0 Wimbledon (2019, 2023) et \u00e0 l\u2019US Open (2019), Svitolina n\u2019a encore jamais atteint de finale de Grand Chelem. Place \u00e0 la meilleure joueuse du monde, la Bi\u00e9lorusse\u00a0<a href=\"http:\/\/www.lefigaro.fr\/sports\/tennis\/open-australie\/open-d-australie-zverev-et-sabalenka-impitoyables-pour-la-jeunesse-la-chaleur-extreme-ce-qu-il-faut-retenir-de-la-nuit-a-melbourne-20260127\" data-fig-type=\"NewsFlash\" data-gtm-custom-categorie=\"navigation\" data-gtm-custom-action=\"crossclick\" data-gtm-custom-label=\"Contextuel\" data-gtm-event=\"customEventSPE\" data-fig-domain=\"LEFIGARO\" target=\"_blank\" rel=\"noopener\">Aryna Sabalenka<\/a>. Un sacr\u00e9 d\u00e9fi.<\/p>\n","protected":false},"excerpt":{"rendered":"En 59 minutes, l\u2019Ukrainienne a balay\u00e9 la star am\u00e9ricaine, pass\u00e9e compl\u00e8tement \u00e0 c\u00f4t\u00e9, ce mardi en quarts. On&hellip;\n","protected":false},"author":2,"featured_media":692460,"comment_status":"","ping_status":"","sticky":false,"template":"","format":"standard","meta":{"footnotes":""},"categories":[1415],"tags":[47,4169,105,2199,1011,27,1114,35225,1960,4175,1980,60,1467,4170],"class_list":{"0":"post-692459","1":"post","2":"type-post","3":"status-publish","4":"format-standard","5":"has-post-thumbnail","7":"category-tennis","8":"tag-actualite","9":"tag-atp","10":"tag-djokovic","11":"tag-federer","12":"tag-fr","13":"tag-france","14":"tag-infos","15":"tag-murray","16":"tag-nadal","17":"tag-open-daustralie","18":"tag-resultats","19":"tag-sports","20":"tag-tennis","21":"tag-wta"},"share_on_mastodon":{"url":"https:\/\/pubeurope.com\/@fr\/115966566892821905","error":""},"_links":{"self":[{"href":"https:\/\/www.europesays.com\/fr\/wp-json\/wp\/v2\/posts\/692459","targetHints":{"allow":["GET"]}}],"collection":[{"href":"https:\/\/www.europesays.com\/fr\/wp-json\/wp\/v2\/posts"}],"about":[{"href":"https:\/\/www.europesays.com\/fr\/wp-json\/wp\/v2\/types\/post"}],"author":[{"embeddable":true,"href":"https:\/\/www.europesays.com\/fr\/wp-json\/wp\/v2\/users\/2"}],"replies":[{"embeddable":true,"href":"https:\/\/www.europesays.com\/fr\/wp-json\/wp\/v2\/comments?post=692459"}],"version-history":[{"count":0,"href":"https:\/\/www.europesays.com\/fr\/wp-json\/wp\/v2\/posts\/692459\/revisions"}],"wp:featuredmedia":[{"embeddable":true,"href":"https:\/\/www.europesays.com\/fr\/wp-json\/wp\/v2\/media\/692460"}],"wp:attachment":[{"href":"https:\/\/www.europesays.com\/fr\/wp-json\/wp\/v2\/media?parent=692459"}],"wp:term":[{"taxonomy":"category","embeddable":true,"href":"https:\/\/www.europesays.com\/fr\/wp-json\/wp\/v2\/categories?post=692459"},{"taxonomy":"post_tag","embeddable":true,"href":"https:\/\/www.europesays.com\/fr\/wp-json\/wp\/v2\/tags?post=692459"}],"curies":[{"name":"wp","href":"https:\/\/api.w.org\/{rel}","templated":true}]}}