{"id":692473,"date":"2026-01-27T10:32:14","date_gmt":"2026-01-27T10:32:14","guid":{"rendered":"https:\/\/www.europesays.com\/fr\/692473\/"},"modified":"2026-01-27T10:32:14","modified_gmt":"2026-01-27T10:32:14","slug":"je-suis-tombe-sous-le-charme-au-guilvinec-la-cite-de-la-peche-se-transforme-en-cite-de-la-peur-pour-le-nouveau-court-metrage-de-frederic-jacques-ossang-avec-le-ce","status":"publish","type":"post","link":"https:\/\/www.europesays.com\/fr\/692473\/","title":{"rendered":"\u00ab\u00a0Je suis tomb\u00e9 sous le charme\u00a0\u00bb\u00a0: au\u00a0Guilvinec, la cit\u00e9 de la p\u00eache se transforme en cit\u00e9 de la peur pour le nouveau court-m\u00e9trage de Fr\u00e9d\u00e9ric-Jacques Ossang, avec le c\u00e9saris\u00e9 Alexis Manenti"},"content":{"rendered":"<p>Le r\u00e9alisateur Fr\u00e9d\u00e9ric-Jacques Ossang, dit \u00ab\u00a0F.J. Ossang\u00a0\u00bb, et son \u00e9quipe \u00e9tait <a href=\"https:\/\/www.letelegramme.fr\/finistere\/le-guilvinec-29730\/des-figurants-recherches-pour-un-court-metrage-au-guilvinec-et-dans-ses-alentours-6966838.php\" target=\"_blank\" rel=\"noopener\">en tournage samedi 24 janvier <\/a>dans le centre-ville du Guilvinec pour sa derni\u00e8re r\u00e9alisation\u00a0: \u00ab\u00a0Tombe des r\u00eaves\u00a0\u00bb. Un court-m\u00e9trage tourn\u00e9 en noir et blanc pour la cha\u00eene France\u200a2 avec l\u2019aide du CNC (Centre national du cin\u00e9ma et de l\u2019image anim\u00e9e) et de la R\u00e9gion Bretagne. Rencontre.<\/p>\n<p><img decoding=\"async\" src=\"https:\/\/www.europesays.com\/fr\/wp-content\/uploads\/2026\/01\/6977c9b1b538e62c580e7afa.1.jpeg\" width=\"480\" height=\"300\" class=\"web_golden_m\" loading=\"lazy\" alt=\"F.J. Ossang, r\u00e9alisateur (\u00e0 droite), et Alexis Manenti, com\u00e9dien principal (\u00e0 gauche), pr\u00eats \u00e0 affronter la menace.\"\/>F.J. Ossang, r\u00e9alisateur (\u00e0 droite), et Alexis Manenti, com\u00e9dien principal (\u00e0 gauche), pr\u00eats \u00e0 affronter la menace.Vous tournez tr\u00e8s souvent vos films en noir et blanc, une raison particuli\u00e8re\u00a0?<\/p>\n<p>\u00ab\u00a0J\u2019aime beaucoup, j\u2019y suis vraiment attach\u00e9. Comme une tradition des ann\u00e9es 1970 ou cela \u00e9tait un luxe de pouvoir le faire. Certes, le noir et blanc n\u2019est pas tr\u00e8s vendeur pour les cha\u00eenes de t\u00e9l\u00e9vision, surtout entre deux pubs en couleurs, mais il permet aux spectateurs d\u2019\u00eatre beaucoup moins distraits par les ambiances secondaires. De plus, la couleur impose une \u00e9quipe technique plus importante.\u00a0\u00bb<\/p>\n<p><img decoding=\"async\" src=\"https:\/\/www.europesays.com\/fr\/wp-content\/uploads\/2026\/01\/6977c9b1d770e0202d0c19a8.1.jpeg\" width=\"480\" height=\"300\" class=\"web_golden_m\" loading=\"lazy\" alt=\"Alexis Manenti (Louis, dans le film) entour\u00e9 d\u2019\u00eatres tels des vampires qui entrent dans les r\u00eaves pour s\u2019alimenter.\"\/>Alexis Manenti (Louis, dans le film) entour\u00e9 d\u2019\u00eatres tels des vampires qui entrent dans les r\u00eaves pour s\u2019alimenter.Un mot de ce tournage, de quoi il en retourne\u00a0?<\/p>\n<p>\u00ab\u00a0Louis et L\u00e9nore [interpr\u00e9t\u00e9s respectivement par <a href=\"https:\/\/www.letelegramme.fr\/culture-loisirs\/cinema\/le-mohican-un-heros-de-western-corse-6755232.php\" target=\"_blank\" rel=\"noopener\">Alexis Manenti<\/a>, <a href=\"https:\/\/www.letelegramme.fr\/morbihan\/vannes-56000\/spanles-emancipeesspan-pascal-greggory-entre-les-lignes-de-patrice-chereau-3229023.php\" target=\"_blank\" rel=\"noopener\">Pascal Greggory\u200a<\/a>*, NDLR] se retirent dans une demeure isol\u00e9e, perch\u00e9e sur les hauteurs d\u2019un bras de mer, esp\u00e9rant \u00e9chapper au tumulte du monde. Malgr\u00e9 ce calme apparent, des r\u00eaves actifs hantent Louis, comme dans un songe, des \u00eatres apparaissent qui divaguent \u00e0 la tomb\u00e9e du jour. Ils sont comme des vampires qui entrent dans les r\u00eaves pour s\u2019alimenter. Mais existent-ils vraiment\u00a0? Le doute subsiste jusqu\u2019au moment o\u00f9 les cr\u00e9atures attaquent, et deviennent r\u00e9elles.\u00a0\u00bb<\/p>\n<p><img decoding=\"async\" src=\"https:\/\/www.europesays.com\/fr\/wp-content\/uploads\/2026\/01\/6977c9b04bf0211af80b3b40.1.jpeg\" width=\"480\" height=\"300\" class=\"web_golden_m\" loading=\"lazy\" alt=\"Sc\u00e8ne de tournage du film \u00ab\u00a0Tomb\u00e9 des r\u00eaves\u00a0\u00bb au centre-ville du\u00a0Guilvinec.\"\/>Sc\u00e8ne de tournage du film \u00ab\u00a0Tomb\u00e9 des r\u00eaves\u00a0\u00bb au centre-ville du\u00a0Guilvinec.<\/p>\n<blockquote><p>Par chance, la temp\u00eate apporte une ambiance naturelle suppl\u00e9mentaire, sauf peut-\u00eatre pour l\u2019\u00e9quipe technique face aux contraintes m\u00e9t\u00e9orologique<\/p><\/blockquote>\n<p>Une ambiance apocalyptique, mais pourquoi le Pays bigouden\u00a0?<\/p>\n<p>\u00ab\u00a0Le sc\u00e9nario devait se passer dans le Cantal, d\u2019o\u00f9 je suis originaire, mais comme j\u2019adore le Finist\u00e8re, la mer et en accord avec la production l\u2019environnement a chang\u00e9. Lors de mon rep\u00e9rage dans toute la Bretagne, je suis tomb\u00e9 sous le charme et l\u2019accueil du manoir de Men Meur. D\u00e9cor id\u00e9al, naturel, avec un parc authentique. Par chance, la temp\u00eate apporte une ambiance naturelle suppl\u00e9mentaire, sauf peut-\u00eatre pour l\u2019\u00e9quipe technique face aux contraintes m\u00e9t\u00e9orologique.\u00a0\u00bb<\/p>\n<p class=\"note\">* L\u2019acteur Alexis Menenti a notamment re\u00e7u le C\u00e9sar du meilleur acteur dans un second r\u00f4le en 2020 pour \u00ab\u00a0Les Mis\u00e9rables\u00a0\u00bb, tandis que Pascal Greggory a \u00e9t\u00e9 nomm\u00e9 plusieurs fois et a jou\u00e9 dans plusieurs dizaines de films et pi\u00e8ces de th\u00e9\u00e2tre depuis les ann\u00e9es 1970.<\/p>\n","protected":false},"excerpt":{"rendered":"Le r\u00e9alisateur Fr\u00e9d\u00e9ric-Jacques Ossang, dit \u00ab\u00a0F.J. Ossang\u00a0\u00bb, et son \u00e9quipe \u00e9tait en tournage samedi 24 janvier dans le&hellip;\n","protected":false},"author":2,"featured_media":692474,"comment_status":"","ping_status":"","sticky":false,"template":"","format":"standard","meta":{"footnotes":""},"categories":[1354],"tags":[829,650,251,872,58,765,59,1346,3321,1011,27,26333,2173,1360,3323],"class_list":{"0":"post-692473","1":"post","2":"type-post","3":"status-publish","4":"format-standard","5":"has-post-thumbnail","7":"category-films","8":"tag-bretagne","9":"tag-cinema","10":"tag-culture","11":"tag-culture-et-loisirs","12":"tag-divertissement","13":"tag-en-continu","14":"tag-entertainment","15":"tag-films","16":"tag-finistere","17":"tag-fr","18":"tag-france","19":"tag-guilvinec","20":"tag-interview","21":"tag-movies","22":"tag-pont-labbe"},"share_on_mastodon":{"url":"https:\/\/pubeurope.com\/@fr\/115966610813744708","error":""},"_links":{"self":[{"href":"https:\/\/www.europesays.com\/fr\/wp-json\/wp\/v2\/posts\/692473","targetHints":{"allow":["GET"]}}],"collection":[{"href":"https:\/\/www.europesays.com\/fr\/wp-json\/wp\/v2\/posts"}],"about":[{"href":"https:\/\/www.europesays.com\/fr\/wp-json\/wp\/v2\/types\/post"}],"author":[{"embeddable":true,"href":"https:\/\/www.europesays.com\/fr\/wp-json\/wp\/v2\/users\/2"}],"replies":[{"embeddable":true,"href":"https:\/\/www.europesays.com\/fr\/wp-json\/wp\/v2\/comments?post=692473"}],"version-history":[{"count":0,"href":"https:\/\/www.europesays.com\/fr\/wp-json\/wp\/v2\/posts\/692473\/revisions"}],"wp:featuredmedia":[{"embeddable":true,"href":"https:\/\/www.europesays.com\/fr\/wp-json\/wp\/v2\/media\/692474"}],"wp:attachment":[{"href":"https:\/\/www.europesays.com\/fr\/wp-json\/wp\/v2\/media?parent=692473"}],"wp:term":[{"taxonomy":"category","embeddable":true,"href":"https:\/\/www.europesays.com\/fr\/wp-json\/wp\/v2\/categories?post=692473"},{"taxonomy":"post_tag","embeddable":true,"href":"https:\/\/www.europesays.com\/fr\/wp-json\/wp\/v2\/tags?post=692473"}],"curies":[{"name":"wp","href":"https:\/\/api.w.org\/{rel}","templated":true}]}}