{"id":692475,"date":"2026-01-27T10:33:15","date_gmt":"2026-01-27T10:33:15","guid":{"rendered":"https:\/\/www.europesays.com\/fr\/692475\/"},"modified":"2026-01-27T10:33:15","modified_gmt":"2026-01-27T10:33:15","slug":"faut-il-sinquieter-du-virus-nipah-qui-a-refait-surface-en-inde","status":"publish","type":"post","link":"https:\/\/www.europesays.com\/fr\/692475\/","title":{"rendered":"faut-il s&rsquo;inqui\u00e9ter du virus Nipah qui a refait surface en Inde\u00a0?"},"content":{"rendered":"<p>                    Par<br \/>\n        <strong><br \/>\n            <a href=\"https:\/\/actu.fr\/auteur\/redaction-actu\" title=\"Consulter tous les articles de R\u00e9daction Actu\" target=\"_blank\" rel=\"noopener\">R\u00e9daction Actu<\/a><br \/>\n                    <\/strong><\/p>\n<p>        Publi\u00e9 le<\/p>\n<p>            26 janv. 2026 \u00e0 21h16        <\/p>\n<p>Depuis le d\u00e9but de l\u2019ann\u00e9e 2026, plusieurs cas d\u2019infections au <strong>virus Nipah<\/strong> <a href=\"https:\/\/www.gov.uk\/government\/publications\/outbreaks-under-monitoring-in-2026\/outbreaks-under-monitoring-week-3-week-ending-18-january-2026\" target=\"_blank\" rel=\"noopener\">ont \u00e9t\u00e9 signal\u00e9s en Inde chez des soignants<\/a>, sans que <strong>l\u2019origine exacte de leur contamination<\/strong> soit encore connue. On parle, pour ce virus, d\u2019une <strong>zoonose<\/strong>, c\u2019est-\u00e0-dire que ce sont des <a href=\"https:\/\/actu.fr\/tag\/animaux\" target=\"_blank\" rel=\"noopener\">animaux<\/a> qui le transmettent principalement \u00e0 l\u2019humain, dans un premier temps.<br \/>S\u2019il n\u2019est pas inconnu des <a href=\"https:\/\/actu.fr\/sciences-technologie\" target=\"_blank\" rel=\"noopener\">scientifiques<\/a>, qui ont observ\u00e9 \u00ab\u2009quelques flamb\u00e9es en Asie\u2009\u00bb \u00e0 partir de 1999, <a href=\"https:\/\/www.who.int\/fr\/news-room\/fact-sheets\/detail\/nipah-virus\" target=\"_blank\" rel=\"noopener\">selon l\u2019OMS<\/a>, le virus Nipah peut \u00eatre inqui\u00e9tant dans la mesure o\u00f9 \u00ab\u2009il s\u2019agit <strong>d\u2019un virus tr\u00e8s agressif, parmi les plus redoutables<\/strong> que l\u2019on connaisse\u2009\u00bb, comme le r\u00e9sume \u00e0 actu.fr Antoine Flahault, \u00e9pid\u00e9miologiste et professeur \u00e0 <a href=\"https:\/\/u-paris.fr\/\" target=\"_blank\" rel=\"noopener\">l\u2019universit\u00e9 Paris Cit\u00e9<\/a> \u2013 Inserm.<\/p>\n<p>Sympt\u00f4mes vari\u00e9s<\/p>\n<p class=\" wall-content\">Les personnes infect\u00e9es peuvent \u00eatre tout \u00e0 fait <strong>asymptomatiques<\/strong>. La maladie n\u2019en demeure pas moins dangereuse, puisqu\u2019elle peut entra\u00eener <strong>une infection respiratoire aigu\u00eb<\/strong> voire une <strong>enc\u00e9phalite mortelle<\/strong> (soit, une <a href=\"https:\/\/actu.fr\/normandie\/la-ferte-mace_61168\/sa-maladie-la-cloue-au-lit-depuis-2-ans-un-elan-de-solidarite-pour-cette-habitante-de-lorne_63664489.html\" target=\"_blank\" rel=\"noopener\">inflammation du cerveau).<\/a><\/p>\n<p class=\" wall-content\">Les sujets infect\u00e9s (et <strong>symptomatiques<\/strong>) sont d\u2019abord victimes de fi\u00e8vre, de c\u00e9phal\u00e9es, de myalgies (comprendre, des douleurs musculaires), de vomissements et de maux de gorge. Peuvent ensuite appara\u00eetre \u00ab\u2009des vertiges, de la somnolence, une alt\u00e9ration de l\u2019\u00e9tat de conscience et des signes neurologiques \u00e9vocateurs d\u2019une enc\u00e9phalite aigu\u00eb\u2009\u00bb, d\u00e9taille l\u2019OMS.<\/p>\n<blockquote class=\"ac-article-quote wall-content\">\n<p>Certains sujets peuvent aussi pr\u00e9senter une pneumonie atypique et des probl\u00e8mes respiratoires s\u00e9v\u00e8res, y compris une insuffisance respiratoire aigu\u00eb. Dans les cas graves, on observe une enc\u00e9phalite et des convulsions, qui \u00e9voluent vers le coma en 24 \u00e0 48 heures. La plupart des patients qui survivent \u00e0 l\u2019enc\u00e9phalite aigu\u00eb gu\u00e9rissent compl\u00e8tement, mais des affections neurologiques \u00e0 long terme ont \u00e9t\u00e9 signal\u00e9es parmi les survivants. Environ 20% des patients gardent des s\u00e9quelles neurologiques, comme des troubles convulsifs et des alt\u00e9rations de la personnalit\u00e9.\u00a0<\/p>\n<p>    <strong>Organisation mondiale de la sant\u00e9 (OMS)<\/strong>\n            <\/p><\/blockquote>\n<p class=\" wall-content\">La <strong>p\u00e9riode d\u2019incubation<\/strong>, qui correspond au temps \u00e9coul\u00e9 entre l\u2019infection et l\u2019apparition des sympt\u00f4mes, varie quant \u00e0 elle de quatre \u00e0 14\u00a0jours. \u00ab\u2009Cependant, des p\u00e9riodes d\u2019incubation plus longues, pouvant atteindre <strong>45\u00a0jours<\/strong>, ont aussi \u00e9t\u00e9 observ\u00e9es\u2009\u00bb, note encore l\u2019OMS.<\/p>\n<p>Jusqu\u2019\u00e0 75\u2009% de taux de l\u00e9talit\u00e9<\/p>\n<p class=\" wall-content\">Si le virus Nipah inqui\u00e8te tout particuli\u00e8rement les autorit\u00e9s <a href=\"https:\/\/actu.fr\/tag\/sante\" target=\"_blank\" rel=\"noopener\">sanitaires<\/a>, c\u2019est en raison du danger que repr\u00e9sente cette maladie. L\u2019OMS estime ainsi que <strong>le taux de l\u00e9talit\u00e9 se situe \u00ab\u2009entre 40 et 75\u2009%\u2009\u00bb.<\/strong><\/p>\n<p>Votre r\u00e9gion, votre actu !<\/p>\n<p>Recevez chaque jour les infos qui comptent pour vous.<\/p>\n<p>\t<a href=\"https:\/\/actu.fr\/newsletter\" class=\"ac-btn ac-btn--corner ac-btn--medium ac-btn--blue800\" target=\"_blank\" rel=\"noopener\">S&rsquo;incrire<\/a><\/p>\n<p class=\" wall-content\">Ceci \u00e9tant dit, \u00ab\u2009la mortalit\u00e9 tr\u00e8s \u00e9lev\u00e9e s\u2019explique en partie par <strong>la faiblesse des infrastructures sanitaires<\/strong> recevant les patients infect\u00e9s, le plus souvent dans des villages recul\u00e9s de Malaisie, <a href=\"https:\/\/actu.fr\/tag\/inde\" target=\"_blank\" rel=\"noopener\">d\u2019Inde<\/a> ou du Bangladesh\u2009\u00bb, nuance aupr\u00e8s d\u2019actu.fr Antoine Flahault. Ce qui ne veut pas non plus dire qu\u2019en France, le risque est nul\u2009: m\u00eame avec une prise en charge optimale, la <a href=\"https:\/\/actu.fr\/tag\/maladie\" target=\"_blank\" rel=\"noopener\">maladie<\/a> reste tr\u00e8s dangereuse.<\/p>\n<p class=\" wall-content\">M\u00eame sans la sous-estimer, il faut aussi garder en t\u00eate que <strong>cette maladie se transmet par s\u00e9cr\u00e9tions<\/strong>, bien plus difficilement qu\u2019avec <a href=\"https:\/\/actu.fr\/coronavirus\" target=\"_blank\" rel=\"noopener\">le Covid-19<\/a> par exemple. Au-del\u00e0 de \u00e7a, la comparaison avec le SARS-CoV-2 s\u2019arr\u00eate l\u00e0.<\/p>\n<p>\u00ab\u2009Il pourrait muter comme le Covid-19\u2009\u00bb<\/p>\n<p class=\" wall-content\">Le Pr Flahault se veut toutefois rassurant\u2009: \u00ab\u2009jusqu\u2019\u00e0 pr\u00e9sent, les \u00e9pid\u00e9mies dues au virus Nipah, d\u00e9couvert en 1999, sont rest\u00e9es <strong>tr\u00e8s limit\u00e9es<\/strong> tant en taille qu\u2019en nombre, essentiellement en Asie\u2009\u00bb. Et le taux de reproduction (R0) du virus \u00ab\u2009est toujours rest\u00e9 inf\u00e9rieur \u00e0 la valeur 1, c\u2019est-\u00e0-dire <strong>sans risque \u00e9pid\u00e9mique ni donc pand\u00e9mique\u2009\u00bb.<\/strong><\/p>\n<p class=\" wall-content\">Mais ne veut pas laisser de place au doute\u2009: \u00ab\u2009le virus Nipah est un virus \u00e0 ARN, c\u2019est-\u00e0-dire <strong>qu\u2019il pourrait muter<\/strong> comme le Covid-19 et \u00eatre la cause de plus importantes \u00e9pid\u00e9mies voire d\u2019une future pand\u00e9mie\u2009\u00bb. C\u2019est vraiment ce risque d\u2019\u00e9volution qui provoque des inqui\u00e9tudes dans la communaut\u00e9 scientifique.<\/p>\n<blockquote class=\"ac-article-quote wall-content\">\n<p>Nous devons garder en m\u00e9moire l\u2019\u00e9mergence du Covid-19, d\u00fb \u00e0 un virus tr\u00e8s transmissible quelques ann\u00e9es apr\u00e8s l\u2019\u00e9pisode du SRAS et du MERS, ces deux derni\u00e8res maladies dues aussi \u00e0 des coronavirus &#8211; moins ais\u00e9ment transmissibles &#8211; h\u00e9berg\u00e9s par des chauve-souris.<\/p>\n<p>    <strong>Antoine Flahault<\/strong><br \/>\n        \u00c9pid\u00e9miologiste et professeur \u00e0 l\u2019universit\u00e9 Paris Cit\u00e9 \u2013 Inserm    <\/p><\/blockquote>\n<p class=\" wall-content\">C\u2019est un sc\u00e9nario qu\u2019il est difficile de pr\u00e9dire \u00ab\u2009mais qui n\u2019a rien d\u2019impossible\u2009\u00bb, poursuit l\u2019\u00e9pid\u00e9miologiste, pour qui \u00ab\u2009l\u2019anticiper et mieux s\u2019y pr\u00e9parer aujourd\u2019hui sont les meilleures d\u00e9cisions que l\u2019on pourrait prendre \u00e0 son sujet\u2009\u00bb.<\/p>\n<p>Pas de vaccin pour le moment<\/p>\n<p class=\" wall-content\">Notons au passage que, pour le moment, <strong>aucun vaccin efficace n\u2019existe<\/strong>. \u00ab\u2009L\u2019un des candidats semble prometteur\u2009\u00bb, commente Antoine Flahault.<\/p>\n<blockquote class=\"ac-article-quote wall-content\">\n<p>Le Serum Institute of India (le plus gros producteur mondial de vaccins) pourrait assez rapidement constituer des stocks de vaccins si les essais s\u2019av\u00e9raient concluants et qu\u2019un vaccin contre le virus Nipah pouvait \u00eatre homologu\u00e9 prochainement.<\/p>\n<p>    <strong>Antoine Flahault<\/strong><br \/>\n        \u00c9pid\u00e9miologiste et professeur \u00e0 l\u2019universit\u00e9 Paris Cit\u00e9 \u2013 Inserm    <\/p><\/blockquote>\n<p class=\" wall-content\">En <a href=\"https:\/\/www.who.int\/fr\/emergencies\/disease-outbreak-news\/item\/2024-DON508?utm\" target=\"_blank\" rel=\"noopener\">f\u00e9vrier\u00a02024, l\u2019OMS<\/a> estimait <strong>le risque au niveau <a href=\"https:\/\/actu.fr\/monde\" target=\"_blank\" rel=\"noopener\">mondial<\/a> \u00ab\u2009faible\u2009\u00bb<\/strong>, en raison de l\u2019absence de cas confirm\u00e9s en dehors du Bangladesh, de l\u2019Inde, de la Malaisie et de Singapour. \u00ab\u00a0Les flamb\u00e9es d\u2019infection \u00e0 virus Nipah sont saisonni\u00e8res au Bangladesh, des cas survenant g\u00e9n\u00e9ralement chaque ann\u00e9e entre d\u00e9cembre et avril, pendant la p\u00e9riode o\u00f9 la s\u00e8ve de palmier dattier est r\u00e9colt\u00e9e et consomm\u00e9e\u00a0\u00bb, ajoute-t-on sur le site internet.\u00a0<\/p>\n<p class=\" wall-content\">S\u2019il n\u2019y a pas lieu de s\u2019inqui\u00e9ter du virus, comme l\u2019explique l\u2019\u00e9pid\u00e9miologiste, il faut tout de m\u00eame rester vigilants et \u00ab\u2009anticiper ce risque\u2009\u00bb.<\/p>\n<p class=\" wall-content\">Personnalisez votre actualit\u00e9 en ajoutant vos villes et m\u00e9dias en favori avec <a href=\"https:\/\/moncompte.actu.fr\" title=\"D\u00e9couvez Mon Actu\" rel=\"nofollow noopener\" data-trk=\"{&quot;cta&quot;:{&quot;action&quot;:&quot;https:\\\/\\\/moncompte.actu.fr&quot;,&quot;category&quot;:&quot;mon compte&quot;,&quot;from&quot;:&quot;article footer&quot;,&quot;name&quot;:&quot;Mon actu&quot;,&quot;type&quot;:&quot;cta&quot;}}\" target=\"_blank\">Mon Actu<\/a>.<\/p>\n","protected":false},"excerpt":{"rendered":"Par R\u00e9daction Actu Publi\u00e9 le 26 janv. 2026 \u00e0 21h16 Depuis le d\u00e9but de l\u2019ann\u00e9e 2026, plusieurs cas&hellip;\n","protected":false},"author":2,"featured_media":692476,"comment_status":"","ping_status":"","sticky":false,"template":"","format":"standard","meta":{"footnotes":""},"categories":[10],"tags":[1011,27,72,5595,226,71,104],"class_list":{"0":"post-692475","1":"post","2":"type-post","3":"status-publish","4":"format-standard","5":"has-post-thumbnail","7":"category-sante","8":"tag-fr","9":"tag-france","10":"tag-health","11":"tag-inde","12":"tag-maladie","13":"tag-sante","14":"tag-societe"},"share_on_mastodon":{"url":"https:\/\/pubeurope.com\/@fr\/115966614176137909","error":""},"_links":{"self":[{"href":"https:\/\/www.europesays.com\/fr\/wp-json\/wp\/v2\/posts\/692475","targetHints":{"allow":["GET"]}}],"collection":[{"href":"https:\/\/www.europesays.com\/fr\/wp-json\/wp\/v2\/posts"}],"about":[{"href":"https:\/\/www.europesays.com\/fr\/wp-json\/wp\/v2\/types\/post"}],"author":[{"embeddable":true,"href":"https:\/\/www.europesays.com\/fr\/wp-json\/wp\/v2\/users\/2"}],"replies":[{"embeddable":true,"href":"https:\/\/www.europesays.com\/fr\/wp-json\/wp\/v2\/comments?post=692475"}],"version-history":[{"count":0,"href":"https:\/\/www.europesays.com\/fr\/wp-json\/wp\/v2\/posts\/692475\/revisions"}],"wp:featuredmedia":[{"embeddable":true,"href":"https:\/\/www.europesays.com\/fr\/wp-json\/wp\/v2\/media\/692476"}],"wp:attachment":[{"href":"https:\/\/www.europesays.com\/fr\/wp-json\/wp\/v2\/media?parent=692475"}],"wp:term":[{"taxonomy":"category","embeddable":true,"href":"https:\/\/www.europesays.com\/fr\/wp-json\/wp\/v2\/categories?post=692475"},{"taxonomy":"post_tag","embeddable":true,"href":"https:\/\/www.europesays.com\/fr\/wp-json\/wp\/v2\/tags?post=692475"}],"curies":[{"name":"wp","href":"https:\/\/api.w.org\/{rel}","templated":true}]}}