{"id":692509,"date":"2026-01-27T10:50:11","date_gmt":"2026-01-27T10:50:11","guid":{"rendered":"https:\/\/www.europesays.com\/fr\/692509\/"},"modified":"2026-01-27T10:50:11","modified_gmt":"2026-01-27T10:50:11","slug":"le-vc-rouen-et-vendee-u-en-petit-nombre-toutes-les-equipes-bretonnes-decouvrez-les-equipes-au-depart-de-manche-atlantique-2026","status":"publish","type":"post","link":"https:\/\/www.europesays.com\/fr\/692509\/","title":{"rendered":"Le VC Rouen et Vend\u00e9e U en petit nombre, toutes les \u00e9quipes bretonnes\u2026 D\u00e9couvrez les \u00e9quipes au d\u00e9part de Manche-Atlantique 2026"},"content":{"rendered":"<p>Manche-Atlantique, dimanche 8 mars<\/p>\n<p>Il y aura un coup \u00e0 jouer sur Manche-Atlantique cette ann\u00e9e. La classique bretonne aura encore un gros plateau mais souffre de la concurrence avec la Vienne Classic, premi\u00e8re manche de la Coupe de France N1, et \u00e9galement du Grand Prix de Lillers, classe 2 \u00e0 laquelle peuvent participer les Conti F\u00e9d\u00e9rales.<\/p>\n<p>\u00ab Vend\u00e9e U, le VC Rouen et Bourg-en-Bresse Ain Cyclisme seront pr\u00e9sents mais pas avec une armada de 10 ou 12 coureurs comme il y a pu avoir \u00bb, d\u00e9crit Brendan Gicquello, secr\u00e9taire g\u00e9n\u00e9ral de l\u2019\u00e9preuve. Trois ou quatre coureurs de ces \u00e9quipes devraient \u00eatre pr\u00e9sents au d\u00e9part \u00e0 Jugon-les-Lacs.<\/p>\n<p>Plusieurs N1 au d\u00e9part<\/p>\n<p>Mais le plateau sera garni d\u2019\u00e9quipes N1 comme le VCP Loud\u00e9ac, Mayenne-Monbana-Rapido ou le Team Bricquebec Cotentin. Les N2 et N3 seront aussi au d\u00e9part, Team La Cr\u00eape de Broc\u00e9liande, UC Cholet et Morlaix Cyclisme Performance en t\u00eates.<\/p>\n<p>Si le vainqueur sortant Florentin Lecamus-Lambert (VC Rouen) ne devrait pas \u00eatre au d\u00e9part, son ancien co\u00e9quipier Matt\u00e9o Viardot (Team Bricquebec Cotentin), quatri\u00e8me en 2025, sera au d\u00e9part.<\/p>\n<p>Parmi les noms, on peut \u00e9galement citer les anciens professionnels <a href=\"https:\/\/www.letelegramme.fr\/sports\/cyclisme\/je-nai-pas-envie-darreter-le-velo-jaime-trop-ca-pas-conserve-par-cofidis-nolann-mahoudo-recherche-un-challenge-6890851.php\" target=\"_blank\" rel=\"noopener\">Nolann Mahoudo (VCP Loud\u00e9ac)<\/a>, <a href=\"https:\/\/www.letelegramme.fr\/sports\/cyclisme\/sept-ans-et-sept-podiums-chez-les-pros-victoires-sur-les-classiques-bretonnes-une-belle-recrue-pour-le-team-la-crepe-de-broceliande-6916029.php\" target=\"_blank\" rel=\"noopener\">Emmanuel Morin (Team La Cr\u00eape de Broc\u00e9liande)<\/a> et <a href=\"https:\/\/www.letelegramme.fr\/sports\/cyclisme\/la-premiere-vertebre-cassee-apres-une-longue-blessure-paul-thierry-va-se-relancer-dans-les-rangs-amateurs-en-2026-6918129.php\" target=\"_blank\" rel=\"noopener\">Paul Thierry (Mayenne-Monbana-Rapido)<\/a>, le Breton Ludovic Morice (VCP Loud\u00e9ac) ou encore <a href=\"https:\/\/www.letelegramme.fr\/sports\/cyclisme\/plusieurs-des-vainqueurs-de-cette-course-ont-ete-champions-de-france-par-la-suite-hugo-millet-remporte-la-sport-breizh-et-se-prend-a-rever-6840528.php\" target=\"_blank\" rel=\"noopener\">Hugo Millet (Mayenne-Monbana-Rapido), vainqueur de La SportBreizh Elites<\/a> et de la Ronde du Porho\u00ebt en 2025.<\/p>\n<p class=\"titre-tech\">Les \u00e9quipes au d\u00e9part de Manche-Atlantique<\/p>\n<p class=\"tech\"><strong class=\"tech\">Conti F\u00e9d\u00e9rales<\/strong> : Vend\u00e9e U, le VC Rouen, Bourg-en-Bresse Ain Cyclisme.<\/p>\n<p class=\"tech\"><strong class=\"tech\">N1<\/strong> : Mayenne-Monbana-Rapido, Leclerc Ruffec Top 16, Moyon Percy VC, Team Bricquebec Cotentin, VCP Loud\u00e9ac.<\/p>\n<p class=\"tech\"><strong class=\"tech\">N2<\/strong> : Team La Cr\u00eape de Broc\u00e9liande, UC Cholet, US Saint-Herblain, SportBreizh Axel Armor-Lux, La Roche-sur-Yon Vend\u00e9e Cyclisme.<\/p>\n<p class=\"tech\"><strong class=\"tech\">N3<\/strong> : Morlaix Cyclisme Performance, VC Avranches, Sabl\u00e9 Sarthe Cyclisme.<\/p>\n<p class=\"tech\">Open : OC Locmin\u00e9, VCP Lorient, US Pontch\u00e2telaine.<\/p>\n","protected":false},"excerpt":{"rendered":"Manche-Atlantique, dimanche 8 mars Il y aura un coup \u00e0 jouer sur Manche-Atlantique cette ann\u00e9e. La classique bretonne&hellip;\n","protected":false},"author":2,"featured_media":692510,"comment_status":"","ping_status":"","sticky":false,"template":"","format":"standard","meta":{"footnotes":""},"categories":[9587],"tags":[1111,11,207,6159,3166,1777,674,1011,27,78855,12,5161,18762,25,9590,60],"class_list":{"0":"post-692509","1":"post","2":"type-post","3":"status-publish","4":"format-standard","5":"has-post-thumbnail","7":"category-rouen","8":"tag-actu","9":"tag-actualites","10":"tag-cyclisme","11":"tag-cyclisme-amateurs","12":"tag-en-continu-sports","13":"tag-eu","14":"tag-europe","15":"tag-fr","16":"tag-france","17":"tag-jugon-les-lacs","18":"tag-news","19":"tag-normandie","20":"tag-plumelec","21":"tag-republique-francaise","22":"tag-rouen","23":"tag-sports"},"share_on_mastodon":{"url":"https:\/\/pubeurope.com\/@fr\/115966681178181476","error":""},"_links":{"self":[{"href":"https:\/\/www.europesays.com\/fr\/wp-json\/wp\/v2\/posts\/692509","targetHints":{"allow":["GET"]}}],"collection":[{"href":"https:\/\/www.europesays.com\/fr\/wp-json\/wp\/v2\/posts"}],"about":[{"href":"https:\/\/www.europesays.com\/fr\/wp-json\/wp\/v2\/types\/post"}],"author":[{"embeddable":true,"href":"https:\/\/www.europesays.com\/fr\/wp-json\/wp\/v2\/users\/2"}],"replies":[{"embeddable":true,"href":"https:\/\/www.europesays.com\/fr\/wp-json\/wp\/v2\/comments?post=692509"}],"version-history":[{"count":0,"href":"https:\/\/www.europesays.com\/fr\/wp-json\/wp\/v2\/posts\/692509\/revisions"}],"wp:featuredmedia":[{"embeddable":true,"href":"https:\/\/www.europesays.com\/fr\/wp-json\/wp\/v2\/media\/692510"}],"wp:attachment":[{"href":"https:\/\/www.europesays.com\/fr\/wp-json\/wp\/v2\/media?parent=692509"}],"wp:term":[{"taxonomy":"category","embeddable":true,"href":"https:\/\/www.europesays.com\/fr\/wp-json\/wp\/v2\/categories?post=692509"},{"taxonomy":"post_tag","embeddable":true,"href":"https:\/\/www.europesays.com\/fr\/wp-json\/wp\/v2\/tags?post=692509"}],"curies":[{"name":"wp","href":"https:\/\/api.w.org\/{rel}","templated":true}]}}