{"id":692513,"date":"2026-01-27T10:52:10","date_gmt":"2026-01-27T10:52:10","guid":{"rendered":"https:\/\/www.europesays.com\/fr\/692513\/"},"modified":"2026-01-27T10:52:10","modified_gmt":"2026-01-27T10:52:10","slug":"on-en-sait-plus-sur-le-futur-de-ces-magasins","status":"publish","type":"post","link":"https:\/\/www.europesays.com\/fr\/692513\/","title":{"rendered":"on en sait plus sur le futur de ces magasins"},"content":{"rendered":"<p>                    Par<br \/>\n        <strong><br \/>\n            <a href=\"https:\/\/actu.fr\/auteur\/lisa-rodrigues\" title=\"Consulter tous les articles de Lisa Rodrigues\" target=\"_blank\" rel=\"noopener\">Lisa Rodrigues<\/a><br \/>\n                    <\/strong><\/p>\n<p>        Publi\u00e9 le<\/p>\n<p>            27 janv. 2026 \u00e0 11h35        <\/p>\n<p>On en sait un peu plus sur <strong>l\u2019avenir des magasins Auchan<\/strong>. En novembre dernier, le groupe a annonc\u00e9 le passage de <a href=\"https:\/\/actu.fr\/economie\/bientot-la-fin-d-auchan-en-france-ses-300-magasins-changent-d-enseigne-voici-ce-qu-ils-deviendront_63484437.html\" target=\"_blank\" rel=\"noopener\">l\u2019ensemble de ses supermarch\u00e9s<\/a> sous banni\u00e8re du groupement Les Mousquetaires, pour devenir des Netto ou des Intermarch\u00e9.<br \/>Mardi 27 janvier, un nouveau communiqu\u00e9 vient pr\u00e9ciser ce plan. Avec une bonne nouvelle : quelques magasins devraient \u00e9chapper \u00e0 ce chamboulement. Les autres vont \u00eatre franchis\u00e9s ou c\u00e9d\u00e9s aux Mousquetaires. En Is\u00e8re, <a href=\"https:\/\/actu.fr\/auvergne-rhone-alpes\/grenoble_38185\/grenoble-les-supermarches-auchan-changent-d-enseigne-les-magasins-concernes-en-isere_63484910.html\" target=\"_blank\" rel=\"noopener\">huit supermarch\u00e9s Auchan<\/a> sont sur la sellette.<\/p>\n<p>Les supermarch\u00e9s de Grenoble franchis\u00e9s<\/p>\n<p class=\" wall-content\">Commen\u00e7ons d\u00e9j\u00e0 par les futurs franchis\u00e9s. Si l\u2019ensemble des 300 supermarch\u00e9s Auchan en France devait suivre ce chemin, <strong>164 vont finalement rester dans le groupe<\/strong>, sous banni\u00e8re Intermarch\u00e9 ou Netto. Ils rejoindront \u00ab\u00a0une nouvelle entit\u00e9 juridique autonome d\u00e9tenue par Auchan Retail France\u00a0\u00bb, pr\u00e9cise le communiqu\u00e9.\u00a0<\/p>\n<p class=\" wall-content\">D\u2019apr\u00e8s les informations d\u2019actu Grenoble, voici les magasins en <a href=\"https:\/\/actu.fr\/auvergne-rhone-alpes\/isere_38\" target=\"_blank\" rel=\"noopener\">Is\u00e8re<\/a> qui vont \u00eatre franchis\u00e9s sous marque Netto ou Intermarch\u00e9 :<\/p>\n<ul class=\" wall-content\">\n<li>Crolles<\/li>\n<li>Grenoble Stalingrad<\/li>\n<li>Grenoble Foch<\/li>\n<li>Grenoble Vigny-Musset<\/li>\n<\/ul>\n<p class=\" wall-content\">D\u2019apr\u00e8s le groupe Auchan, cette \u00ab\u00a0int\u00e9gration progressive\u00a0\u00bb de la nouvelle entit\u00e9 \u00ab\u00a0sera finalis\u00e9e <strong>\u00e0 l\u2019horizon avril 2027<\/strong>\u00ab\u00a0, et non fin 2026 comme annonc\u00e9 en novembre dernier.<\/p>\n<p>Quatre autres magasins c\u00e9d\u00e9s<\/p>\n<p class=\" wall-content\">Au final, 11 supermarch\u00e9s Auchan vont finalement rester dans le groupe \u00ab\u00a0sous d\u2019autres formats\u00a0\u00bb. Tous sont en r\u00e9gion parisienne, en Gironde, en Indre-et-Loire ou dans les <a href=\"https:\/\/actu.fr\/provence-alpes-cote-d-azur\/marseille_13055\/marseille-et-bouches-du-rhone-votre-supermarche-auchan-va-t-il-devenir-un-intermarche-ou-netto_63489148.html\" target=\"_blank\" rel=\"noopener\">Bouches-du-Rh\u00f4ne<\/a>.\u00a0<\/p>\n<p class=\" wall-content\">En revanche, <strong>91 magasins vont \u00eatre vendus<\/strong> au groupement Les Mousquetaires, qui doit se positionner sur le sujet \u00ab\u00a0courant avril\u00a0\u00bb, indique le groupe Auchan. Quatre magasins en Is\u00e8re sont concern\u00e9s par cette cession :<\/p>\n<p>Votre r\u00e9gion, votre actu !<\/p>\n<p>Recevez chaque jour les infos qui comptent pour vous.<\/p>\n<p>\t<a href=\"https:\/\/actu.fr\/newsletter\" class=\"ac-btn ac-btn--corner ac-btn--medium ac-btn--blue800\" target=\"_blank\" rel=\"noopener\">S&rsquo;incrire<\/a><\/p>\n<ul class=\" wall-content\">\n<li>Le Versoud<\/li>\n<li>Saint-Jean-de-Bournay<\/li>\n<li>Villefontaine<\/li>\n<li>V\u00e9zeronce-Curtin<\/li>\n<\/ul>\n<p class=\" wall-content\">Cette vaste r\u00e9organisation reste toutefois soumise \u00ab\u00a0\u00e0 la consultation des instances repr\u00e9sentatives du personnel et \u00e0 l\u2019autorisation pr\u00e9alable de l\u2019Autorit\u00e9 de la concurrence\u00a0\u00bb, pr\u00e9cise Auchan.<\/p>\n<p class=\" wall-content\">Personnalisez votre actualit\u00e9 en ajoutant vos villes et m\u00e9dias en favori avec <a href=\"https:\/\/moncompte.actu.fr\" title=\"D\u00e9couvez Mon Actu\" rel=\"nofollow noopener\" data-trk=\"{&quot;cta&quot;:{&quot;action&quot;:&quot;https:\\\/\\\/moncompte.actu.fr&quot;,&quot;category&quot;:&quot;mon compte&quot;,&quot;from&quot;:&quot;article footer&quot;,&quot;name&quot;:&quot;Mon actu&quot;,&quot;type&quot;:&quot;cta&quot;}}\" target=\"_blank\">Mon Actu<\/a>.<\/p>\n","protected":false},"excerpt":{"rendered":"Par Lisa Rodrigues Publi\u00e9 le 27 janv. 2026 \u00e0 11h35 On en sait un peu plus sur l\u2019avenir&hellip;\n","protected":false},"author":2,"featured_media":692514,"comment_status":"","ping_status":"","sticky":false,"template":"","format":"standard","meta":{"footnotes":""},"categories":[9566],"tags":[1111,11,14474,2430,215,33,1777,674,1011,27,2731,12,25],"class_list":{"0":"post-692513","1":"post","2":"type-post","3":"status-publish","4":"format-standard","5":"has-post-thumbnail","7":"category-grenoble","8":"tag-actu","9":"tag-actualites","10":"tag-auchan","11":"tag-auvergne-rhone-alpes","12":"tag-commerce","13":"tag-economie","14":"tag-eu","15":"tag-europe","16":"tag-fr","17":"tag-france","18":"tag-grenoble","19":"tag-news","20":"tag-republique-francaise"},"share_on_mastodon":{"url":"https:\/\/pubeurope.com\/@fr\/115966688921387994","error":""},"_links":{"self":[{"href":"https:\/\/www.europesays.com\/fr\/wp-json\/wp\/v2\/posts\/692513","targetHints":{"allow":["GET"]}}],"collection":[{"href":"https:\/\/www.europesays.com\/fr\/wp-json\/wp\/v2\/posts"}],"about":[{"href":"https:\/\/www.europesays.com\/fr\/wp-json\/wp\/v2\/types\/post"}],"author":[{"embeddable":true,"href":"https:\/\/www.europesays.com\/fr\/wp-json\/wp\/v2\/users\/2"}],"replies":[{"embeddable":true,"href":"https:\/\/www.europesays.com\/fr\/wp-json\/wp\/v2\/comments?post=692513"}],"version-history":[{"count":0,"href":"https:\/\/www.europesays.com\/fr\/wp-json\/wp\/v2\/posts\/692513\/revisions"}],"wp:featuredmedia":[{"embeddable":true,"href":"https:\/\/www.europesays.com\/fr\/wp-json\/wp\/v2\/media\/692514"}],"wp:attachment":[{"href":"https:\/\/www.europesays.com\/fr\/wp-json\/wp\/v2\/media?parent=692513"}],"wp:term":[{"taxonomy":"category","embeddable":true,"href":"https:\/\/www.europesays.com\/fr\/wp-json\/wp\/v2\/categories?post=692513"},{"taxonomy":"post_tag","embeddable":true,"href":"https:\/\/www.europesays.com\/fr\/wp-json\/wp\/v2\/tags?post=692513"}],"curies":[{"name":"wp","href":"https:\/\/api.w.org\/{rel}","templated":true}]}}