{"id":692515,"date":"2026-01-27T10:53:09","date_gmt":"2026-01-27T10:53:09","guid":{"rendered":"https:\/\/www.europesays.com\/fr\/692515\/"},"modified":"2026-01-27T10:53:09","modified_gmt":"2026-01-27T10:53:09","slug":"le-pere-est-il-coupable-de-la-mort-de-son-fils","status":"publish","type":"post","link":"https:\/\/www.europesays.com\/fr\/692515\/","title":{"rendered":"le p\u00e8re est-il coupable de la mort de son fils\u00a0?"},"content":{"rendered":"<p>                    Par<br \/>\n        <strong><br \/>\n            <a href=\"https:\/\/actu.fr\/auteur\/redaction-rennes\" title=\"Consulter tous les articles de R\u00e9daction Rennes\" target=\"_blank\" rel=\"noopener\">R\u00e9daction Rennes<\/a><br \/>\n                    <\/strong><\/p>\n<p>        Publi\u00e9 le<\/p>\n<p>            27 janv. 2026 \u00e0 10h43        <\/p>\n<p>Il avait \u00e9t\u00e9 mis en examen pour <strong>\u00ab\u2009homicide involontaire aggrav\u00e9\u2009\u00bb <\/strong>sur son propre fils. J\u00e9r\u00e9my, p\u00e8re <a href=\"https:\/\/actu.fr\/bretagne\/acigne_35001\/accident-pres-de-rennes-enfant-de-4-ans-mort-chauffeur-mis-en-examen-ce-que-l-on-sait_60917044.html\" target=\"_blank\" rel=\"noopener\">du petit Sacha, tu\u00e9 dans un accident de la route \u00e0 Acign\u00e9<\/a>, pr\u00e8s de Rennes, en avril\u00a02024, <a href=\"https:\/\/actu.fr\/bretagne\/acigne_35001\/sacha-4-ans-tue-par-un-chauffard-ivre-pres-de-rennes-son-pere-refuse-lui-aussi-d-etre-coupable_63497755.html\" target=\"_blank\" rel=\"noopener\">refusait d\u2019\u00eatre lui aussi coupable de la mort de son enfant<\/a>. En avril\u00a02024, un <strong>chauffard ivre et sous stup\u00e9fiants<\/strong> avait en effet violemment percut\u00e9 leur voiture. Mais la Justice avait estim\u00e9 que J\u00e9r\u00e9my avait effectu\u00e9 un \u00ab\u2009refus de priorit\u00e9\u2009\u00bb sur la route. Mardi 6\u00a0janvier 2026, la cour d\u2019appel de Rennes s\u2019est pench\u00e9e sur la demande de relaxe du p\u00e8re de famille.<\/p>\n<p>2\u00a0g d\u2019alcool par litre de sang<\/p>\n<p class=\" wall-content\">Pour rappel, le 5\u00a0avril 2024, J\u00e9r\u00e9my, le papa, son fils Sacha ainsi que la \u00ab\u2009mamie de c\u0153ur\u2009\u00bb de l\u2019enfant, rentraient du restaurant apr\u00e8s avoir assist\u00e9 ensemble \u00e0 son spectacle d\u2019\u00e9cole. Le v\u00e9hicule <strong>d\u2019Anthony<\/strong> \u2013 qui avait <strong>2\u00a0g d\u2019alcool par litre de sang<\/strong> \u2013 les avait alors <strong>violemment percut\u00e9s<\/strong> alors que le p\u00e8re de famille entreprenait de \u00ab\u2009tourner \u00e0 gauche\u2009\u00bb pour se rendre en direction de la zone industrielle d\u2019Acign\u00e9.<\/p>\n<p class=\" wall-content\">Le p\u00e8re de l\u2019enfant a toujours soutenu \u00ab\u2009ne pas avoir vu de phares\u2009\u00bb arriver\u2009: il n\u2019aurait pris <strong>\u00ab\u2009aucun risque\u2009\u00bb<\/strong> s\u2019il les avait vus compte tenu de la \u00ab\u2009pr\u00e9sence\u2009\u00bb de son fils dans la voiture.<\/p>\n<p class=\" wall-content\">Une information judiciaire avait \u00e9t\u00e9 ouverte dans cette affaire et le chauffard avait imm\u00e9diatement \u00e9t\u00e9 mis en examen pour \u00ab\u2009homicide involontaire aggrav\u00e9\u2009\u00bb.<\/p>\n<p>Un \u00ab\u2009refus de priorit\u00e9\u2009\u00bb point\u00e9 par le rapport d\u2019accidentologie<\/p>\n<p class=\" wall-content\">Mais, en f\u00e9vrier\u00a02025,<strong> coup de th\u00e9\u00e2tre<\/strong>\u2009: J\u00e9r\u00e9my, jusqu\u2019alors constitu\u00e9 partie civile pour faire valoir son statut de victime, avait \u00e0 son tour \u00e9t\u00e9 <strong>mis en examen pour \u00ab\u2009homicide involontaire\u2009\u00bb\u2009!<\/strong><\/p>\n<p class=\" wall-content\">Le rapport d\u2019accidentologie avait en fait conclu \u00e0 <strong>un \u00ab\u2009refus de priorit\u00e9\u2009\u00bb<\/strong> du p\u00e8re de Sacha. Mais il avait affirm\u00e9 que le choc ne se serait pas produit si le chauffard avait circul\u00e9 <strong>\u00ab\u2009\u00e0 70\u00a0km\/h\u2009\u00bb et non pas \u00e0 110\u00a0km\/h\u2026<\/strong> et ce, \u00ab\u2009sans compter les effets de la drogue et de l\u2019alcool\u2009\u00bb qui coulaient dans le sang d\u2019Anthony. Les tests faits sur le p\u00e8re de l\u2019enfant s\u2019\u00e9taient eux av\u00e9r\u00e9s n\u00e9gatifs.<\/p>\n<p>Votre r\u00e9gion, votre actu !<\/p>\n<p>Recevez chaque jour les infos qui comptent pour vous.<\/p>\n<p>\t<a href=\"https:\/\/actu.fr\/newsletter\" class=\"ac-btn ac-btn--corner ac-btn--medium ac-btn--blue800\" target=\"_blank\" rel=\"noopener\">S&rsquo;incrire<\/a><br \/>\nUne relaxe demand\u00e9e \u00e0 la Justice<\/p>\n<p class=\" wall-content\">Sur la base de ce rapport d\u2019expertise, le 4\u00a0avril 2025, le juge d\u2019instruction avait donc d\u00e9cid\u00e9 de renvoyer<strong> les deux hommes sur le m\u00eame banc des pr\u00e9venus.<\/strong><\/p>\n<p class=\" wall-content\">Si le chauffard avait \u00e9t\u00e9 condamn\u00e9 \u00e0 <strong>sept ans de prison<\/strong>, le p\u00e8re de l\u2019enfant avait lui aussi \u00e9t\u00e9 reconnu coupable d\u2019un \u00ab\u2009homicide involontaire\u2009\u00bb sur son propre fils, en d\u00e9pit de r\u00e9quisitions de \u00ab\u2009relaxe\u2009\u00bb du parquet\u2026 Le tribunal l\u2019avait juste <strong>\u00ab\u2009dispens\u00e9 de peine\u2009\u00bb<\/strong> et avait \u00ab\u2009exclu cette condamnation du bulletin n\u00b02 de son casier judiciaire\u2009\u00bb, alors qu\u2019il <strong>sollicitait sa relaxe pure et simple.<\/strong><\/p>\n<p class=\" wall-content\">La famille du petit Sacha n\u2019avait alors pas <strong>eu le sentiment d\u2019\u00eatre \u00ab\u2009entendue\u2009\u00bb,<\/strong> selon son avocat Me Henry Ermeneux. Les deux hommes avaient fait <strong>appel<\/strong> de cette d\u00e9cision, mais le chauffard Anthony s\u2019est finalement d\u00e9sist\u00e9 entre-temps.<\/p>\n<p>\u00ab\u2009Sacha n\u2019aurait pas pu esp\u00e9rer meilleur papa que vous\u2009\u00bb<\/p>\n<p class=\" wall-content\">J\u00e9r\u00e9my, lui, en avait fait <strong>\u00ab\u2009une question de principe\u2009\u00bb<\/strong>\u2009: le 25\u00a0novembre 2025, il \u00e9tait venu devant la cour d\u2019appel de Rennes \u00ab\u2009pour que la Justice lui dise qu\u2019il n\u2019est en rien responsable de la mort de son fils\u2009\u00bb, avait plaid\u00e9 Me Pauline Kerloegan, son avocate, qui a tiss\u00e9 depuis cette affaire \u00ab\u2009un lien inexplicable\u2009\u00bb avec ce client. \u00ab\u2009Sacha n\u2019aurait pas pu esp\u00e9rer meilleur papa que vous\u2009\u00bb, lui avait-elle d\u2019ailleurs lanc\u00e9, <strong>tr\u00e8s \u00e9mue,<\/strong> \u00e0 la fin de sa plaidoirie.<\/p>\n<p class=\" wall-content\">L\u2019avocat g\u00e9n\u00e9ral \u00e9tait d\u2019ailleurs all\u00e9 dans son sens, comprenant qu\u2019il s\u2019agissait d\u2019une \u00ab\u2009question de principe\u2009\u00bb\u2009: il avait <strong>sollicit\u00e9 la relaxe<\/strong> de celui qui devait d\u00e9sormais \u00ab\u2009s\u2019entendre dire qu\u2019il n\u2019a pas tu\u00e9 son enfant\u2009\u00bb.<\/p>\n<p class=\" wall-content\">La <strong>cour d\u2019appel<\/strong> de Rennes <strong>s\u2019est rang\u00e9e \u00e0 leurs avis.<\/strong><\/p>\n<p class=\" wall-content\"><strong>CB et GF (PressPepper)<\/strong><\/p>\n<p class=\" wall-content\">Personnalisez votre actualit\u00e9 en ajoutant vos villes et m\u00e9dias en favori avec <a href=\"https:\/\/moncompte.actu.fr\" title=\"D\u00e9couvez Mon Actu\" rel=\"nofollow noopener\" data-trk=\"{&quot;cta&quot;:{&quot;action&quot;:&quot;https:\\\/\\\/moncompte.actu.fr&quot;,&quot;category&quot;:&quot;mon compte&quot;,&quot;from&quot;:&quot;article footer&quot;,&quot;name&quot;:&quot;Mon actu&quot;,&quot;type&quot;:&quot;cta&quot;}}\" target=\"_blank\">Mon Actu<\/a>.<\/p>\n","protected":false},"excerpt":{"rendered":"Par R\u00e9daction Rennes Publi\u00e9 le 27 janv. 2026 \u00e0 10h43 Il avait \u00e9t\u00e9 mis en examen pour \u00ab\u2009homicide&hellip;\n","protected":false},"author":2,"featured_media":692516,"comment_status":"","ping_status":"","sticky":false,"template":"","format":"standard","meta":{"footnotes":""},"categories":[2821],"tags":[1111,11,5702,829,1052,1777,674,118,1011,27,303,12,584,25],"class_list":{"0":"post-692515","1":"post","2":"type-post","3":"status-publish","4":"format-standard","5":"has-post-thumbnail","7":"category-rennes","8":"tag-actu","9":"tag-actualites","10":"tag-alcool","11":"tag-bretagne","12":"tag-drogue","13":"tag-eu","14":"tag-europe","15":"tag-faits-divers","16":"tag-fr","17":"tag-france","18":"tag-justice","19":"tag-news","20":"tag-rennes","21":"tag-republique-francaise"},"share_on_mastodon":{"url":"https:\/\/pubeurope.com\/@fr\/115966692823482527","error":""},"_links":{"self":[{"href":"https:\/\/www.europesays.com\/fr\/wp-json\/wp\/v2\/posts\/692515","targetHints":{"allow":["GET"]}}],"collection":[{"href":"https:\/\/www.europesays.com\/fr\/wp-json\/wp\/v2\/posts"}],"about":[{"href":"https:\/\/www.europesays.com\/fr\/wp-json\/wp\/v2\/types\/post"}],"author":[{"embeddable":true,"href":"https:\/\/www.europesays.com\/fr\/wp-json\/wp\/v2\/users\/2"}],"replies":[{"embeddable":true,"href":"https:\/\/www.europesays.com\/fr\/wp-json\/wp\/v2\/comments?post=692515"}],"version-history":[{"count":0,"href":"https:\/\/www.europesays.com\/fr\/wp-json\/wp\/v2\/posts\/692515\/revisions"}],"wp:featuredmedia":[{"embeddable":true,"href":"https:\/\/www.europesays.com\/fr\/wp-json\/wp\/v2\/media\/692516"}],"wp:attachment":[{"href":"https:\/\/www.europesays.com\/fr\/wp-json\/wp\/v2\/media?parent=692515"}],"wp:term":[{"taxonomy":"category","embeddable":true,"href":"https:\/\/www.europesays.com\/fr\/wp-json\/wp\/v2\/categories?post=692515"},{"taxonomy":"post_tag","embeddable":true,"href":"https:\/\/www.europesays.com\/fr\/wp-json\/wp\/v2\/tags?post=692515"}],"curies":[{"name":"wp","href":"https:\/\/api.w.org\/{rel}","templated":true}]}}