{"id":692517,"date":"2026-01-27T10:54:09","date_gmt":"2026-01-27T10:54:09","guid":{"rendered":"https:\/\/www.europesays.com\/fr\/692517\/"},"modified":"2026-01-27T10:54:09","modified_gmt":"2026-01-27T10:54:09","slug":"pres-de-rennes-elle-chouchoute-les-animaux-de-compagnie","status":"publish","type":"post","link":"https:\/\/www.europesays.com\/fr\/692517\/","title":{"rendered":"pr\u00e8s de Rennes, elle chouchoute les animaux de compagnie"},"content":{"rendered":"<p>                    Par<br \/>\n        <strong><br \/>\n            <a href=\"https:\/\/actu.fr\/auteur\/redaction-jv\" title=\"Consulter tous les articles de R\u00e9daction Vitr\u00e9\" target=\"_blank\" rel=\"noopener\">R\u00e9daction Vitr\u00e9<\/a><br \/>\n                    <\/strong><\/p>\n<p>        Publi\u00e9 le<\/p>\n<p>            27 janv. 2026 \u00e0 11h49        <\/p>\n<p>\u00c0 <b>Ch\u00e2teaubourg (Ille-et-Vilaine)<\/b>, Isabelle, comportementaliste sp\u00e9cialis\u00e9e dans le comportement des chats, propose des services pour vos animaux de compagnie avec son entreprise <b>Hapymo<\/b>.<\/p>\n<p class=\" wall-content\">En entrant dans la pi\u00e8ce principale de son entreprise Hapymo, situ\u00e9e dans<b> le quartier de la Bretonni\u00e8re \u00e0 Ch\u00e2teaubourg<\/b>, on mesure tout de suite la place prise par l\u2019animal.<\/p>\n<p class=\" wall-content\">En effet, un arbre \u00e0 chat avec de multiples modules tr\u00f4ne pr\u00e8s de la baie vitr\u00e9e. Tr\u00e8s vite, Connor un chat noir et blanc d\u00e9j\u00e0 \u00e2g\u00e9, rentre par une chati\u00e8re. Il avance avec m\u00e9fiance vers le nouveau visiteur.<\/p>\n<p>Une entreprise d\u00e9di\u00e9e au bien-\u00eatre animal<\/p>\n<p class=\" wall-content\">\u00ab\u2009Nous l\u2019avons adopt\u00e9 \u00e0 Rennes. Il avait \u00e9t\u00e9 recueilli par Moustaches &amp; Compagnie, une association qui a pour but de faire adopter des animaux victimes de maltraitance ou abandonn\u00e9s\u2009\u00bb, raconte Isabelle. La jeune trentenaire h\u00e9berge aussi Toutatis, un <b>chat <\/b>noir et invisible pr\u00e9f\u00e9rant la sieste dans un endroit discret.<\/p>\n<p class=\" wall-content\">\u00ab\u2009L\u00e0 ce sont des gamelles ludiques qui obligent le chat \u00e0 travailler pour acc\u00e9der aux croquettes propos\u00e9es\u2009\u00bb, explique Isabelle, qui est clairement passionn\u00e9e par les f\u00e9lins.<\/p>\n<p>Vid\u00e9os : en ce moment sur Actu<\/p>\n<p class=\" wall-content\">Si son int\u00e9r\u00eat va aussi aux <b>chiens<\/b>, il se porte m\u00eame sur les<b> lapins de compagnie<\/b>. Deux sp\u00e9cimens en vadrouille sur la pelouse du jardin en attestent. \u00ab\u2009La cabane constitue leur abri d\u2019o\u00f9 ils peuvent sortir \u00e0 tout moment\u2009\u00bb.<\/p>\n<p>\u00ab\u2009Le bien-\u00eatre de l\u2019animal est ma priorit\u00e9\u2009\u00bb<\/p>\n<p class=\" wall-content\">\u00ab\u2009Dans le nom Hapymo, on trouve une contraction de l\u2019anglais happy (heureux) parce que ma priorit\u00e9 est le bien-\u00eatre de l\u2019animal\u2009\u00bb pr\u00e9cise Isabelle dont l\u2019objectif est d\u2019<b>aider \u00e0 identifier les troubles du chat <\/b>et \u00e0 apporter des solutions pour qu\u2019il (re) trouve un \u00e9quilibre.<\/p>\n<p>Votre r\u00e9gion, votre actu !<\/p>\n<p>Recevez chaque jour les infos qui comptent pour vous.<\/p>\n<p>\t<a href=\"https:\/\/actu.fr\/newsletter\" class=\"ac-btn ac-btn--corner ac-btn--medium ac-btn--blue800\" target=\"_blank\" rel=\"noopener\">S&rsquo;incrire<\/a><\/p>\n<p class=\" wall-content\">Les probl\u00e8mes constat\u00e9s portent sur l\u2019agressivit\u00e9, la malpropret\u00e9 ou encore l\u2019anxi\u00e9t\u00e9.<\/p>\n<blockquote class=\"ac-article-quote wall-content\">\n<p>Il y a des \u00e9tapes de la vie qui peuvent perturber le chat comme un d\u00e9m\u00e9nagement, l\u2019arriv\u00e9e d\u2019un b\u00e9b\u00e9, d\u2019un autre animal.<\/p>\n<\/blockquote>\n<p class=\" wall-content\">Si la pratique d\u2019Isabelle se fonde sur son exp\u00e9rience, elle repose aussi sur une formation universitaire en \u00e9thologie et derni\u00e8rement sur une <b>certification aux soins d\u2019animaux<\/b> pass\u00e9e au CFPPA du Rheu (Centre de formation professionnel et de promotion agricole).<\/p>\n<p>Garde d\u2019animaux \u00e0 domicile<\/p>\n<p class=\" wall-content\">La seconde activit\u00e9 concerne la <b>garde d\u2019animaux de compagnie au domicile des ma\u00eetres<\/b>. \u00ab\u2009Les animaux restent chez eux pour qu\u2019ils gardent leurs rep\u00e8res dans le confort et la s\u00e9r\u00e9nit\u00e9\u2009\u00bb, souligne Isabelle, qui peut se d\u00e9placer dans une zone entre Vitr\u00e9 et Rennes.<\/p>\n<p class=\" wall-content\">Hospitalisations, vacances, week-ends prolong\u00e9s, autant de raisons de faire appel \u00e0 la pet sitter. Elle se charge des repas, du nettoyage des gamelles, de la liti\u00e8re ou des zones sp\u00e9cifiques.<\/p>\n<p class=\" wall-content\">Interactions si l\u2019animal est consentant et sorties dans le jardin (pour chiens et chats ayant l\u2019habitude). Photos et nouvelles peuvent \u00eatre adress\u00e9es \u00e0 chaque visite.<\/p>\n<p>Contact au 06\u200919\u200912\u200916\u200921. Site web\u2009: hapymo.fr.<\/p>\n<p class=\" wall-content\">Personnalisez votre actualit\u00e9 en ajoutant vos villes et m\u00e9dias en favori avec <a href=\"https:\/\/moncompte.actu.fr\" title=\"D\u00e9couvez Mon Actu\" rel=\"nofollow noopener\" data-trk=\"{&quot;cta&quot;:{&quot;action&quot;:&quot;https:\\\/\\\/moncompte.actu.fr&quot;,&quot;category&quot;:&quot;mon compte&quot;,&quot;from&quot;:&quot;article footer&quot;,&quot;name&quot;:&quot;Mon actu&quot;,&quot;type&quot;:&quot;cta&quot;}}\" target=\"_blank\">Mon Actu<\/a>.<\/p>\n","protected":false},"excerpt":{"rendered":"Par R\u00e9daction Vitr\u00e9 Publi\u00e9 le 27 janv. 2026 \u00e0 11h49 \u00c0 Ch\u00e2teaubourg (Ille-et-Vilaine), Isabelle, comportementaliste sp\u00e9cialis\u00e9e dans le&hellip;\n","protected":false},"author":2,"featured_media":692518,"comment_status":"","ping_status":"","sticky":false,"template":"","format":"standard","meta":{"footnotes":""},"categories":[2821],"tags":[1111,11,1867,829,215,1777,674,1011,27,12,584,25,104],"class_list":{"0":"post-692517","1":"post","2":"type-post","3":"status-publish","4":"format-standard","5":"has-post-thumbnail","7":"category-rennes","8":"tag-actu","9":"tag-actualites","10":"tag-animaux","11":"tag-bretagne","12":"tag-commerce","13":"tag-eu","14":"tag-europe","15":"tag-fr","16":"tag-france","17":"tag-news","18":"tag-rennes","19":"tag-republique-francaise","20":"tag-societe"},"share_on_mastodon":{"url":"https:\/\/pubeurope.com\/@fr\/115966696784242158","error":""},"_links":{"self":[{"href":"https:\/\/www.europesays.com\/fr\/wp-json\/wp\/v2\/posts\/692517","targetHints":{"allow":["GET"]}}],"collection":[{"href":"https:\/\/www.europesays.com\/fr\/wp-json\/wp\/v2\/posts"}],"about":[{"href":"https:\/\/www.europesays.com\/fr\/wp-json\/wp\/v2\/types\/post"}],"author":[{"embeddable":true,"href":"https:\/\/www.europesays.com\/fr\/wp-json\/wp\/v2\/users\/2"}],"replies":[{"embeddable":true,"href":"https:\/\/www.europesays.com\/fr\/wp-json\/wp\/v2\/comments?post=692517"}],"version-history":[{"count":0,"href":"https:\/\/www.europesays.com\/fr\/wp-json\/wp\/v2\/posts\/692517\/revisions"}],"wp:featuredmedia":[{"embeddable":true,"href":"https:\/\/www.europesays.com\/fr\/wp-json\/wp\/v2\/media\/692518"}],"wp:attachment":[{"href":"https:\/\/www.europesays.com\/fr\/wp-json\/wp\/v2\/media?parent=692517"}],"wp:term":[{"taxonomy":"category","embeddable":true,"href":"https:\/\/www.europesays.com\/fr\/wp-json\/wp\/v2\/categories?post=692517"},{"taxonomy":"post_tag","embeddable":true,"href":"https:\/\/www.europesays.com\/fr\/wp-json\/wp\/v2\/tags?post=692517"}],"curies":[{"name":"wp","href":"https:\/\/api.w.org\/{rel}","templated":true}]}}