{"id":692523,"date":"2026-01-27T10:57:09","date_gmt":"2026-01-27T10:57:09","guid":{"rendered":"https:\/\/www.europesays.com\/fr\/692523\/"},"modified":"2026-01-27T10:57:09","modified_gmt":"2026-01-27T10:57:09","slug":"les-deux-streamers-nicois-proches-de-jean-pormanove-en-garde-a-vue-ce-que-lon-sait","status":"publish","type":"post","link":"https:\/\/www.europesays.com\/fr\/692523\/","title":{"rendered":"Les deux streamers ni\u00e7ois proches de Jean Pormanove en garde \u00e0 vue, ce que l&rsquo;on sait"},"content":{"rendered":"<p>                    Par<br \/>\n        <strong><br \/>\n            <a href=\"https:\/\/actu.fr\/auteur\/arthur-frand\" title=\"Consulter tous les articles de Arthur Frand\" target=\"_blank\" rel=\"noopener\">Arthur Frand<\/a><br \/>\n                    <\/strong><\/p>\n<p>        Publi\u00e9 le<\/p>\n<p>            27 janv. 2026 \u00e0 11h40<br \/>\n        ; mis \u00e0 jour le 27 janv. 2026 \u00e0 11h42    <\/p>\n<p>Ce mardi 27 janvier 2026 dans la matin\u00e9e, \u00ab\u2009Safine\u2009\u00bb et \u00ab\u2009Narutovie\u2009\u00bb, les deux streamers proches de Rapha\u00ebl Graven, alias Jean Pormanove, <a href=\"https:\/\/actu.fr\/provence-alpes-cote-d-azur\/contes_06048\/pres-de-nice-la-star-de-tiktok-et-twitch-jean-pormanove-retrouve-mort_63049081.html\" target=\"_blank\" rel=\"noopener\">mort en direct sur Kick<\/a> le 18\u00a0ao\u00fbt dernier \u00e0 son domicile de Contes dans les Alpes-Maritimes, ont <strong>\u00e9t\u00e9 plac\u00e9s en garde \u00e0 vue,<\/strong> annonce le procureur de la R\u00e9publique de <a href=\"https:\/\/actu.fr\/nice\/\" target=\"_blank\" rel=\"noopener\">Nice<\/a>\u00a0Damien Martinelli.<\/p>\n<p class=\" wall-content\">Selon le magistrat, ils sont interrog\u00e9s dans le cadre d\u2019<strong>une autre enqu\u00eate<\/strong>, ouverte avant le d\u00e9c\u00e8s de cet homme \u00e0 l\u2019\u00e2ge de 46\u00a0ans. Voici ce que l\u2019on sait.<\/p>\n<p>\u00ab\u2009Violences en r\u00e9union avec arme\u2009\u00bb<\/p>\n<p class=\" wall-content\">Owen Cenazandotti, alias \u00ab\u2009Narutovie\u2009\u00bb, et Safine Hamadi, alias \u00ab\u2009Safine\u2009\u00bb, ont \u00e9t\u00e9 convoqu\u00e9s ce mardi et plac\u00e9s en garde \u00e0 vue par par le SLPJ de Nice des nombreux chefs suivants\u2009: \u00ab<strong>\u2009violences en r\u00e9union<\/strong> sans ITT, violences en r\u00e9union avec arme sans ITT, violences en r\u00e9union avec arme sans ITT sur mineurs de 15\u00a0ans, <strong>violences sur mineur de 15\u00a0an<\/strong>s sans ITT, abus de faiblesse, provocation \u00e0 la haine et \u00e0 la discrimination en raison du handicap, <strong>provocation \u00e0 la haine et \u00e0 la discrimination<\/strong> en raison de l\u2019orientation sexuelle, enregistrement et diffusion d\u2019images de violences\u2009\u00bb.<\/p>\n<p>Les suites d\u2019une enqu\u00eate de d\u00e9cembre\u00a02024<\/p>\n<p class=\" wall-content\">Ce placement en garde \u00e0 vue n\u2019est pas en lien direct avec l\u2019enqu\u00eate ouverte en recherches des causes de la mort apr\u00e8s le d\u00e9c\u00e8s de Rapha\u00ebl Graven en ao\u00fbt dernier. Le procureur de la R\u00e9publique de Nice pr\u00e9cise \u00e0 actu Nice qu\u2019il s\u2019agit de reprises de garde \u00e0 vue dans le cadre de l\u2019enqu\u00eate pr\u00e9liminaire initi\u00e9e en d\u00e9cembre\u00a02024.<\/p>\n<p class=\" wall-content\">En effet, fin 2024, une enqu\u00eate avait \u00e9t\u00e9 ouverte apr\u00e8s la diffusion d\u2019un <a href=\"https:\/\/actu.fr\/provence-alpes-cote-d-azur\/nice_06088\/deux-nicois-epingles-pour-violences-et-humiliations-par-mediapart-de-la-maltraitance_62010217.html\" target=\"_blank\" rel=\"noopener\">article de M\u00e9diapart<\/a>. Ce dernier mettait la lumi\u00e8re sur des vid\u00e9os r\u00e9alis\u00e9es par ces deux influenceurs ni\u00e7ois o\u00f9 certaines <strong>personnes vuln\u00e9rables faisaient l\u2019objet de violences et d\u2019humiliations<\/strong>, parfois m\u00eame encourag\u00e9es par des versements d\u2019argent de spectateurs (viewers).<\/p>\n<p>Interpell\u00e9s puis rel\u00e2ch\u00e9s dans l\u2019affaire Pormanove<\/p>\n<p class=\" wall-content\">Les deux streamers ont \u00e9t\u00e9 tr\u00e8s m\u00e9diatis\u00e9s gr\u00e2ce \u00e0 Rapha\u00ebl Graven, alias Jean Pormanove. Ce dernier avait conquis plus de 600.000 abonn\u00e9es sur Twitch. Ses \u00ab\u2009lives\u2009\u00bb \u00e9taient parfois suivis par plusieurs dizaines de milliers de spectateurs en simultan\u00e9. Son d\u00e9c\u00e8s en pleine nuit dans <strong>des conditions floues en live<\/strong> avait suscit\u00e9 un vif \u00e9moi.<\/p>\n<p class=\" wall-content\">Suspect\u00e9s de maltraitance, les deux streamers \u00ab\u2009Narutovie\u2009\u00bb et \u00ab\u2009Safine\u2009\u00bb avaient \u00e9t\u00e9 interpell\u00e9s puis plac\u00e9s en garde \u00e0 vue par le service local de police judiciaire de Nice en janvier\u00a02025. Les deux hommes \u00e2g\u00e9s de 22 et 26\u00a0ans avaient \u00e9t\u00e9 entendus par les policiers ni\u00e7ois avant d\u2019\u00eatre lib\u00e9r\u00e9s. L\u2019enqu\u00eate \u00e9tait d\u2019ailleurs toujours en cours.<\/p>\n<p class=\" wall-content\">Personnalisez votre actualit\u00e9 en ajoutant vos villes et m\u00e9dias en favori avec <a href=\"https:\/\/moncompte.actu.fr\" title=\"D\u00e9couvez Mon Actu\" rel=\"nofollow noopener\" data-trk=\"{&quot;cta&quot;:{&quot;action&quot;:&quot;https:\\\/\\\/moncompte.actu.fr&quot;,&quot;category&quot;:&quot;mon compte&quot;,&quot;from&quot;:&quot;article footer&quot;,&quot;name&quot;:&quot;Mon actu&quot;,&quot;type&quot;:&quot;cta&quot;}}\" target=\"_blank\">Mon Actu<\/a>.<\/p>\n","protected":false},"excerpt":{"rendered":"Par Arthur Frand Publi\u00e9 le 27 janv. 2026 \u00e0 11h40 ; mis \u00e0 jour le 27 janv. 2026&hellip;\n","protected":false},"author":2,"featured_media":692524,"comment_status":"","ping_status":"","sticky":false,"template":"","format":"standard","meta":{"footnotes":""},"categories":[2819],"tags":[1111,11,1777,674,1011,27,303,12,2401,1072,882,25,938,104],"class_list":{"0":"post-692523","1":"post","2":"type-post","3":"status-publish","4":"format-standard","5":"has-post-thumbnail","7":"category-nice","8":"tag-actu","9":"tag-actualites","10":"tag-eu","11":"tag-europe","12":"tag-fr","13":"tag-france","14":"tag-justice","15":"tag-news","16":"tag-nice","17":"tag-police","18":"tag-provence-alpes-cote-dazur","19":"tag-republique-francaise","20":"tag-reseaux-sociaux","21":"tag-societe"},"share_on_mastodon":{"url":"https:\/\/pubeurope.com\/@fr\/115966708838400901","error":""},"_links":{"self":[{"href":"https:\/\/www.europesays.com\/fr\/wp-json\/wp\/v2\/posts\/692523","targetHints":{"allow":["GET"]}}],"collection":[{"href":"https:\/\/www.europesays.com\/fr\/wp-json\/wp\/v2\/posts"}],"about":[{"href":"https:\/\/www.europesays.com\/fr\/wp-json\/wp\/v2\/types\/post"}],"author":[{"embeddable":true,"href":"https:\/\/www.europesays.com\/fr\/wp-json\/wp\/v2\/users\/2"}],"replies":[{"embeddable":true,"href":"https:\/\/www.europesays.com\/fr\/wp-json\/wp\/v2\/comments?post=692523"}],"version-history":[{"count":0,"href":"https:\/\/www.europesays.com\/fr\/wp-json\/wp\/v2\/posts\/692523\/revisions"}],"wp:featuredmedia":[{"embeddable":true,"href":"https:\/\/www.europesays.com\/fr\/wp-json\/wp\/v2\/media\/692524"}],"wp:attachment":[{"href":"https:\/\/www.europesays.com\/fr\/wp-json\/wp\/v2\/media?parent=692523"}],"wp:term":[{"taxonomy":"category","embeddable":true,"href":"https:\/\/www.europesays.com\/fr\/wp-json\/wp\/v2\/categories?post=692523"},{"taxonomy":"post_tag","embeddable":true,"href":"https:\/\/www.europesays.com\/fr\/wp-json\/wp\/v2\/tags?post=692523"}],"curies":[{"name":"wp","href":"https:\/\/api.w.org\/{rel}","templated":true}]}}