{"id":69254,"date":"2025-05-02T11:51:10","date_gmt":"2025-05-02T11:51:10","guid":{"rendered":"https:\/\/www.europesays.com\/fr\/69254\/"},"modified":"2025-05-02T11:51:10","modified_gmt":"2025-05-02T11:51:10","slug":"un-bout-de-chemin-dali-smith-une-serrure-pour-fil-conducteur-liberation","status":"publish","type":"post","link":"https:\/\/www.europesays.com\/fr\/69254\/","title":{"rendered":"\u00abUn bout de chemin\u00bb d\u2019Ali Smith, une serrure pour fil conducteur \u2013 Lib\u00e9ration"},"content":{"rendered":"<p class=\"sc-ksZaOG ehjQrN text-element\">Jusqu\u2019ici, les choses \u00e9taient relativement claires. Il y avait quatre saisons, et un livre par saison. Dans l\u2019ordre : <a href=\"https:\/\/www.liberation.fr\/livres\/2019\/09\/06\/avec-automne-ali-smith-donne-les-cles-de-la-saison_1749726\/\" target=\"_blank\" rel=\"noopener\" title=\"https:\/\/www.liberation.fr\/livres\/2019\/09\/06\/avec-automne-ali-smith-donne-les-cles-de-la-saison_1749726\/\">Automne<\/a>, <a href=\"https:\/\/www.liberation.fr\/culture\/livres\/ali-smith-le-coeur-a-ses-saisons-20210220_2TXZ27GY7RDGBFRQXJ3NHODR6U\/\" target=\"_blank\" rel=\"noopener\" title=\"https:\/\/www.liberation.fr\/culture\/livres\/ali-smith-le-coeur-a-ses-saisons-20210220_2TXZ27GY7RDGBFRQXJ3NHODR6U\/\">Hiver<\/a>, <a href=\"https:\/\/www.liberation.fr\/culture\/livres\/ali-smith-maitresse-de-saison-20220423_GKCK3CI34FBTZFNTFWZ6UZXQBQ\/\" target=\"_blank\" rel=\"noopener\" title=\"https:\/\/www.liberation.fr\/culture\/livres\/ali-smith-maitresse-de-saison-20220423_GKCK3CI34FBTZFNTFWZ6UZXQBQ\/\">Printemps<\/a> et <a href=\"https:\/\/www.liberation.fr\/culture\/livres\/ali-smith-etre-et-avoir-ete-20230519_BXGS7SMJQVGEZFGTPVIRN4YHKM\/\" target=\"_blank\" rel=\"noopener\" title=\"https:\/\/www.liberation.fr\/culture\/livres\/ali-smith-etre-et-avoir-ete-20230519_BXGS7SMJQVGEZFGTPVIRN4YHKM\/\">Et\u00e9<\/a>. Ainsi donc, nous \u00e9tions arriv\u00e9s au terme du cycle lanc\u00e9 en 2015 par la romanci\u00e8re Ali Smith. Au bout du compte, comme chez Shakespeare, les revenants revenus, la boucle boucl\u00e9e, chacun avait trouv\u00e9 sa chacune (ou chacune sa chacune, ou comme il vous plaira car<\/p>\n","protected":false},"excerpt":{"rendered":"Jusqu\u2019ici, les choses \u00e9taient relativement claires. Il y avait quatre saisons, et un livre par saison. Dans l\u2019ordre&hellip;\n","protected":false},"author":2,"featured_media":69255,"comment_status":"","ping_status":"","sticky":false,"template":"","format":"standard","meta":{"footnotes":""},"categories":[1357],"tags":[1379,10488,58,6609,59,1011,27,1380],"class_list":{"0":"post-69254","1":"post","2":"type-post","3":"status-publish","4":"format-standard","5":"has-post-thumbnail","7":"category-livres","8":"tag-books","9":"tag-cahier-livres","10":"tag-divertissement","11":"tag-ecosse","12":"tag-entertainment","13":"tag-fr","14":"tag-france","15":"tag-livres"},"share_on_mastodon":{"url":"https:\/\/pubeurope.com\/@fr\/114438097153063047","error":""},"_links":{"self":[{"href":"https:\/\/www.europesays.com\/fr\/wp-json\/wp\/v2\/posts\/69254","targetHints":{"allow":["GET"]}}],"collection":[{"href":"https:\/\/www.europesays.com\/fr\/wp-json\/wp\/v2\/posts"}],"about":[{"href":"https:\/\/www.europesays.com\/fr\/wp-json\/wp\/v2\/types\/post"}],"author":[{"embeddable":true,"href":"https:\/\/www.europesays.com\/fr\/wp-json\/wp\/v2\/users\/2"}],"replies":[{"embeddable":true,"href":"https:\/\/www.europesays.com\/fr\/wp-json\/wp\/v2\/comments?post=69254"}],"version-history":[{"count":0,"href":"https:\/\/www.europesays.com\/fr\/wp-json\/wp\/v2\/posts\/69254\/revisions"}],"wp:featuredmedia":[{"embeddable":true,"href":"https:\/\/www.europesays.com\/fr\/wp-json\/wp\/v2\/media\/69255"}],"wp:attachment":[{"href":"https:\/\/www.europesays.com\/fr\/wp-json\/wp\/v2\/media?parent=69254"}],"wp:term":[{"taxonomy":"category","embeddable":true,"href":"https:\/\/www.europesays.com\/fr\/wp-json\/wp\/v2\/categories?post=69254"},{"taxonomy":"post_tag","embeddable":true,"href":"https:\/\/www.europesays.com\/fr\/wp-json\/wp\/v2\/tags?post=69254"}],"curies":[{"name":"wp","href":"https:\/\/api.w.org\/{rel}","templated":true}]}}