{"id":692553,"date":"2026-01-27T11:13:09","date_gmt":"2026-01-27T11:13:09","guid":{"rendered":"https:\/\/www.europesays.com\/fr\/692553\/"},"modified":"2026-01-27T11:13:09","modified_gmt":"2026-01-27T11:13:09","slug":"cycliste-mortellement-percutee-accident-grave-sur-le-rer-a-linfo-a-midi-en-ile-de-france","status":"publish","type":"post","link":"https:\/\/www.europesays.com\/fr\/692553\/","title":{"rendered":"Cycliste mortellement percut\u00e9e, accident grave sur le RER A&#8230; L\u2019info \u00e0 midi en \u00cele-de-France"},"content":{"rendered":"<p>                    Par<br \/>\n        <strong><br \/>\n            <a href=\"https:\/\/actu.fr\/auteur\/redaction-paris\" title=\"Consulter tous les articles de R\u00e9daction Paris\" target=\"_blank\" rel=\"noopener\">R\u00e9daction Paris<\/a><br \/>\n                    <\/strong><\/p>\n<p>        Publi\u00e9 le<\/p>\n<p>            27 janv. 2026 \u00e0 11h51        <\/p>\n<p>Accident grave de voyageur, cycliste renvers\u00e9e\u2026 L\u2019actualit\u00e9 de ce mardi 27 janvier 2026 est lourde. Que s\u2019est-il pass\u00e9 d\u2019autre en \u00cele-de-France ? Voici l\u2019essentiel de l\u2019actualit\u00e9 \u00e0 midi : \u00e0 Paris, une cycliste a \u00e9t\u00e9 mortellement percut\u00e9e par le conducteur d\u2019un camion, dans les Hauts-de-Seine, un accident grave de voyageur a eu lieu sur le RER A et en Essonne, un appel \u00e0 t\u00e9moins a \u00e9t\u00e9 lanc\u00e9.<\/p>\n<p>Les informations \u00e0 retenir ce mardi 27 janvier 2026, \u00e0 midi, en \u00cele-de-France<\/p>\n<p class=\"expresso-item wall-content\"><strong>Essonne. <\/strong><a title=\"Lire l&#039;article\" href=\"https:\/\/actu.fr\/ile-de-france\/boissy-le-sec_91081\/essonne-disparition-inquietante-d-un-homme-de-77-ans-atteint-d-alzheimer-un-appel-a-temoins-lance_63752751.html\" target=\"_blank\" rel=\"noopener\">Disparition inqui\u00e9tante d\u2019un homme de 77 ans atteint d\u2019Alzheimer, un appel \u00e0 t\u00e9moins lanc\u00e9<\/a><br \/>Un retrait\u00e9 souffrant de la maladie d\u2019Alzheimer a disparu pr\u00e8s de Boissy-le-Sec (Essonne) depuis le 22 ou 23 janvier 2026. Un appel \u00e0 t\u00e9moins a \u00e9t\u00e9 lanc\u00e9 pour le retrouver.<\/p>\n<p class=\"expresso-item wall-content\"><strong>Seine-et-Marne. <\/strong><a title=\"Lire l&#039;article\" href=\"https:\/\/actu.fr\/ile-de-france\/fontainebleau_77186\/drame-de-crans-montana-en-seine-et-marne-une-maman-lance-un-appel-a-la-solidarite-pour-les-victimes_63747686.html\" target=\"_blank\" rel=\"noopener\">Drame de Crans-Montana : une maman lance un appel \u00e0 la solidarit\u00e9 pour les victimes<\/a><br \/>Sophie-Anne lance un appel aux habitants et coiffeurs autour de Fontainebleau, pour collecter des m\u00e8ches afin de r\u00e9aliser des perruques pour les victimes de l\u2019incendie en Suisse.<\/p>\n<p class=\"expresso-item wall-content\"><strong>Paris. <\/strong><a title=\"Lire l&#039;article\" href=\"https:\/\/actu.fr\/ile-de-france\/paris_75056\/paris-mort-d-une-cycliste-percutee-par-le-conducteur-d-un-poids-lourd-dans-le-12e-arrondissement_63753396.html\" target=\"_blank\" rel=\"noopener\">Mort d\u2019une cycliste percut\u00e9e par le conducteur d\u2019un poids lourd dans le 12e arrondissement<\/a><br \/>Ce mardi 27 janvier 2026, une cycliste est morte percut\u00e9e par un poids lourd dans le 12e arrondissement de Paris.<\/p>\n<p class=\"expresso-item wall-content\"><strong>Val-de-Marne. <\/strong><a title=\"Lire l&#039;article\" href=\"https:\/\/actu.fr\/ile-de-france\/saint-mande_94067\/ubisoft-le-geant-francais-du-jeu-video-prevoit-jusqu-a-200-suppressions-de-postes-dans-le-val-de-marne_63752663.html\" target=\"_blank\" rel=\"noopener\">Ubisoft : le g\u00e9ant fran\u00e7ais du jeu vid\u00e9o pr\u00e9voit \u00ab\u00a0jusqu\u2019\u00e0 200\u00a0\u00bb suppressions de postes<\/a><br \/>Le g\u00e9ant du jeu vid\u00e9o Ubisoft pr\u00e9voit la suppression de 200 postes \u00e0 son si\u00e8ge de Saint-Mand\u00e9, dans le Val-de-Marne. Les syndicats d\u00e9noncent une situation \u00ab\u202finjuste\u202f\u00bb.<\/p>\n<p class=\"expresso-item wall-content\"><strong>Hauts-de-Seine. <\/strong><a title=\"Lire l&#039;article\" href=\"https:\/\/actu.fr\/faits-divers\/ratp-accident-grave-de-voyageur-sur-le-rer-a-dans-les-hauts-de-seine-le-trafic-en-partie-interrompu_63752781.html\" target=\"_blank\" rel=\"noopener\">RATP. Accident grave de voyageur sur le RER A, le trafic en partie interrompu<\/a><br \/>La circulation est \u00e0 l\u2019arr\u00eat sur une partie du RER A ce mardi 27 janvier 2026 en raison d\u2019un accident grave de voyageur \u00e0 La D\u00e9fense.<\/p>\n<p class=\" wall-content\"><strong>Suivez-nous pour en savoir plus\u2009!<\/strong><br \/>Vous voulez plus d\u2019infos sur l\u2019\u00cele-de-France\u2009? Vous pouvez nous retrouver sur actu \u00cele-de-France. Pour nous suivre sur les r\u00e9seaux sociaux, dans vos d\u00e9partements\u2009:<\/p>\n<p class=\" wall-content\"><strong>Paris<\/strong>\u2009: retrouvez\u00a0actu\u00a0Paris\u00a0sur\u00a0<a href=\"https:\/\/www.facebook.com\/actufr.paris\/\" target=\"_blank\" rel=\"noopener\">Facebook<\/a>\u00a0et\u00a0<a href=\"https:\/\/twitter.com\/actufrparis\" target=\"_blank\" rel=\"noopener\">Twitter<\/a>\u2009;<br \/><strong>Seine-et-Marne<\/strong>\u2009: retrouvez\u00a0La R\u00e9publique de Seine-et-Marne\u00a0(sud) sur\u00a0<a href=\"https:\/\/www.facebook.com\/RepubliqueSeineMarne\/\" target=\"_blank\" rel=\"noopener\">Facebook<\/a>\u00a0et\u00a0<a href=\"https:\/\/twitter.com\/LaRep77\" target=\"_blank\" rel=\"noopener\">Twitter<\/a>\u2009;\u00a0La Marne\u00a0(nord) sur\u00a0<a href=\"https:\/\/www.facebook.com\/journallarmarne\/?__tn__=%2Cd%2CP-R&amp;eid=ARDLZc91LaHbXzDwChLLLQJVMBLx_ABJremTC2-RG0CYvg0f4f8CLvbV5G1Lli4g_6QoXDcKkU1_LX1W\" target=\"_blank\" rel=\"noopener\">Facebook<\/a>\u00a0et\u00a0<a href=\"https:\/\/twitter.com\/JournalLaMarne\" target=\"_blank\" rel=\"noopener\">Twitter<\/a>\u2009; et\u00a0Le Pays Briard\u00a0sur\u00a0<a href=\"https:\/\/www.facebook.com\/LePaysBriard\/?ref=bookmarks\" target=\"_blank\" rel=\"noopener\">Facebook<\/a>\u00a0et\u00a0<a href=\"https:\/\/twitter.com\/LePaysBriard\" target=\"_blank\" rel=\"noopener\">Twitter<\/a>\u2009;<br \/><strong>Yvelines\u2009:<\/strong>\u00a0retrouvez\u00a078actu\u00a0sur\u00a0<a href=\"https:\/\/www.facebook.com\/78actu\/\" target=\"_blank\" rel=\"noopener\">Facebook<\/a>\u00a0et\u00a0<a href=\"https:\/\/x.com\/78actu\">Twitter<\/a>\u2009;<br \/><strong>Essonne\u2009:<\/strong>\u00a0retrouvez\u00a0actu Essonne\u00a0sur\u00a0<a href=\"https:\/\/www.facebook.com\/actuessonne\/?ref=br_rs\" target=\"_blank\" rel=\"noopener\">Facebook<\/a>\u00a0et\u00a0<a href=\"https:\/\/twitter.com\/ActuEssonne\" target=\"_blank\" rel=\"noopener\">Twitter<\/a>\u2009;<br \/><strong>Hauts-de-Seine\u2009:<\/strong>\u00a0retrouvez\u00a0actu\u00a0Hauts-de-Seine\u00a0sur\u00a0<a href=\"https:\/\/www.facebook.com\/actufr.hautsdeseine\/\" target=\"_blank\" rel=\"noopener\">Facebook<\/a>\u00a0et\u00a0<a href=\"https:\/\/twitter.com\/actufr92\" target=\"_blank\" rel=\"noopener\">Twitter<\/a>\u2009;<br \/><strong>Seine-Saint-Denis\u2009:<\/strong>\u00a0retrouvez actu Seine-Saint-Denis sur\u00a0<a href=\"https:\/\/www.facebook.com\/actufr.seinesaintdenis\/\" target=\"_blank\" rel=\"noopener\">Facebook<\/a>\u00a0et\u00a0<a href=\"https:\/\/x.com\/Actufr93\">Twitter<\/a>\u2009;<br \/><strong>Val-de-Marne\u2009:\u00a0<\/strong>retrouvez actu Val-de-Marne sur\u00a0<a href=\"https:\/\/www.facebook.com\/actu94.valdemarne\/\" target=\"_blank\" rel=\"noopener\">Facebook<\/a>\u00a0et\u00a0<a href=\"https:\/\/x.com\/actufr94\">Twitter<\/a>\u2009;<br \/><strong>Val-d\u2019Oise\u2009:\u00a0<\/strong>retrouvez La Gazette du Val-d\u2019Oise sur\u00a0<a href=\"https:\/\/x.com\/actufr94\">Twitter<\/a><\/p>\n<p class=\" wall-content\">Personnalisez votre actualit\u00e9 en ajoutant vos villes et m\u00e9dias en favori avec <a href=\"https:\/\/moncompte.actu.fr\" title=\"D\u00e9couvez Mon Actu\" rel=\"nofollow noopener\" data-trk=\"{&quot;cta&quot;:{&quot;action&quot;:&quot;https:\\\/\\\/moncompte.actu.fr&quot;,&quot;category&quot;:&quot;mon compte&quot;,&quot;from&quot;:&quot;article footer&quot;,&quot;name&quot;:&quot;Mon actu&quot;,&quot;type&quot;:&quot;cta&quot;}}\" target=\"_blank\">Mon Actu<\/a>.<\/p>\n<p>                    <script async src=\"https:\/\/platform.twitter.com\/widgets.js\" charset=\"utf-8\"><\/script><\/p>\n","protected":false},"excerpt":{"rendered":"Par R\u00e9daction Paris Publi\u00e9 le 27 janv. 2026 \u00e0 11h51 Accident grave de voyageur, cycliste renvers\u00e9e\u2026 L\u2019actualit\u00e9 de&hellip;\n","protected":false},"author":2,"featured_media":692554,"comment_status":"","ping_status":"","sticky":false,"template":"","format":"standard","meta":{"footnotes":""},"categories":[1888],"tags":[7757,1111,1928,11,1927,1777,674,1011,27,12,1926,626,1925,25,18068,104,3400],"class_list":{"0":"post-692553","1":"post","2":"type-post","3":"status-publish","4":"format-standard","5":"has-post-thumbnail","7":"category-paris","8":"tag-accident-grave-de-voyageur","9":"tag-actu","10":"tag-actu-paris","11":"tag-actualites","12":"tag-actualites-paris","13":"tag-eu","14":"tag-europe","15":"tag-fr","16":"tag-france","17":"tag-news","18":"tag-news-paris","19":"tag-paris","20":"tag-paris-news","21":"tag-republique-francaise","22":"tag-rer-a","23":"tag-societe","24":"tag-solidarite"},"share_on_mastodon":{"url":"https:\/\/pubeurope.com\/@fr\/115966771522278850","error":""},"_links":{"self":[{"href":"https:\/\/www.europesays.com\/fr\/wp-json\/wp\/v2\/posts\/692553","targetHints":{"allow":["GET"]}}],"collection":[{"href":"https:\/\/www.europesays.com\/fr\/wp-json\/wp\/v2\/posts"}],"about":[{"href":"https:\/\/www.europesays.com\/fr\/wp-json\/wp\/v2\/types\/post"}],"author":[{"embeddable":true,"href":"https:\/\/www.europesays.com\/fr\/wp-json\/wp\/v2\/users\/2"}],"replies":[{"embeddable":true,"href":"https:\/\/www.europesays.com\/fr\/wp-json\/wp\/v2\/comments?post=692553"}],"version-history":[{"count":0,"href":"https:\/\/www.europesays.com\/fr\/wp-json\/wp\/v2\/posts\/692553\/revisions"}],"wp:featuredmedia":[{"embeddable":true,"href":"https:\/\/www.europesays.com\/fr\/wp-json\/wp\/v2\/media\/692554"}],"wp:attachment":[{"href":"https:\/\/www.europesays.com\/fr\/wp-json\/wp\/v2\/media?parent=692553"}],"wp:term":[{"taxonomy":"category","embeddable":true,"href":"https:\/\/www.europesays.com\/fr\/wp-json\/wp\/v2\/categories?post=692553"},{"taxonomy":"post_tag","embeddable":true,"href":"https:\/\/www.europesays.com\/fr\/wp-json\/wp\/v2\/tags?post=692553"}],"curies":[{"name":"wp","href":"https:\/\/api.w.org\/{rel}","templated":true}]}}